{"id":656,"date":"2021-04-14T11:56:44","date_gmt":"2021-04-14T09:56:44","guid":{"rendered":"https:\/\/centrumzaburzenodzywiania.pl\/strefaspecjalisty\/?p=656"},"modified":"2026-01-12T08:38:40","modified_gmt":"2026-01-12T07:38:40","slug":"arfid-czym-wyroznia-sie-na-tle-innych-zaburzen-odzywiania","status":"publish","type":"post","link":"https:\/\/centrumzaburzenodzywiania.pl\/strefaspecjalisty\/arfid-czym-wyroznia-sie-na-tle-innych-zaburzen-odzywiania\/","title":{"rendered":"ARFID \u2013 czym wyr\u00f3\u017cnia si\u0119 na tle innych zaburze\u0144 od\u017cywiania?"},"content":{"rendered":"\n<p>TEKST: <strong>BARBARA BEDNARCZUK<\/strong>, cz\u0142onkini <a href=\"https:\/\/www.facebook.com\/SKN.PONAD\">Ko\u0142a Naukowego Psychologii i Psychodietetyki PONAD<\/a><\/p>\n\n\n\n<p><strong>ARFID (Avoidant\/Restrictive Food Disorder), czyli zaburzenie polegaj\u0105ce na ograniczeniu lub unikaniu pokarm\u00f3w, zosta\u0142o po raz pierwszy uj\u0119te w 2013 roku klasyfikacji chor\u00f3b DSM-V (Diagnostic and Statistical Manual of Mental Disorder) (1). Co ciekawe, ARFID stanowi rozszerzenia zaburze\u0144 od\u017cywiania w niemowl\u0119ctwie i wczesnym dzieci\u0144stwie, prezentowanym we wcze\u015bniejszej wersji (DSM-IV), gdy\u017c nie jest ju\u017c zaw\u0119\u017cona tylko do dzieci w wieku 6 lat i m\u0142odszych. Stworzenie nowej jednostki nosologicznej pozwoli\u0142o na \u0142atwiejsz\u0105 diagnoz\u0119 pacjent\u00f3w cierpi\u0105cych na zaburzenia od\u017cywiania nie zwi\u0105zanych z obrazem cia\u0142a w ka\u017cdym wieku (2).<\/strong><\/p>\n\n\n\n<p>Opis ARFID wed\u0142ug DSM-V jest widoczny poni\u017cej. G\u0142\u00f3wne obszary symptom\u00f3w ARFID prezentuj\u0105 si\u0119 nast\u0119puj\u0105co (1):<\/p>\n\n\n\n<p>1) Brak zainteresowania jedzeniem (pomijanie posi\u0142k\u00f3w, ma\u0142a ilo\u015b\u0107 jedzenia)<\/p>\n\n\n\n<p>2) Wra\u017cliwo\u015b\u0107 sensoryczna (np. unikanie owoc\u00f3w, warzyw)<\/p>\n\n\n\n<p>3) L\u0119k przed wyst\u0105pieniem nieprzewidzianych konsekwencji (takich jak d\u0142awienie si\u0119, krztuszenie, wymiotowanie)<\/p>\n\n\n\n<figure class=\"wp-block-table\"><table class=\"has-fixed-layout\"><tbody><tr><td>DSM-V&nbsp;<\/td><\/tr><tr><td>Zaburzenia jedzenia lub karmienia (brak zainteresowania jedzeniem, unikanie jedzenia na podstawie jego pewnych cech np. Tekstury czy koloru, obawa przed awersyjnymi konsekwencjami jedzenia), objawiaj\u0105ce si\u0119 uporczywym brakiem odpowiedniego od\u017cywiania, zwi\u0105zane z\u2004jednym (lub wi\u0119cej) z\u2004poni\u017cszych:znacz\u0105ca utrata masy cia\u0142a (lub nieosi\u0105gni\u0119cie oczekiwanego przyrostu masy cia\u0142a lub os\u0142abienie wzrostu dzieci),znacz\u0105ce niedobory \u017cywieniowe,zale\u017cno\u015b\u0107 od \u017cywienia dojelitowego lub doustnych suplement\u00f3w diety,wyra\u017ana zmiana w\u2004funkcjonowaniu psychospo\u0142ecznym,&nbsp;zak\u0142\u00f3ce\u0144 nie mo\u017cna t\u0142umaczy\u0107 brakiem dost\u0119pnej \u017cywno\u015bci lub uwarunkowaniami kulturowymi,zaburzenia od\u017cywiania nie wyst\u0119puj\u0105 wy\u0142\u0105cznie w\u2004przebiegu jad\u0142owstr\u0119tu psychicznego lub bulimii i\u2004nie ma dowod\u00f3w na to, \u017ce do\u015bwiadcza si\u0119 masy cia\u0142a lub kszta\u0142tu,zaburzenia nie mo\u017cna przypisa\u0107 wsp\u00f3\u0142istniej\u0105cym schorzeniom ani nie mo\u017cna go lepiej wyja\u015bni\u0107 innym zaburzeniem psychicznym<\/td><\/tr><tr><td><em>\u0179r\u00f3d\u0142o: DSM-5. Diagnostic and Statistical Manual of Mental Disorders. American Psychiatric Association<\/em><\/td><\/tr><\/tbody><\/table><\/figure>\n\n\n\n<h2 class=\"wp-block-heading\">Dowiedz si\u0119 wi\u0119cej, kiedy szuka\u0107 specjalisty i c<strong>o robi\u0107, gdy Twoje dziecko boi si\u0119 pr\u00f3bowa\u0107 nowego jedzenia!<\/strong><\/h2>\n\n\n\n<h2 class=\"wp-block-heading\">Podaruj sobie kompleksowy kurs on-line SPOS\u00d3B NA NIEJADKA. NIEZB\u0118DNIK RODZICA<\/h2>\n\n\n\n<h2 class=\"wp-block-heading\"><a href=\"https:\/\/lp.centrumzaburzenodzywiania.pl\/kurs_niejadek\">CHC\u0118 KUPI\u0106 KURS<\/a><\/h2>\n\n\n\n<p><strong>Niedobory spowodowane ARFID<\/strong><\/p>\n\n\n\n<p>P\u00f3\u017ana diagnoza ARFID mo\u017ce skutkowa\u0107 wyst\u0105pieniem niedobor\u00f3w witamin oraz sk\u0142adnik\u00f3w mineralnych spowodowanych selektywn\u0105 diet\u0105 (3). Yule S i wsp. (2020) por\u00f3wnali 76 przypadk\u00f3w os\u00f3b z symptomami tego zaburzenia, w wyniku czego odkryli, \u017ce a\u017c 70% wszystkich pacjent\u00f3w cierpia\u0142o z powodu szkorbutu, wyst\u0119puj\u0105cego jako konsekwencja niedoboru witaminy C (4). Z kolei niedobory witaminy A dotyczy\u0142y 17 % badanych, co skutkowa\u0142o schorzeniami narz\u0105du wzroku.&nbsp; W\u015br\u00f3d innych niedoborowych sk\u0142adnik\u00f3w od\u017cywczych znalaz\u0142y si\u0119 tak\u017ce tiamina, niezb\u0119dna w prawid\u0142owym funkcjonowaniu m. in. uk\u0142adu nerwowego, witamina B12, obecna tylko w produktach pochodzenia zwierz\u0119cego oraz witamina D, kt\u00f3rej niedobory s\u0105 powszechne w ca\u0142ej populacji polskiej (4).&nbsp; W badaniu Schmidt R. i wsp. (2021) wykazano, \u017ce w grupie 20 pacjent\u00f3w w wieku do 17 lat, cierpi\u0105cych na zaburzenie ARFID pokryto 20-30% zapotrzebowania na nast\u0119puj\u0105ce makrosk\u0142adniki: B12, K oraz cynk, \u017celazo oraz potas (5).<\/p>\n\n\n\n<p><strong>W grupie ryzyka<\/strong><\/p>\n\n\n\n<p>Niedawne rozpoznanie ARFID jako nowej jednostki chorobowej sprawi\u0142o, \u017ce wci\u0105\u017c potrzebne jest wi\u0119cej bada\u0144 nad szacowaniem czynnik\u00f3w ryzyka. Do grupy pacjent\u00f3w szczeg\u00f3lnie nara\u017conych na wyst\u0105pienie tego zaburzenia nale\u017c\u0105 (6):<\/p>\n\n\n\n<p>1) Osoby zmagaj\u0105ce si\u0119 z zaburzeniami ze spektrum autyzmu, a tak\u017ce z ADHD lub zaburzeniami intelektualnymi.<\/p>\n\n\n\n<p>2) Dzieci, kt\u00f3re s\u0105 charakteryzowane cz\u0119sto jako \u201cniejadki\u201d, gdy\u017c wykluczaj\u0105 z diety bardzo du\u017co produkt\u00f3w z r\u00f3\u017cnych grup, nie zmieniaj\u0105 swoich nawyk\u00f3w \u017cywieniowych przez d\u0142ugi czas.<\/p>\n\n\n\n<p>3) Osoby cierpi\u0105ce na zaburzenia l\u0119kowe, m. in. neofobi\u0105 \u017cywieniow\u0105 lub emetofobi\u0105 (l\u0119kiem przed wymiotowaniem lub przebywaniem w pobli\u017cu os\u00f3b wymiotuj\u0105cych.<\/p>\n\n\n\n<p><strong>Leczenie ARFID<\/strong><\/p>\n\n\n\n<p>Pacjent cierpi\u0105cy na ARFID powinien zosta\u0107 obj\u0119ty holistyczn\u0105 opiek\u0105 medyczn\u0105, sprawowan\u0105 przez psychologa, dietetyka (szczeg\u00f3lnie w przypadku wyst\u0119powania powa\u017cnych niedobor\u00f3w) oraz lekarza (monitorowanie fizycznego stanu zdrowia). Nie zawsze jest mo\u017cliwe doprowadzenie danej osoby do stanu, w kt\u00f3rym nie b\u0119dzie unika\u0107 lub ogranicza\u0107 produkt\u00f3w spo\u017cywczych. Najwa\u017cniejszy aspekt dotyczy minimalizowania ryzyka zwi\u0105zanego z niedo\u017cywieniem, polegaj\u0105cy cz\u0119sto na pracy z l\u0119kiem odczuwanym przez pacjenta oraz wprowadzaniem zmian behawioralnych (7).&nbsp;<\/p>\n\n\n\n<p><strong>Konkluzja na przysz\u0142o\u015b\u0107<\/strong><\/p>\n\n\n\n<p>ARFID, jako stosunkowo niedawno rozpoznawane zaburzenie, jest dowodem poczynionego rozwoju w mo\u017cliwo\u015bciach leczenia pacjent\u00f3w cierpi\u0105cych na zaburzenia od\u017cywiania. Dok\u0142adniejsze zbadanie tego zaburzenia oraz interdyscyplinarno\u015b\u0107 wsp\u00f3\u0142czesnej medycyny niesie za sob\u0105 mo\u017cliwo\u015b\u0107 skutecznej poprawy funkcjonowania pacjenta.<\/p>\n\n\n\n<p>Artyku\u0142 zosta\u0142 sporz\u0105dzony we wsp\u00f3\u0142pracy z Og\u00f3lnopolskim Centrum Zaburze\u0144 Od\u017cywiania z Kongresem Pediatryczno-\u017bywieniowym, kt\u00f3rego g\u0142\u00f3wn\u0105 tematyk\u0105 b\u0119d\u0105 zaburzenia psychologiczne i psychiatryczne dzieci oraz m\u0142odzie\u017cy i wskazanie mo\u017cliwo\u015bci wsparcia prewencji b\u0105d\u017a leczenia tych chor\u00f3b za pomoc\u0105 odpowiedniego od\u017cywiania.<\/p>\n\n\n\n<p><strong>Informacje o kongresie znajdziesz na stronie: <a href=\"https:\/\/kongres.eletive.pl\">https:\/\/kongres.eletive.pl<\/a><\/strong><\/p>\n\n\n\n<p>Bibliografia:<\/p>\n\n\n\n<ol class=\"wp-block-list\">\n<li><a href=\"https:\/\/forumpediatrii.pl\/artykul\/arfid-zaburzenia-odzywania\">https:\/\/forumpediatrii.pl\/artykul\/arfid-zaburzenia-odzywania<\/a>, dost\u0119p na dzie\u0144 02.04.21<\/li>\n\n\n\n<li>Zimmerman J, Fisher M. Avoidant\/Restrictive Food Intake Disorder (ARFID). Curr Probl Pediatr Adolesc Health Care. 2017 Apr;47(4):95-103. doi: 10.1016\/j.cppeds.2017.02.005.\u00a0<\/li>\n\n\n\n<li>Benezech S, Hartmann C, Morfin D, Bertrand Y, Domenech C. Is it leukemia, doctor? No, it&#8217;s scurvy induced by an ARFID! Eur J Clin Nutr. 2020 Aug;74(8):1247-1249. doi: 10.1038\/s41430-020-0640-5. Epub 2020 Apr 20.\u00a0<\/li>\n\n\n\n<li>Yule S, Wanik J, Holm EM, Bruder MB, Shanley E, Sherman CQ, Fitterman M, Lerner J, Marcello M, Parenchuck N, Roman-White C, Ziff M. Nutritional Deficiency Disease Secondary to ARFID Symptoms Associated with Autism and the Broad Autism Phenotype: A Qualitative Systematic Review of Case Reports and Case Series. J Acad Nutr Diet. 2021 Mar;121(3):467-492. doi: 10.1016\/j.jand.2020.10.017. Epub 2020 Nov 19. PMID: 33221247.<\/li>\n\n\n\n<li>Schmidt R, Hiemisch A, Kiess W, von Klitzing K, Schlensog-Schuster F, Hilbert A. Macro- and Micronutrient Intake in Children with Avoidant\/Restrictive Food Intake Disorder. Nutrients. 2021 Jan 27;13(2):400. doi: 10.3390\/nu13020400. PMID: 33513954; PMCID: PMC7911718.<\/li>\n\n\n\n<li><a href=\"https:\/\/www.nationaleatingdisorders.org\/learn\/by-eating-disorder\/arfid\">https:\/\/www.nationaleatingdisorders.org\/learn\/by-eating-disorder\/arfid<\/a>, dost\u0119p na dzie\u0144 02.04.21<\/li>\n\n\n\n<li>Bryant \u2013 Waught, R., Avoidant Restrictive Food Intake Disorder: An illustrative Case Example, International Journal of Eating Disorders, 2013, 46 (5), 420 \u2013 423<\/li>\n<\/ol>\n\n\n\n<p>Photo by <a href=\"https:\/\/unsplash.com\/@kerenfedida?utm_source=unsplash&amp;utm_medium=referral&amp;utm_content=creditCopyText\">Keren Fedida<\/a> on <a href=\"https:\/\/unsplash.com\/?utm_source=unsplash&amp;utm_medium=referral&amp;utm_content=creditCopyText\">Unsplash<\/a><\/p>\n","protected":false},"excerpt":{"rendered":"<p>TEKST: BARBARA BEDNARCZUK, cz\u0142onkini Ko\u0142a Naukowego Psychologii i Psychodietetyki PONAD ARFID (Avoidant\/Restrictive Food Disorder), czyli zaburzenie polegaj\u0105ce na ograniczeniu lub unikaniu pokarm\u00f3w, zosta\u0142o po raz pierwszy uj\u0119te w 2013 roku klasyfikacji chor\u00f3b DSM-V (Diagnostic and Statistical Manual of Mental Disorder) (1). Co ciekawe, ARFID stanowi rozszerzenia zaburze\u0144 od\u017cywiania w niemowl\u0119ctwie i wczesnym dzieci\u0144stwie, prezentowanym we [&hellip;]<\/p>\n","protected":false},"author":3,"featured_media":658,"comment_status":"closed","ping_status":"closed","sticky":false,"template":"","format":"standard","meta":{"_acf_changed":false,"inline_featured_image":false,"footnotes":""},"categories":[2],"tags":[],"class_list":["post-656","post","type-post","status-publish","format-standard","has-post-thumbnail","hentry","category-blog"],"acf":[],"yoast_head":"<!-- This site is optimized with the Yoast SEO plugin v27.4 - https:\/\/yoast.com\/product\/yoast-seo-wordpress\/ -->\n<title>ARFID \u2013 czym wyr\u00f3\u017cnia si\u0119 na tle innych zaburze\u0144 od\u017cywiania? - Strefa Specjalisty - Og\u00f3lnopolskie Centrum Zaburze\u0144 Od\u017cywiania<\/title>\n<meta name=\"description\" content=\"Dowiedz si\u0119, czym jest ARFID i jakie s\u0105 jego charakterystyki, a tak\u017ce czym r\u00f3\u017cni si\u0119 od innych zaburze\u0144 od\u017cywiania.\" \/>\n<meta name=\"robots\" content=\"index, follow, max-snippet:-1, max-image-preview:large, max-video-preview:-1\" \/>\n<link rel=\"canonical\" href=\"https:\/\/centrumzaburzenodzywiania.pl\/strefaspecjalisty\/arfid-czym-wyroznia-sie-na-tle-innych-zaburzen-odzywiania\/\" \/>\n<meta property=\"og:locale\" content=\"pl_PL\" \/>\n<meta property=\"og:type\" content=\"article\" \/>\n<meta property=\"og:title\" content=\"ARFID \u2013 czym wyr\u00f3\u017cnia si\u0119 na tle innych zaburze\u0144 od\u017cywiania? - Strefa Specjalisty - Og\u00f3lnopolskie Centrum Zaburze\u0144 Od\u017cywiania\" \/>\n<meta property=\"og:description\" content=\"Dowiedz si\u0119, czym jest ARFID i jakie s\u0105 jego charakterystyki, a tak\u017ce czym r\u00f3\u017cni si\u0119 od innych zaburze\u0144 od\u017cywiania.\" \/>\n<meta property=\"og:url\" content=\"https:\/\/centrumzaburzenodzywiania.pl\/strefaspecjalisty\/arfid-czym-wyroznia-sie-na-tle-innych-zaburzen-odzywiania\/\" \/>\n<meta property=\"og:site_name\" content=\"Strefa Specjalisty - Og\u00f3lnopolskie Centrum Zaburze\u0144 Od\u017cywiania\" \/>\n<meta property=\"article:published_time\" content=\"2021-04-14T09:56:44+00:00\" \/>\n<meta property=\"article:modified_time\" content=\"2026-01-12T07:38:40+00:00\" \/>\n<meta property=\"og:image\" content=\"https:\/\/centrumzaburzenodzywiania.pl\/strefaspecjalisty\/wp-content\/uploads\/2021\/04\/keren-fedida-YtvItJoIREk-unsplash-scaled.jpg\" \/>\n\t<meta property=\"og:image:width\" content=\"2560\" \/>\n\t<meta property=\"og:image:height\" content=\"1707\" \/>\n\t<meta property=\"og:image:type\" content=\"image\/jpeg\" \/>\n<meta name=\"author\" content=\"Monika Piotrowska\" \/>\n<meta name=\"twitter:card\" content=\"summary_large_image\" \/>\n<meta name=\"twitter:label1\" content=\"Napisane przez\" \/>\n\t<meta name=\"twitter:data1\" content=\"Monika Piotrowska\" \/>\n\t<meta name=\"twitter:label2\" content=\"Szacowany czas czytania\" \/>\n\t<meta name=\"twitter:data2\" content=\"6 minut\" \/>\n<script type=\"application\/ld+json\" class=\"yoast-schema-graph\">{\"@context\":\"https:\\\/\\\/schema.org\",\"@graph\":[{\"@type\":\"Article\",\"@id\":\"https:\\\/\\\/centrumzaburzenodzywiania.pl\\\/strefaspecjalisty\\\/arfid-czym-wyroznia-sie-na-tle-innych-zaburzen-odzywiania\\\/#article\",\"isPartOf\":{\"@id\":\"https:\\\/\\\/centrumzaburzenodzywiania.pl\\\/strefaspecjalisty\\\/arfid-czym-wyroznia-sie-na-tle-innych-zaburzen-odzywiania\\\/\"},\"author\":{\"name\":\"Monika Piotrowska\",\"@id\":\"https:\\\/\\\/centrumzaburzenodzywiania.pl\\\/strefaspecjalisty\\\/#\\\/schema\\\/person\\\/4bb57bd5e4bd7d5f41cee36db68e8395\"},\"headline\":\"ARFID \u2013 czym wyr\u00f3\u017cnia si\u0119 na tle innych zaburze\u0144 od\u017cywiania?\",\"datePublished\":\"2021-04-14T09:56:44+00:00\",\"dateModified\":\"2026-01-12T07:38:40+00:00\",\"mainEntityOfPage\":{\"@id\":\"https:\\\/\\\/centrumzaburzenodzywiania.pl\\\/strefaspecjalisty\\\/arfid-czym-wyroznia-sie-na-tle-innych-zaburzen-odzywiania\\\/\"},\"wordCount\":1037,\"publisher\":{\"@id\":\"https:\\\/\\\/centrumzaburzenodzywiania.pl\\\/strefaspecjalisty\\\/#organization\"},\"image\":{\"@id\":\"https:\\\/\\\/centrumzaburzenodzywiania.pl\\\/strefaspecjalisty\\\/arfid-czym-wyroznia-sie-na-tle-innych-zaburzen-odzywiania\\\/#primaryimage\"},\"thumbnailUrl\":\"https:\\\/\\\/centrumzaburzenodzywiania.pl\\\/strefaspecjalisty\\\/wp-content\\\/uploads\\\/2021\\\/04\\\/keren-fedida-YtvItJoIREk-unsplash-scaled.jpg\",\"articleSection\":[\"Blog\"],\"inLanguage\":\"pl-PL\"},{\"@type\":\"WebPage\",\"@id\":\"https:\\\/\\\/centrumzaburzenodzywiania.pl\\\/strefaspecjalisty\\\/arfid-czym-wyroznia-sie-na-tle-innych-zaburzen-odzywiania\\\/\",\"url\":\"https:\\\/\\\/centrumzaburzenodzywiania.pl\\\/strefaspecjalisty\\\/arfid-czym-wyroznia-sie-na-tle-innych-zaburzen-odzywiania\\\/\",\"name\":\"ARFID \u2013 czym wyr\u00f3\u017cnia si\u0119 na tle innych zaburze\u0144 od\u017cywiania? - Strefa Specjalisty - Og\u00f3lnopolskie Centrum Zaburze\u0144 Od\u017cywiania\",\"isPartOf\":{\"@id\":\"https:\\\/\\\/centrumzaburzenodzywiania.pl\\\/strefaspecjalisty\\\/#website\"},\"primaryImageOfPage\":{\"@id\":\"https:\\\/\\\/centrumzaburzenodzywiania.pl\\\/strefaspecjalisty\\\/arfid-czym-wyroznia-sie-na-tle-innych-zaburzen-odzywiania\\\/#primaryimage\"},\"image\":{\"@id\":\"https:\\\/\\\/centrumzaburzenodzywiania.pl\\\/strefaspecjalisty\\\/arfid-czym-wyroznia-sie-na-tle-innych-zaburzen-odzywiania\\\/#primaryimage\"},\"thumbnailUrl\":\"https:\\\/\\\/centrumzaburzenodzywiania.pl\\\/strefaspecjalisty\\\/wp-content\\\/uploads\\\/2021\\\/04\\\/keren-fedida-YtvItJoIREk-unsplash-scaled.jpg\",\"datePublished\":\"2021-04-14T09:56:44+00:00\",\"dateModified\":\"2026-01-12T07:38:40+00:00\",\"description\":\"Dowiedz si\u0119, czym jest ARFID i jakie s\u0105 jego charakterystyki, a tak\u017ce czym r\u00f3\u017cni si\u0119 od innych zaburze\u0144 od\u017cywiania.\",\"breadcrumb\":{\"@id\":\"https:\\\/\\\/centrumzaburzenodzywiania.pl\\\/strefaspecjalisty\\\/arfid-czym-wyroznia-sie-na-tle-innych-zaburzen-odzywiania\\\/#breadcrumb\"},\"inLanguage\":\"pl-PL\",\"potentialAction\":[{\"@type\":\"ReadAction\",\"target\":[\"https:\\\/\\\/centrumzaburzenodzywiania.pl\\\/strefaspecjalisty\\\/arfid-czym-wyroznia-sie-na-tle-innych-zaburzen-odzywiania\\\/\"]}]},{\"@type\":\"ImageObject\",\"inLanguage\":\"pl-PL\",\"@id\":\"https:\\\/\\\/centrumzaburzenodzywiania.pl\\\/strefaspecjalisty\\\/arfid-czym-wyroznia-sie-na-tle-innych-zaburzen-odzywiania\\\/#primaryimage\",\"url\":\"https:\\\/\\\/centrumzaburzenodzywiania.pl\\\/strefaspecjalisty\\\/wp-content\\\/uploads\\\/2021\\\/04\\\/keren-fedida-YtvItJoIREk-unsplash-scaled.jpg\",\"contentUrl\":\"https:\\\/\\\/centrumzaburzenodzywiania.pl\\\/strefaspecjalisty\\\/wp-content\\\/uploads\\\/2021\\\/04\\\/keren-fedida-YtvItJoIREk-unsplash-scaled.jpg\",\"width\":2560,\"height\":1707,\"caption\":\"ARFID\"},{\"@type\":\"BreadcrumbList\",\"@id\":\"https:\\\/\\\/centrumzaburzenodzywiania.pl\\\/strefaspecjalisty\\\/arfid-czym-wyroznia-sie-na-tle-innych-zaburzen-odzywiania\\\/#breadcrumb\",\"itemListElement\":[{\"@type\":\"ListItem\",\"position\":1,\"name\":\"Strona g\u0142\u00f3wna\",\"item\":\"https:\\\/\\\/centrumzaburzenodzywiania.pl\\\/strefaspecjalisty\\\/\"},{\"@type\":\"ListItem\",\"position\":2,\"name\":\"ARFID \u2013 czym wyr\u00f3\u017cnia si\u0119 na tle innych zaburze\u0144 od\u017cywiania?\"}]},{\"@type\":\"WebSite\",\"@id\":\"https:\\\/\\\/centrumzaburzenodzywiania.pl\\\/strefaspecjalisty\\\/#website\",\"url\":\"https:\\\/\\\/centrumzaburzenodzywiania.pl\\\/strefaspecjalisty\\\/\",\"name\":\"Strefa Specjalisty - Og\u00f3lnopolskie Centrum Zaburze\u0144 Od\u017cywiania\",\"description\":\"Strefa Specjalisty - Og\u00f3lnopolskie Centrum Zaburze\u0144 Od\u017cywiania\",\"publisher\":{\"@id\":\"https:\\\/\\\/centrumzaburzenodzywiania.pl\\\/strefaspecjalisty\\\/#organization\"},\"potentialAction\":[{\"@type\":\"SearchAction\",\"target\":{\"@type\":\"EntryPoint\",\"urlTemplate\":\"https:\\\/\\\/centrumzaburzenodzywiania.pl\\\/strefaspecjalisty\\\/?s={search_term_string}\"},\"query-input\":{\"@type\":\"PropertyValueSpecification\",\"valueRequired\":true,\"valueName\":\"search_term_string\"}}],\"inLanguage\":\"pl-PL\"},{\"@type\":\"Organization\",\"@id\":\"https:\\\/\\\/centrumzaburzenodzywiania.pl\\\/strefaspecjalisty\\\/#organization\",\"name\":\"Strefa Specjalisty - Og\u00f3lnopolskie Centrum Zaburze\u0144 Od\u017cywiania\",\"url\":\"https:\\\/\\\/centrumzaburzenodzywiania.pl\\\/strefaspecjalisty\\\/\",\"logo\":{\"@type\":\"ImageObject\",\"inLanguage\":\"pl-PL\",\"@id\":\"https:\\\/\\\/centrumzaburzenodzywiania.pl\\\/strefaspecjalisty\\\/#\\\/schema\\\/logo\\\/image\\\/\",\"url\":\"https:\\\/\\\/centrumzaburzenodzywiania.pl\\\/strefaspecjalisty\\\/wp-content\\\/uploads\\\/2025\\\/11\\\/logo.png\",\"contentUrl\":\"https:\\\/\\\/centrumzaburzenodzywiania.pl\\\/strefaspecjalisty\\\/wp-content\\\/uploads\\\/2025\\\/11\\\/logo.png\",\"width\":141,\"height\":54,\"caption\":\"Strefa Specjalisty - Og\u00f3lnopolskie Centrum Zaburze\u0144 Od\u017cywiania\"},\"image\":{\"@id\":\"https:\\\/\\\/centrumzaburzenodzywiania.pl\\\/strefaspecjalisty\\\/#\\\/schema\\\/logo\\\/image\\\/\"}},{\"@type\":\"Person\",\"@id\":\"https:\\\/\\\/centrumzaburzenodzywiania.pl\\\/strefaspecjalisty\\\/#\\\/schema\\\/person\\\/4bb57bd5e4bd7d5f41cee36db68e8395\",\"name\":\"Monika Piotrowska\",\"image\":{\"@type\":\"ImageObject\",\"inLanguage\":\"pl-PL\",\"@id\":\"https:\\\/\\\/secure.gravatar.com\\\/avatar\\\/f10ad2822576477d416c760a199900e38d61b307c4b95b8675199d3e39a811b3?s=96&d=mm&r=g\",\"url\":\"https:\\\/\\\/secure.gravatar.com\\\/avatar\\\/f10ad2822576477d416c760a199900e38d61b307c4b95b8675199d3e39a811b3?s=96&d=mm&r=g\",\"contentUrl\":\"https:\\\/\\\/secure.gravatar.com\\\/avatar\\\/f10ad2822576477d416c760a199900e38d61b307c4b95b8675199d3e39a811b3?s=96&d=mm&r=g\",\"caption\":\"Monika Piotrowska\"},\"url\":\"https:\\\/\\\/centrumzaburzenodzywiania.pl\\\/strefaspecjalisty\\\/author\\\/piotrowska1monikagmail-com\\\/\"}]}<\/script>\n<!-- \/ Yoast SEO plugin. -->","yoast_head_json":{"title":"ARFID \u2013 czym wyr\u00f3\u017cnia si\u0119 na tle innych zaburze\u0144 od\u017cywiania? - Strefa Specjalisty - Og\u00f3lnopolskie Centrum Zaburze\u0144 Od\u017cywiania","description":"Dowiedz si\u0119, czym jest ARFID i jakie s\u0105 jego charakterystyki, a tak\u017ce czym r\u00f3\u017cni si\u0119 od innych zaburze\u0144 od\u017cywiania.","robots":{"index":"index","follow":"follow","max-snippet":"max-snippet:-1","max-image-preview":"max-image-preview:large","max-video-preview":"max-video-preview:-1"},"canonical":"https:\/\/centrumzaburzenodzywiania.pl\/strefaspecjalisty\/arfid-czym-wyroznia-sie-na-tle-innych-zaburzen-odzywiania\/","og_locale":"pl_PL","og_type":"article","og_title":"ARFID \u2013 czym wyr\u00f3\u017cnia si\u0119 na tle innych zaburze\u0144 od\u017cywiania? - Strefa Specjalisty - Og\u00f3lnopolskie Centrum Zaburze\u0144 Od\u017cywiania","og_description":"Dowiedz si\u0119, czym jest ARFID i jakie s\u0105 jego charakterystyki, a tak\u017ce czym r\u00f3\u017cni si\u0119 od innych zaburze\u0144 od\u017cywiania.","og_url":"https:\/\/centrumzaburzenodzywiania.pl\/strefaspecjalisty\/arfid-czym-wyroznia-sie-na-tle-innych-zaburzen-odzywiania\/","og_site_name":"Strefa Specjalisty - Og\u00f3lnopolskie Centrum Zaburze\u0144 Od\u017cywiania","article_published_time":"2021-04-14T09:56:44+00:00","article_modified_time":"2026-01-12T07:38:40+00:00","og_image":[{"width":2560,"height":1707,"url":"https:\/\/centrumzaburzenodzywiania.pl\/strefaspecjalisty\/wp-content\/uploads\/2021\/04\/keren-fedida-YtvItJoIREk-unsplash-scaled.jpg","type":"image\/jpeg"}],"author":"Monika Piotrowska","twitter_card":"summary_large_image","twitter_misc":{"Napisane przez":"Monika Piotrowska","Szacowany czas czytania":"6 minut"},"schema":{"@context":"https:\/\/schema.org","@graph":[{"@type":"Article","@id":"https:\/\/centrumzaburzenodzywiania.pl\/strefaspecjalisty\/arfid-czym-wyroznia-sie-na-tle-innych-zaburzen-odzywiania\/#article","isPartOf":{"@id":"https:\/\/centrumzaburzenodzywiania.pl\/strefaspecjalisty\/arfid-czym-wyroznia-sie-na-tle-innych-zaburzen-odzywiania\/"},"author":{"name":"Monika Piotrowska","@id":"https:\/\/centrumzaburzenodzywiania.pl\/strefaspecjalisty\/#\/schema\/person\/4bb57bd5e4bd7d5f41cee36db68e8395"},"headline":"ARFID \u2013 czym wyr\u00f3\u017cnia si\u0119 na tle innych zaburze\u0144 od\u017cywiania?","datePublished":"2021-04-14T09:56:44+00:00","dateModified":"2026-01-12T07:38:40+00:00","mainEntityOfPage":{"@id":"https:\/\/centrumzaburzenodzywiania.pl\/strefaspecjalisty\/arfid-czym-wyroznia-sie-na-tle-innych-zaburzen-odzywiania\/"},"wordCount":1037,"publisher":{"@id":"https:\/\/centrumzaburzenodzywiania.pl\/strefaspecjalisty\/#organization"},"image":{"@id":"https:\/\/centrumzaburzenodzywiania.pl\/strefaspecjalisty\/arfid-czym-wyroznia-sie-na-tle-innych-zaburzen-odzywiania\/#primaryimage"},"thumbnailUrl":"https:\/\/centrumzaburzenodzywiania.pl\/strefaspecjalisty\/wp-content\/uploads\/2021\/04\/keren-fedida-YtvItJoIREk-unsplash-scaled.jpg","articleSection":["Blog"],"inLanguage":"pl-PL"},{"@type":"WebPage","@id":"https:\/\/centrumzaburzenodzywiania.pl\/strefaspecjalisty\/arfid-czym-wyroznia-sie-na-tle-innych-zaburzen-odzywiania\/","url":"https:\/\/centrumzaburzenodzywiania.pl\/strefaspecjalisty\/arfid-czym-wyroznia-sie-na-tle-innych-zaburzen-odzywiania\/","name":"ARFID \u2013 czym wyr\u00f3\u017cnia si\u0119 na tle innych zaburze\u0144 od\u017cywiania? - Strefa Specjalisty - Og\u00f3lnopolskie Centrum Zaburze\u0144 Od\u017cywiania","isPartOf":{"@id":"https:\/\/centrumzaburzenodzywiania.pl\/strefaspecjalisty\/#website"},"primaryImageOfPage":{"@id":"https:\/\/centrumzaburzenodzywiania.pl\/strefaspecjalisty\/arfid-czym-wyroznia-sie-na-tle-innych-zaburzen-odzywiania\/#primaryimage"},"image":{"@id":"https:\/\/centrumzaburzenodzywiania.pl\/strefaspecjalisty\/arfid-czym-wyroznia-sie-na-tle-innych-zaburzen-odzywiania\/#primaryimage"},"thumbnailUrl":"https:\/\/centrumzaburzenodzywiania.pl\/strefaspecjalisty\/wp-content\/uploads\/2021\/04\/keren-fedida-YtvItJoIREk-unsplash-scaled.jpg","datePublished":"2021-04-14T09:56:44+00:00","dateModified":"2026-01-12T07:38:40+00:00","description":"Dowiedz si\u0119, czym jest ARFID i jakie s\u0105 jego charakterystyki, a tak\u017ce czym r\u00f3\u017cni si\u0119 od innych zaburze\u0144 od\u017cywiania.","breadcrumb":{"@id":"https:\/\/centrumzaburzenodzywiania.pl\/strefaspecjalisty\/arfid-czym-wyroznia-sie-na-tle-innych-zaburzen-odzywiania\/#breadcrumb"},"inLanguage":"pl-PL","potentialAction":[{"@type":"ReadAction","target":["https:\/\/centrumzaburzenodzywiania.pl\/strefaspecjalisty\/arfid-czym-wyroznia-sie-na-tle-innych-zaburzen-odzywiania\/"]}]},{"@type":"ImageObject","inLanguage":"pl-PL","@id":"https:\/\/centrumzaburzenodzywiania.pl\/strefaspecjalisty\/arfid-czym-wyroznia-sie-na-tle-innych-zaburzen-odzywiania\/#primaryimage","url":"https:\/\/centrumzaburzenodzywiania.pl\/strefaspecjalisty\/wp-content\/uploads\/2021\/04\/keren-fedida-YtvItJoIREk-unsplash-scaled.jpg","contentUrl":"https:\/\/centrumzaburzenodzywiania.pl\/strefaspecjalisty\/wp-content\/uploads\/2021\/04\/keren-fedida-YtvItJoIREk-unsplash-scaled.jpg","width":2560,"height":1707,"caption":"ARFID"},{"@type":"BreadcrumbList","@id":"https:\/\/centrumzaburzenodzywiania.pl\/strefaspecjalisty\/arfid-czym-wyroznia-sie-na-tle-innych-zaburzen-odzywiania\/#breadcrumb","itemListElement":[{"@type":"ListItem","position":1,"name":"Strona g\u0142\u00f3wna","item":"https:\/\/centrumzaburzenodzywiania.pl\/strefaspecjalisty\/"},{"@type":"ListItem","position":2,"name":"ARFID \u2013 czym wyr\u00f3\u017cnia si\u0119 na tle innych zaburze\u0144 od\u017cywiania?"}]},{"@type":"WebSite","@id":"https:\/\/centrumzaburzenodzywiania.pl\/strefaspecjalisty\/#website","url":"https:\/\/centrumzaburzenodzywiania.pl\/strefaspecjalisty\/","name":"Strefa Specjalisty - Og\u00f3lnopolskie Centrum Zaburze\u0144 Od\u017cywiania","description":"Strefa Specjalisty - Og\u00f3lnopolskie Centrum Zaburze\u0144 Od\u017cywiania","publisher":{"@id":"https:\/\/centrumzaburzenodzywiania.pl\/strefaspecjalisty\/#organization"},"potentialAction":[{"@type":"SearchAction","target":{"@type":"EntryPoint","urlTemplate":"https:\/\/centrumzaburzenodzywiania.pl\/strefaspecjalisty\/?s={search_term_string}"},"query-input":{"@type":"PropertyValueSpecification","valueRequired":true,"valueName":"search_term_string"}}],"inLanguage":"pl-PL"},{"@type":"Organization","@id":"https:\/\/centrumzaburzenodzywiania.pl\/strefaspecjalisty\/#organization","name":"Strefa Specjalisty - Og\u00f3lnopolskie Centrum Zaburze\u0144 Od\u017cywiania","url":"https:\/\/centrumzaburzenodzywiania.pl\/strefaspecjalisty\/","logo":{"@type":"ImageObject","inLanguage":"pl-PL","@id":"https:\/\/centrumzaburzenodzywiania.pl\/strefaspecjalisty\/#\/schema\/logo\/image\/","url":"https:\/\/centrumzaburzenodzywiania.pl\/strefaspecjalisty\/wp-content\/uploads\/2025\/11\/logo.png","contentUrl":"https:\/\/centrumzaburzenodzywiania.pl\/strefaspecjalisty\/wp-content\/uploads\/2025\/11\/logo.png","width":141,"height":54,"caption":"Strefa Specjalisty - Og\u00f3lnopolskie Centrum Zaburze\u0144 Od\u017cywiania"},"image":{"@id":"https:\/\/centrumzaburzenodzywiania.pl\/strefaspecjalisty\/#\/schema\/logo\/image\/"}},{"@type":"Person","@id":"https:\/\/centrumzaburzenodzywiania.pl\/strefaspecjalisty\/#\/schema\/person\/4bb57bd5e4bd7d5f41cee36db68e8395","name":"Monika Piotrowska","image":{"@type":"ImageObject","inLanguage":"pl-PL","@id":"https:\/\/secure.gravatar.com\/avatar\/f10ad2822576477d416c760a199900e38d61b307c4b95b8675199d3e39a811b3?s=96&d=mm&r=g","url":"https:\/\/secure.gravatar.com\/avatar\/f10ad2822576477d416c760a199900e38d61b307c4b95b8675199d3e39a811b3?s=96&d=mm&r=g","contentUrl":"https:\/\/secure.gravatar.com\/avatar\/f10ad2822576477d416c760a199900e38d61b307c4b95b8675199d3e39a811b3?s=96&d=mm&r=g","caption":"Monika Piotrowska"},"url":"https:\/\/centrumzaburzenodzywiania.pl\/strefaspecjalisty\/author\/piotrowska1monikagmail-com\/"}]}},"_links":{"self":[{"href":"https:\/\/centrumzaburzenodzywiania.pl\/strefaspecjalisty\/wp-json\/wp\/v2\/posts\/656","targetHints":{"allow":["GET"]}}],"collection":[{"href":"https:\/\/centrumzaburzenodzywiania.pl\/strefaspecjalisty\/wp-json\/wp\/v2\/posts"}],"about":[{"href":"https:\/\/centrumzaburzenodzywiania.pl\/strefaspecjalisty\/wp-json\/wp\/v2\/types\/post"}],"author":[{"embeddable":true,"href":"https:\/\/centrumzaburzenodzywiania.pl\/strefaspecjalisty\/wp-json\/wp\/v2\/users\/3"}],"replies":[{"embeddable":true,"href":"https:\/\/centrumzaburzenodzywiania.pl\/strefaspecjalisty\/wp-json\/wp\/v2\/comments?post=656"}],"version-history":[{"count":16,"href":"https:\/\/centrumzaburzenodzywiania.pl\/strefaspecjalisty\/wp-json\/wp\/v2\/posts\/656\/revisions"}],"predecessor-version":[{"id":3670,"href":"https:\/\/centrumzaburzenodzywiania.pl\/strefaspecjalisty\/wp-json\/wp\/v2\/posts\/656\/revisions\/3670"}],"wp:featuredmedia":[{"embeddable":true,"href":"https:\/\/centrumzaburzenodzywiania.pl\/strefaspecjalisty\/wp-json\/wp\/v2\/media\/658"}],"wp:attachment":[{"href":"https:\/\/centrumzaburzenodzywiania.pl\/strefaspecjalisty\/wp-json\/wp\/v2\/media?parent=656"}],"wp:term":[{"taxonomy":"category","embeddable":true,"href":"https:\/\/centrumzaburzenodzywiania.pl\/strefaspecjalisty\/wp-json\/wp\/v2\/categories?post=656"},{"taxonomy":"post_tag","embeddable":true,"href":"https:\/\/centrumzaburzenodzywiania.pl\/strefaspecjalisty\/wp-json\/wp\/v2\/tags?post=656"}],"curies":[{"name":"wp","href":"https:\/\/api.w.org\/{rel}","templated":true}]}}