{"id":584,"date":"2021-04-06T16:39:08","date_gmt":"2021-04-06T14:39:08","guid":{"rendered":"https:\/\/centrumzaburzenodzywiania.pl\/strefaspecjalisty\/?p=584"},"modified":"2026-01-12T10:43:22","modified_gmt":"2026-01-12T09:43:22","slug":"zycie-pelne-zaklec-o-schematach-i-przekonaniach-osob-chorujacych-na-bulimie","status":"publish","type":"post","link":"https:\/\/centrumzaburzenodzywiania.pl\/strefaspecjalisty\/zycie-pelne-zaklec-o-schematach-i-przekonaniach-osob-chorujacych-na-bulimie\/","title":{"rendered":"\u017bycie pe\u0142ne zakl\u0119\u0107. O schematach i przekonaniach os\u00f3b choruj\u0105cych na bulimi\u0119."},"content":{"rendered":"\n<p>Obserwuj\u0105c funkcjonowanie os\u00f3b cierpi\u0105cych na bulimi\u0119, mo\u017cna dostrzec pewne przekonania i schematy poznawcze, kt\u00f3re niczym zakl\u0119cia przyczyniaj\u0105 si\u0119 do powtarzania autodestrukcyjnych zachowa\u0144. \u201eW takim rozumieniu, \u201azakl\u0119cia\u2019 paradoksalnie nie \u201aodp\u0119dzaj\u0105\u2019, lecz \u201aprzyci\u0105gaj\u0105\u2019, stanowi\u0105c warunki wspieraj\u0105ce bulimi\u0119\u201d.1<br>Do takich utrwalonych przekona\u0144 nale\u017c\u0105: od jutra, wszystko albo nic, efekt domina, bulimia moje \u017cycie, powr\u00f3t do przesz\u0142o\u015bci, przeci\u0105\u017cenie i brak plan\u00f3w.<\/p>\n\n\n\n<p><strong>1. Od jutra<\/strong><br><em>\u201eTo zakl\u0119cie, kt\u00f3re powoduje odroczenie wprowadzania zmian, a dora\u017anie stanowi zwolnienie z jakichkolwiek stara\u0144 i przynosi ulg\u0119\u201d<\/em>.<sup>2<\/sup>&nbsp;Osoba chora obiecuje sobie, \u017ce od jutra b\u0119dzie inaczej, wierzy, \u017ce wreszcie si\u0119 uda. Przekonanie to jest elementem b\u0142\u0119dnego ko\u0142a, gdy\u017c sprawia, i\u017c w danym momencie chory nie ma motywacji, by wprowadza\u0107 jakiekolwiek zmiany, natomiast my\u015bl o jutrzejszym dniu wolnym od bulimii daje w konsekwencji ulg\u0119, ale tak\u017ce usprawiedliwienie zachowa\u0144 wspieraj\u0105cych objawy \u201etu i teraz\u201d.<\/p>\n\n\n\n<p><strong>2. Wszystko albo nic<\/strong><br><em>\u201ePotrafi\u0119 \u015bwietnie dzia\u0142a\u0107, gdy wszystko przebiega po mojej my\u015bli, albo nie potrafi\u0119 nic zrobi\u0107, gdy napotykam nawet drobne przeszkody; anga\u017cuj\u0119 si\u0119 maksymalnie w to, co robi\u0119, albo wszystko jest mi oboj\u0119tne i nic nie robi\u0119; zatracam si\u0119 uczuciowo bez granic albo jestem totalnie oboj\u0119tna emocjonalnie; czuj\u0119 si\u0119 wspania\u0142a i atrakcyjna albo brzydka, gruba i beznadziejna\u201d<\/em><sup>3<\/sup>&nbsp;\u2013 m\u00f3wi jedna z os\u00f3b chorych. Funkcjonowanie wed\u0142ug tego schematu obejmuje zar\u00f3wno aspekt choroby, ale tak\u017ce inne sfery \u017cycia. Mo\u017ce si\u0119 to wi\u0105za\u0107 z takimi cechami jak perfekcjonizm lub wysoki poziom aspiracji oraz z nisk\u0105 tolerancj\u0105 na frustracj\u0119. Chorzy od\u017cywiaj\u0105 si\u0119 w spos\u00f3b ekstremalny \u2013 albo si\u0119 g\u0142odz\u0105 albo objadaj\u0105.<\/p>\n\n\n\n<p><strong>3. Efekt domina<\/strong><br>Efekt ten&nbsp;<em>\u201edotyczy g\u0142ownie sposobu od\u017cywiania si\u0119 i polega na lawinowym uruchomieniu objadania si\u0119 przy najdrobniejszym odst\u0119pstwie od za\u0142o\u017conego przez chor\u0105 planu\u201d.<\/em><sup>4<\/sup>&nbsp;Zachowanie wed\u0142ug efektu domina polega na podporz\u0105dkowaniu wszelkich element\u00f3w funkcjonowania jednemu elementowi, kt\u00f3re sprawia, \u017ce misternie u\u0142o\u017cona konstrukcja ulega zniszczeniu. Tak\u0105 \u201ekostk\u0105 domina\u201d jest najcz\u0119\u015bciej dla chorych fakt zjedzenia czego\u015b, czego si\u0119 nie planowa\u0142o np. jednego cukierka, co powoduje uruchomienie mechanizmu burz\u0105cego dotychczasowe plany i priorytety.<\/p>\n\n\n\n<p><strong>4. Bulimia moje \u017cycie<\/strong><br>My\u015blenie o bulimii jak o w\u0142asnym \u017cyciu to przejaw identyfikacji z objawami choroby.&nbsp;<em>\u201ePacjentka spostrzegaj\u0105c siebie g\u0142\u00f3wnie w roli chorej, wzmacnia mechanizm bezradno\u015bci, nie doceniaj\u0105c potencjalnych mo\u017cliwo\u015bci oraz pozytywnych do\u015bwiadcze\u0144 funkcjonowania i radzenia sobie w innych rolach psychospo\u0142ecznych\u201d.<\/em><sup>5<\/sup>&nbsp;W procesie powrotu do zdrowia istotne jest u\u015bwiadomienie sobie przez osoby chore, \u017ce w du\u017c\u0105 cz\u0119\u015b\u0107 dnia potrafi\u0105 funkcjonowa\u0107 w innych rolach psychospo\u0142ecznych ni\u017c rola chorego, co pozwala na odbudowanie zaburzonego poczucia w\u0142asnej warto\u015bci i kompetencji.<\/p>\n\n\n\n<p><strong>5. Powr\u00f3t do przesz\u0142o\u015bci<\/strong><br>Sytuacje zwi\u0105zane z tym \u201ezakl\u0119ciem\u201d dotycz\u0105 najcz\u0119\u015bciej powrotu do tych samych miejsc (np. domu rodzinnego) lub sytuacji i uruchamiaj\u0105 objawy. Aktywizowane s\u0105 w\u00f3wczas silne emocje, wcze\u015bniej skojarzone z objawami, kt\u00f3re w konsekwencji doprowadzaj\u0105 do wyst\u0105pienia objaw\u00f3w bulimicznych. Mimo, i\u017c na co dzie\u0144 dana osoba stosuje sposoby, dzi\u0119ki kt\u00f3rym zapobiega wyst\u0119powaniu destrukcyjnych zachowa\u0144, przewiduje, \u017ce okre\u015blone sytuacje np. odwiedziny domu rodzinnego z pewno\u015bci\u0105 doprowadz\u0105 do wywo\u0142ania objaw\u00f3w.<em>&nbsp;\u201eTo paradoksalne \u201azakl\u0119cie\u2019 pe\u0142ni w takich przypadkach funkcj\u0119 samopotwierdzaj\u0105cej si\u0119 przepowiedni\u201d.<\/em><sup>6<\/sup><\/p>\n\n\n\n<p><strong>6. Przeci\u0105\u017cenie<\/strong><br><em>\u201eWiem, \u017ce jak dobrze si\u0119 czuj\u0119, to chc\u0119 wiele zrobi\u0107 i mam bardzo napi\u0119ty plan do wykonania. (\u2026) Staraj\u0105c si\u0119 realizowa\u0107 plan, czuj\u0119, jak ro\u015bnie we mnie napi\u0119cie, \u017ce nie zd\u0105\u017c\u0119 i ponios\u0119 pora\u017ck\u0119. To napi\u0119cie czasem staje si\u0119 nie do zniesienia i ko\u0144czy si\u0119 objawem bulimii\u201d<\/em><sup>7<\/sup>&nbsp;\u2013 m\u00f3wi jedna z os\u00f3b chorych. Nadmiar pan\u00f3w jest cz\u0119sto powtarzanym dysfunkcjonalnym zachowaniem, pomimo, \u017ce wielokrotnie doprowadza do wyst\u0105pienia objaw\u00f3w bulimii. Chore osoby, mimo zdawania sobie sprawy z niewykonalno\u015bci realizacji nadmiaru cel\u00f3w, nie redukuj\u0105 ich, nie zmieniaj\u0105, czyli powtarzaj\u0105 zachowania, kt\u00f3re mog\u0105 stymulowa\u0107 objawy. Przy przeci\u0105\u017ceniu notorycznie dochodzi\u0107 mo\u017ce tak\u017ce do zaniedbania zaspokajania podstawowych potrzeb, takich jak regularne od\u017cywianie si\u0119 czy odpoczynek, co dodatkowo stanowi czynnik uruchamiaj\u0105cy objawy.<\/p>\n\n\n\n<p><strong>7. Brak plan\u00f3w<\/strong><br>Brak plan\u00f3w, jako przeciwie\u0144stwo \u201eprzeci\u0105\u017cenia\u201d jest r\u00f3wnie\u017c cz\u0119sto powtarzaj\u0105cym si\u0119 zachowaniem, mog\u0105cym prowadzi\u0107 do destrukcyjnego funkcjonowania. Osoby chore mog\u0105 mie\u0107 trudno\u015bci z organizacj\u0105 wolnego czasu.&nbsp;<em>\u201eGdy chodz\u0119 do pracy, to wiem, \u017ce robi\u0119 co\u015b po\u017cytecznego, ale wypoczywa\u0107 chyba nie potrafi\u0119\u201d<\/em><sup>8<\/sup>&nbsp;\u2013 twierdzi pacjentka. Prawdopodobnie nieumiej\u0119tno\u015b\u0107 organizacji czasu wolnego, tak, by przyni\u00f3s\u0142 relaks i odpr\u0119\u017cenie wynika tak\u017ce z wy\u017cej opisanych przekona\u0144 i zachowa\u0144.<\/p>\n\n\n\n<p><em>Na podstawie:<br>M.Talarczyk; Bulimia. Przepisy, paradoksy, zakl\u0119cia; Media Rodzina; Pozna\u0144 2010<\/em><\/p>\n\n\n\n<p><em><sup>1,2,3,4,5,6,7,8&nbsp;<\/sup>M.Talarczyk; Bulimia. Przepisy, paradoksy, zakl\u0119cia; Media Rodzina; Pozna\u0144 2010<\/em><\/p>\n","protected":false},"excerpt":{"rendered":"<p>Obserwuj\u0105c funkcjonowanie os\u00f3b cierpi\u0105cych na bulimi\u0119, mo\u017cna dostrzec pewne przekonania i schematy poznawcze, kt\u00f3re niczym zakl\u0119cia przyczyniaj\u0105 si\u0119 do powtarzania autodestrukcyjnych zachowa\u0144. \u201eW takim rozumieniu, \u201azakl\u0119cia\u2019 paradoksalnie nie \u201aodp\u0119dzaj\u0105\u2019, lecz \u201aprzyci\u0105gaj\u0105\u2019, stanowi\u0105c warunki wspieraj\u0105ce bulimi\u0119\u201d.1Do takich utrwalonych przekona\u0144 nale\u017c\u0105: od jutra, wszystko albo nic, efekt domina, bulimia moje \u017cycie, powr\u00f3t do przesz\u0142o\u015bci, przeci\u0105\u017cenie i brak [&hellip;]<\/p>\n","protected":false},"author":3,"featured_media":585,"comment_status":"closed","ping_status":"closed","sticky":false,"template":"","format":"standard","meta":{"_acf_changed":false,"inline_featured_image":false,"footnotes":""},"categories":[2],"tags":[],"class_list":["post-584","post","type-post","status-publish","format-standard","has-post-thumbnail","hentry","category-blog"],"acf":[],"yoast_head":"<!-- This site is optimized with the Yoast SEO plugin v27.4 - https:\/\/yoast.com\/product\/yoast-seo-wordpress\/ -->\n<title>Schematy i przekonania os\u00f3b choruj\u0105cych na bulimi\u0119 - Strefa Specjalisty - Og\u00f3lnopolskie Centrum Zaburze\u0144 Od\u017cywiania<\/title>\n<meta name=\"description\" content=\"Dowiedz si\u0119, jakie schematy i przekonania pojawiaj\u0105 si\u0119 u os\u00f3b choruj\u0105cych na bulimi\u0119. Jakie sposoby my\u015blenia wp\u0142ywaj\u0105 na chorob\u0119?\" \/>\n<meta name=\"robots\" content=\"index, follow, max-snippet:-1, max-image-preview:large, max-video-preview:-1\" \/>\n<link rel=\"canonical\" href=\"https:\/\/centrumzaburzenodzywiania.pl\/strefaspecjalisty\/zycie-pelne-zaklec-o-schematach-i-przekonaniach-osob-chorujacych-na-bulimie\/\" \/>\n<meta property=\"og:locale\" content=\"pl_PL\" \/>\n<meta property=\"og:type\" content=\"article\" \/>\n<meta property=\"og:title\" content=\"Schematy i przekonania os\u00f3b choruj\u0105cych na bulimi\u0119 - Strefa Specjalisty - Og\u00f3lnopolskie Centrum Zaburze\u0144 Od\u017cywiania\" \/>\n<meta property=\"og:description\" content=\"Dowiedz si\u0119, jakie schematy i przekonania pojawiaj\u0105 si\u0119 u os\u00f3b choruj\u0105cych na bulimi\u0119. Jakie sposoby my\u015blenia wp\u0142ywaj\u0105 na chorob\u0119?\" \/>\n<meta property=\"og:url\" content=\"https:\/\/centrumzaburzenodzywiania.pl\/strefaspecjalisty\/zycie-pelne-zaklec-o-schematach-i-przekonaniach-osob-chorujacych-na-bulimie\/\" \/>\n<meta property=\"og:site_name\" content=\"Strefa Specjalisty - Og\u00f3lnopolskie Centrum Zaburze\u0144 Od\u017cywiania\" \/>\n<meta property=\"article:published_time\" content=\"2021-04-06T14:39:08+00:00\" \/>\n<meta property=\"article:modified_time\" content=\"2026-01-12T09:43:22+00:00\" \/>\n<meta property=\"og:image\" content=\"https:\/\/centrumzaburzenodzywiania.pl\/strefaspecjalisty\/wp-content\/uploads\/2021\/04\/zycie-pelne-zaklec.jpeg\" \/>\n\t<meta property=\"og:image:width\" content=\"1880\" \/>\n\t<meta property=\"og:image:height\" content=\"1253\" \/>\n\t<meta property=\"og:image:type\" content=\"image\/jpeg\" \/>\n<meta name=\"author\" content=\"Monika Piotrowska\" \/>\n<meta name=\"twitter:card\" content=\"summary_large_image\" \/>\n<meta name=\"twitter:label1\" content=\"Napisane przez\" \/>\n\t<meta name=\"twitter:data1\" content=\"Monika Piotrowska\" \/>\n\t<meta name=\"twitter:label2\" content=\"Szacowany czas czytania\" \/>\n\t<meta name=\"twitter:data2\" content=\"5 minut\" \/>\n<script type=\"application\/ld+json\" class=\"yoast-schema-graph\">{\"@context\":\"https:\\\/\\\/schema.org\",\"@graph\":[{\"@type\":\"Article\",\"@id\":\"https:\\\/\\\/centrumzaburzenodzywiania.pl\\\/strefaspecjalisty\\\/zycie-pelne-zaklec-o-schematach-i-przekonaniach-osob-chorujacych-na-bulimie\\\/#article\",\"isPartOf\":{\"@id\":\"https:\\\/\\\/centrumzaburzenodzywiania.pl\\\/strefaspecjalisty\\\/zycie-pelne-zaklec-o-schematach-i-przekonaniach-osob-chorujacych-na-bulimie\\\/\"},\"author\":{\"name\":\"Monika Piotrowska\",\"@id\":\"https:\\\/\\\/centrumzaburzenodzywiania.pl\\\/strefaspecjalisty\\\/#\\\/schema\\\/person\\\/4bb57bd5e4bd7d5f41cee36db68e8395\"},\"headline\":\"\u017bycie pe\u0142ne zakl\u0119\u0107. O schematach i przekonaniach os\u00f3b choruj\u0105cych na bulimi\u0119.\",\"datePublished\":\"2021-04-06T14:39:08+00:00\",\"dateModified\":\"2026-01-12T09:43:22+00:00\",\"mainEntityOfPage\":{\"@id\":\"https:\\\/\\\/centrumzaburzenodzywiania.pl\\\/strefaspecjalisty\\\/zycie-pelne-zaklec-o-schematach-i-przekonaniach-osob-chorujacych-na-bulimie\\\/\"},\"wordCount\":815,\"publisher\":{\"@id\":\"https:\\\/\\\/centrumzaburzenodzywiania.pl\\\/strefaspecjalisty\\\/#organization\"},\"image\":{\"@id\":\"https:\\\/\\\/centrumzaburzenodzywiania.pl\\\/strefaspecjalisty\\\/zycie-pelne-zaklec-o-schematach-i-przekonaniach-osob-chorujacych-na-bulimie\\\/#primaryimage\"},\"thumbnailUrl\":\"https:\\\/\\\/centrumzaburzenodzywiania.pl\\\/strefaspecjalisty\\\/wp-content\\\/uploads\\\/2021\\\/04\\\/zycie-pelne-zaklec.jpeg\",\"articleSection\":[\"Blog\"],\"inLanguage\":\"pl-PL\"},{\"@type\":\"WebPage\",\"@id\":\"https:\\\/\\\/centrumzaburzenodzywiania.pl\\\/strefaspecjalisty\\\/zycie-pelne-zaklec-o-schematach-i-przekonaniach-osob-chorujacych-na-bulimie\\\/\",\"url\":\"https:\\\/\\\/centrumzaburzenodzywiania.pl\\\/strefaspecjalisty\\\/zycie-pelne-zaklec-o-schematach-i-przekonaniach-osob-chorujacych-na-bulimie\\\/\",\"name\":\"Schematy i przekonania os\u00f3b choruj\u0105cych na bulimi\u0119 - Strefa Specjalisty - Og\u00f3lnopolskie Centrum Zaburze\u0144 Od\u017cywiania\",\"isPartOf\":{\"@id\":\"https:\\\/\\\/centrumzaburzenodzywiania.pl\\\/strefaspecjalisty\\\/#website\"},\"primaryImageOfPage\":{\"@id\":\"https:\\\/\\\/centrumzaburzenodzywiania.pl\\\/strefaspecjalisty\\\/zycie-pelne-zaklec-o-schematach-i-przekonaniach-osob-chorujacych-na-bulimie\\\/#primaryimage\"},\"image\":{\"@id\":\"https:\\\/\\\/centrumzaburzenodzywiania.pl\\\/strefaspecjalisty\\\/zycie-pelne-zaklec-o-schematach-i-przekonaniach-osob-chorujacych-na-bulimie\\\/#primaryimage\"},\"thumbnailUrl\":\"https:\\\/\\\/centrumzaburzenodzywiania.pl\\\/strefaspecjalisty\\\/wp-content\\\/uploads\\\/2021\\\/04\\\/zycie-pelne-zaklec.jpeg\",\"datePublished\":\"2021-04-06T14:39:08+00:00\",\"dateModified\":\"2026-01-12T09:43:22+00:00\",\"description\":\"Dowiedz si\u0119, jakie schematy i przekonania pojawiaj\u0105 si\u0119 u os\u00f3b choruj\u0105cych na bulimi\u0119. Jakie sposoby my\u015blenia wp\u0142ywaj\u0105 na chorob\u0119?\",\"breadcrumb\":{\"@id\":\"https:\\\/\\\/centrumzaburzenodzywiania.pl\\\/strefaspecjalisty\\\/zycie-pelne-zaklec-o-schematach-i-przekonaniach-osob-chorujacych-na-bulimie\\\/#breadcrumb\"},\"inLanguage\":\"pl-PL\",\"potentialAction\":[{\"@type\":\"ReadAction\",\"target\":[\"https:\\\/\\\/centrumzaburzenodzywiania.pl\\\/strefaspecjalisty\\\/zycie-pelne-zaklec-o-schematach-i-przekonaniach-osob-chorujacych-na-bulimie\\\/\"]}]},{\"@type\":\"ImageObject\",\"inLanguage\":\"pl-PL\",\"@id\":\"https:\\\/\\\/centrumzaburzenodzywiania.pl\\\/strefaspecjalisty\\\/zycie-pelne-zaklec-o-schematach-i-przekonaniach-osob-chorujacych-na-bulimie\\\/#primaryimage\",\"url\":\"https:\\\/\\\/centrumzaburzenodzywiania.pl\\\/strefaspecjalisty\\\/wp-content\\\/uploads\\\/2021\\\/04\\\/zycie-pelne-zaklec.jpeg\",\"contentUrl\":\"https:\\\/\\\/centrumzaburzenodzywiania.pl\\\/strefaspecjalisty\\\/wp-content\\\/uploads\\\/2021\\\/04\\\/zycie-pelne-zaklec.jpeg\",\"width\":1880,\"height\":1253},{\"@type\":\"BreadcrumbList\",\"@id\":\"https:\\\/\\\/centrumzaburzenodzywiania.pl\\\/strefaspecjalisty\\\/zycie-pelne-zaklec-o-schematach-i-przekonaniach-osob-chorujacych-na-bulimie\\\/#breadcrumb\",\"itemListElement\":[{\"@type\":\"ListItem\",\"position\":1,\"name\":\"Strona g\u0142\u00f3wna\",\"item\":\"https:\\\/\\\/centrumzaburzenodzywiania.pl\\\/strefaspecjalisty\\\/\"},{\"@type\":\"ListItem\",\"position\":2,\"name\":\"\u017bycie pe\u0142ne zakl\u0119\u0107. O schematach i przekonaniach os\u00f3b choruj\u0105cych na bulimi\u0119.\"}]},{\"@type\":\"WebSite\",\"@id\":\"https:\\\/\\\/centrumzaburzenodzywiania.pl\\\/strefaspecjalisty\\\/#website\",\"url\":\"https:\\\/\\\/centrumzaburzenodzywiania.pl\\\/strefaspecjalisty\\\/\",\"name\":\"Strefa Specjalisty - Og\u00f3lnopolskie Centrum Zaburze\u0144 Od\u017cywiania\",\"description\":\"Strefa Specjalisty - Og\u00f3lnopolskie Centrum Zaburze\u0144 Od\u017cywiania\",\"publisher\":{\"@id\":\"https:\\\/\\\/centrumzaburzenodzywiania.pl\\\/strefaspecjalisty\\\/#organization\"},\"potentialAction\":[{\"@type\":\"SearchAction\",\"target\":{\"@type\":\"EntryPoint\",\"urlTemplate\":\"https:\\\/\\\/centrumzaburzenodzywiania.pl\\\/strefaspecjalisty\\\/?s={search_term_string}\"},\"query-input\":{\"@type\":\"PropertyValueSpecification\",\"valueRequired\":true,\"valueName\":\"search_term_string\"}}],\"inLanguage\":\"pl-PL\"},{\"@type\":\"Organization\",\"@id\":\"https:\\\/\\\/centrumzaburzenodzywiania.pl\\\/strefaspecjalisty\\\/#organization\",\"name\":\"Strefa Specjalisty - Og\u00f3lnopolskie Centrum Zaburze\u0144 Od\u017cywiania\",\"url\":\"https:\\\/\\\/centrumzaburzenodzywiania.pl\\\/strefaspecjalisty\\\/\",\"logo\":{\"@type\":\"ImageObject\",\"inLanguage\":\"pl-PL\",\"@id\":\"https:\\\/\\\/centrumzaburzenodzywiania.pl\\\/strefaspecjalisty\\\/#\\\/schema\\\/logo\\\/image\\\/\",\"url\":\"https:\\\/\\\/centrumzaburzenodzywiania.pl\\\/strefaspecjalisty\\\/wp-content\\\/uploads\\\/2025\\\/11\\\/logo.png\",\"contentUrl\":\"https:\\\/\\\/centrumzaburzenodzywiania.pl\\\/strefaspecjalisty\\\/wp-content\\\/uploads\\\/2025\\\/11\\\/logo.png\",\"width\":141,\"height\":54,\"caption\":\"Strefa Specjalisty - Og\u00f3lnopolskie Centrum Zaburze\u0144 Od\u017cywiania\"},\"image\":{\"@id\":\"https:\\\/\\\/centrumzaburzenodzywiania.pl\\\/strefaspecjalisty\\\/#\\\/schema\\\/logo\\\/image\\\/\"}},{\"@type\":\"Person\",\"@id\":\"https:\\\/\\\/centrumzaburzenodzywiania.pl\\\/strefaspecjalisty\\\/#\\\/schema\\\/person\\\/4bb57bd5e4bd7d5f41cee36db68e8395\",\"name\":\"Monika Piotrowska\",\"image\":{\"@type\":\"ImageObject\",\"inLanguage\":\"pl-PL\",\"@id\":\"https:\\\/\\\/secure.gravatar.com\\\/avatar\\\/f10ad2822576477d416c760a199900e38d61b307c4b95b8675199d3e39a811b3?s=96&d=mm&r=g\",\"url\":\"https:\\\/\\\/secure.gravatar.com\\\/avatar\\\/f10ad2822576477d416c760a199900e38d61b307c4b95b8675199d3e39a811b3?s=96&d=mm&r=g\",\"contentUrl\":\"https:\\\/\\\/secure.gravatar.com\\\/avatar\\\/f10ad2822576477d416c760a199900e38d61b307c4b95b8675199d3e39a811b3?s=96&d=mm&r=g\",\"caption\":\"Monika Piotrowska\"},\"url\":\"https:\\\/\\\/centrumzaburzenodzywiania.pl\\\/strefaspecjalisty\\\/author\\\/piotrowska1monikagmail-com\\\/\"}]}<\/script>\n<!-- \/ Yoast SEO plugin. -->","yoast_head_json":{"title":"Schematy i przekonania os\u00f3b choruj\u0105cych na bulimi\u0119 - Strefa Specjalisty - Og\u00f3lnopolskie Centrum Zaburze\u0144 Od\u017cywiania","description":"Dowiedz si\u0119, jakie schematy i przekonania pojawiaj\u0105 si\u0119 u os\u00f3b choruj\u0105cych na bulimi\u0119. Jakie sposoby my\u015blenia wp\u0142ywaj\u0105 na chorob\u0119?","robots":{"index":"index","follow":"follow","max-snippet":"max-snippet:-1","max-image-preview":"max-image-preview:large","max-video-preview":"max-video-preview:-1"},"canonical":"https:\/\/centrumzaburzenodzywiania.pl\/strefaspecjalisty\/zycie-pelne-zaklec-o-schematach-i-przekonaniach-osob-chorujacych-na-bulimie\/","og_locale":"pl_PL","og_type":"article","og_title":"Schematy i przekonania os\u00f3b choruj\u0105cych na bulimi\u0119 - Strefa Specjalisty - Og\u00f3lnopolskie Centrum Zaburze\u0144 Od\u017cywiania","og_description":"Dowiedz si\u0119, jakie schematy i przekonania pojawiaj\u0105 si\u0119 u os\u00f3b choruj\u0105cych na bulimi\u0119. Jakie sposoby my\u015blenia wp\u0142ywaj\u0105 na chorob\u0119?","og_url":"https:\/\/centrumzaburzenodzywiania.pl\/strefaspecjalisty\/zycie-pelne-zaklec-o-schematach-i-przekonaniach-osob-chorujacych-na-bulimie\/","og_site_name":"Strefa Specjalisty - Og\u00f3lnopolskie Centrum Zaburze\u0144 Od\u017cywiania","article_published_time":"2021-04-06T14:39:08+00:00","article_modified_time":"2026-01-12T09:43:22+00:00","og_image":[{"width":1880,"height":1253,"url":"https:\/\/centrumzaburzenodzywiania.pl\/strefaspecjalisty\/wp-content\/uploads\/2021\/04\/zycie-pelne-zaklec.jpeg","type":"image\/jpeg"}],"author":"Monika Piotrowska","twitter_card":"summary_large_image","twitter_misc":{"Napisane przez":"Monika Piotrowska","Szacowany czas czytania":"5 minut"},"schema":{"@context":"https:\/\/schema.org","@graph":[{"@type":"Article","@id":"https:\/\/centrumzaburzenodzywiania.pl\/strefaspecjalisty\/zycie-pelne-zaklec-o-schematach-i-przekonaniach-osob-chorujacych-na-bulimie\/#article","isPartOf":{"@id":"https:\/\/centrumzaburzenodzywiania.pl\/strefaspecjalisty\/zycie-pelne-zaklec-o-schematach-i-przekonaniach-osob-chorujacych-na-bulimie\/"},"author":{"name":"Monika Piotrowska","@id":"https:\/\/centrumzaburzenodzywiania.pl\/strefaspecjalisty\/#\/schema\/person\/4bb57bd5e4bd7d5f41cee36db68e8395"},"headline":"\u017bycie pe\u0142ne zakl\u0119\u0107. O schematach i przekonaniach os\u00f3b choruj\u0105cych na bulimi\u0119.","datePublished":"2021-04-06T14:39:08+00:00","dateModified":"2026-01-12T09:43:22+00:00","mainEntityOfPage":{"@id":"https:\/\/centrumzaburzenodzywiania.pl\/strefaspecjalisty\/zycie-pelne-zaklec-o-schematach-i-przekonaniach-osob-chorujacych-na-bulimie\/"},"wordCount":815,"publisher":{"@id":"https:\/\/centrumzaburzenodzywiania.pl\/strefaspecjalisty\/#organization"},"image":{"@id":"https:\/\/centrumzaburzenodzywiania.pl\/strefaspecjalisty\/zycie-pelne-zaklec-o-schematach-i-przekonaniach-osob-chorujacych-na-bulimie\/#primaryimage"},"thumbnailUrl":"https:\/\/centrumzaburzenodzywiania.pl\/strefaspecjalisty\/wp-content\/uploads\/2021\/04\/zycie-pelne-zaklec.jpeg","articleSection":["Blog"],"inLanguage":"pl-PL"},{"@type":"WebPage","@id":"https:\/\/centrumzaburzenodzywiania.pl\/strefaspecjalisty\/zycie-pelne-zaklec-o-schematach-i-przekonaniach-osob-chorujacych-na-bulimie\/","url":"https:\/\/centrumzaburzenodzywiania.pl\/strefaspecjalisty\/zycie-pelne-zaklec-o-schematach-i-przekonaniach-osob-chorujacych-na-bulimie\/","name":"Schematy i przekonania os\u00f3b choruj\u0105cych na bulimi\u0119 - Strefa Specjalisty - Og\u00f3lnopolskie Centrum Zaburze\u0144 Od\u017cywiania","isPartOf":{"@id":"https:\/\/centrumzaburzenodzywiania.pl\/strefaspecjalisty\/#website"},"primaryImageOfPage":{"@id":"https:\/\/centrumzaburzenodzywiania.pl\/strefaspecjalisty\/zycie-pelne-zaklec-o-schematach-i-przekonaniach-osob-chorujacych-na-bulimie\/#primaryimage"},"image":{"@id":"https:\/\/centrumzaburzenodzywiania.pl\/strefaspecjalisty\/zycie-pelne-zaklec-o-schematach-i-przekonaniach-osob-chorujacych-na-bulimie\/#primaryimage"},"thumbnailUrl":"https:\/\/centrumzaburzenodzywiania.pl\/strefaspecjalisty\/wp-content\/uploads\/2021\/04\/zycie-pelne-zaklec.jpeg","datePublished":"2021-04-06T14:39:08+00:00","dateModified":"2026-01-12T09:43:22+00:00","description":"Dowiedz si\u0119, jakie schematy i przekonania pojawiaj\u0105 si\u0119 u os\u00f3b choruj\u0105cych na bulimi\u0119. Jakie sposoby my\u015blenia wp\u0142ywaj\u0105 na chorob\u0119?","breadcrumb":{"@id":"https:\/\/centrumzaburzenodzywiania.pl\/strefaspecjalisty\/zycie-pelne-zaklec-o-schematach-i-przekonaniach-osob-chorujacych-na-bulimie\/#breadcrumb"},"inLanguage":"pl-PL","potentialAction":[{"@type":"ReadAction","target":["https:\/\/centrumzaburzenodzywiania.pl\/strefaspecjalisty\/zycie-pelne-zaklec-o-schematach-i-przekonaniach-osob-chorujacych-na-bulimie\/"]}]},{"@type":"ImageObject","inLanguage":"pl-PL","@id":"https:\/\/centrumzaburzenodzywiania.pl\/strefaspecjalisty\/zycie-pelne-zaklec-o-schematach-i-przekonaniach-osob-chorujacych-na-bulimie\/#primaryimage","url":"https:\/\/centrumzaburzenodzywiania.pl\/strefaspecjalisty\/wp-content\/uploads\/2021\/04\/zycie-pelne-zaklec.jpeg","contentUrl":"https:\/\/centrumzaburzenodzywiania.pl\/strefaspecjalisty\/wp-content\/uploads\/2021\/04\/zycie-pelne-zaklec.jpeg","width":1880,"height":1253},{"@type":"BreadcrumbList","@id":"https:\/\/centrumzaburzenodzywiania.pl\/strefaspecjalisty\/zycie-pelne-zaklec-o-schematach-i-przekonaniach-osob-chorujacych-na-bulimie\/#breadcrumb","itemListElement":[{"@type":"ListItem","position":1,"name":"Strona g\u0142\u00f3wna","item":"https:\/\/centrumzaburzenodzywiania.pl\/strefaspecjalisty\/"},{"@type":"ListItem","position":2,"name":"\u017bycie pe\u0142ne zakl\u0119\u0107. O schematach i przekonaniach os\u00f3b choruj\u0105cych na bulimi\u0119."}]},{"@type":"WebSite","@id":"https:\/\/centrumzaburzenodzywiania.pl\/strefaspecjalisty\/#website","url":"https:\/\/centrumzaburzenodzywiania.pl\/strefaspecjalisty\/","name":"Strefa Specjalisty - Og\u00f3lnopolskie Centrum Zaburze\u0144 Od\u017cywiania","description":"Strefa Specjalisty - Og\u00f3lnopolskie Centrum Zaburze\u0144 Od\u017cywiania","publisher":{"@id":"https:\/\/centrumzaburzenodzywiania.pl\/strefaspecjalisty\/#organization"},"potentialAction":[{"@type":"SearchAction","target":{"@type":"EntryPoint","urlTemplate":"https:\/\/centrumzaburzenodzywiania.pl\/strefaspecjalisty\/?s={search_term_string}"},"query-input":{"@type":"PropertyValueSpecification","valueRequired":true,"valueName":"search_term_string"}}],"inLanguage":"pl-PL"},{"@type":"Organization","@id":"https:\/\/centrumzaburzenodzywiania.pl\/strefaspecjalisty\/#organization","name":"Strefa Specjalisty - Og\u00f3lnopolskie Centrum Zaburze\u0144 Od\u017cywiania","url":"https:\/\/centrumzaburzenodzywiania.pl\/strefaspecjalisty\/","logo":{"@type":"ImageObject","inLanguage":"pl-PL","@id":"https:\/\/centrumzaburzenodzywiania.pl\/strefaspecjalisty\/#\/schema\/logo\/image\/","url":"https:\/\/centrumzaburzenodzywiania.pl\/strefaspecjalisty\/wp-content\/uploads\/2025\/11\/logo.png","contentUrl":"https:\/\/centrumzaburzenodzywiania.pl\/strefaspecjalisty\/wp-content\/uploads\/2025\/11\/logo.png","width":141,"height":54,"caption":"Strefa Specjalisty - Og\u00f3lnopolskie Centrum Zaburze\u0144 Od\u017cywiania"},"image":{"@id":"https:\/\/centrumzaburzenodzywiania.pl\/strefaspecjalisty\/#\/schema\/logo\/image\/"}},{"@type":"Person","@id":"https:\/\/centrumzaburzenodzywiania.pl\/strefaspecjalisty\/#\/schema\/person\/4bb57bd5e4bd7d5f41cee36db68e8395","name":"Monika Piotrowska","image":{"@type":"ImageObject","inLanguage":"pl-PL","@id":"https:\/\/secure.gravatar.com\/avatar\/f10ad2822576477d416c760a199900e38d61b307c4b95b8675199d3e39a811b3?s=96&d=mm&r=g","url":"https:\/\/secure.gravatar.com\/avatar\/f10ad2822576477d416c760a199900e38d61b307c4b95b8675199d3e39a811b3?s=96&d=mm&r=g","contentUrl":"https:\/\/secure.gravatar.com\/avatar\/f10ad2822576477d416c760a199900e38d61b307c4b95b8675199d3e39a811b3?s=96&d=mm&r=g","caption":"Monika Piotrowska"},"url":"https:\/\/centrumzaburzenodzywiania.pl\/strefaspecjalisty\/author\/piotrowska1monikagmail-com\/"}]}},"_links":{"self":[{"href":"https:\/\/centrumzaburzenodzywiania.pl\/strefaspecjalisty\/wp-json\/wp\/v2\/posts\/584","targetHints":{"allow":["GET"]}}],"collection":[{"href":"https:\/\/centrumzaburzenodzywiania.pl\/strefaspecjalisty\/wp-json\/wp\/v2\/posts"}],"about":[{"href":"https:\/\/centrumzaburzenodzywiania.pl\/strefaspecjalisty\/wp-json\/wp\/v2\/types\/post"}],"author":[{"embeddable":true,"href":"https:\/\/centrumzaburzenodzywiania.pl\/strefaspecjalisty\/wp-json\/wp\/v2\/users\/3"}],"replies":[{"embeddable":true,"href":"https:\/\/centrumzaburzenodzywiania.pl\/strefaspecjalisty\/wp-json\/wp\/v2\/comments?post=584"}],"version-history":[{"count":2,"href":"https:\/\/centrumzaburzenodzywiania.pl\/strefaspecjalisty\/wp-json\/wp\/v2\/posts\/584\/revisions"}],"predecessor-version":[{"id":3677,"href":"https:\/\/centrumzaburzenodzywiania.pl\/strefaspecjalisty\/wp-json\/wp\/v2\/posts\/584\/revisions\/3677"}],"wp:featuredmedia":[{"embeddable":true,"href":"https:\/\/centrumzaburzenodzywiania.pl\/strefaspecjalisty\/wp-json\/wp\/v2\/media\/585"}],"wp:attachment":[{"href":"https:\/\/centrumzaburzenodzywiania.pl\/strefaspecjalisty\/wp-json\/wp\/v2\/media?parent=584"}],"wp:term":[{"taxonomy":"category","embeddable":true,"href":"https:\/\/centrumzaburzenodzywiania.pl\/strefaspecjalisty\/wp-json\/wp\/v2\/categories?post=584"},{"taxonomy":"post_tag","embeddable":true,"href":"https:\/\/centrumzaburzenodzywiania.pl\/strefaspecjalisty\/wp-json\/wp\/v2\/tags?post=584"}],"curies":[{"name":"wp","href":"https:\/\/api.w.org\/{rel}","templated":true}]}}