{"id":578,"date":"2021-04-06T16:37:04","date_gmt":"2021-04-06T14:37:04","guid":{"rendered":"https:\/\/centrumzaburzenodzywiania.pl\/strefaspecjalisty\/?p=578"},"modified":"2026-01-12T10:46:48","modified_gmt":"2026-01-12T09:46:48","slug":"etykietowanie-w-diagnozie-pomoc-czy-przeszkoda","status":"publish","type":"post","link":"https:\/\/centrumzaburzenodzywiania.pl\/strefaspecjalisty\/etykietowanie-w-diagnozie-pomoc-czy-przeszkoda\/","title":{"rendered":"Etykietowanie w diagnozie. Pomoc czy przeszkoda?"},"content":{"rendered":"\n<p><strong>Etykieta to potocznie m\u00f3wi\u0105c nazwa lub opis przypisane komu\u015b lub czemu\u015b. Pozornie wydaje si\u0119 by\u0107 bez znaczenia, zwyk\u0142a cz\u0119\u015b\u0107 codziennego \u017cycia i interakcji spo\u0142ecznych. Cz\u0119sto jest wr\u0119cz po\u017c\u0105dana i oczekiwana, np. gdy chcemy, by lekarz okre\u015bli\u0142, co dok\u0142adnie nam dolega. Jednak czy rzeczywi\u015bcie etykietowanie jest tak nieistotne, jak nam si\u0119 wydaje?<\/strong><\/p>\n\n\n\n<p>Gdy udajemy si\u0119 z problemem do dowolnego specjalisty, naturalne jest, \u017ce oczekujemy diagnozy. Diagnozowanie to proces, kt\u00f3ry w teorii powinien by\u0107 wolny od wszelkiego warto\u015bciowania. W praktyce \u2013 nie do ko\u0144ca. Diagnoza bardzo \u0142atwo mo\u017ce sta\u0107 si\u0119 \u017ar\u00f3d\u0142em najr\u00f3\u017cniejszych zjawisk zwi\u0105zanych z etykietowaniem, m.in. stygmatyzacji, inaczej naznaczenia lub pi\u0119tna, a tak\u017ce stereotyp\u00f3w czy samospe\u0142niaj\u0105cego si\u0119 proroctwa.<\/p>\n\n\n\n<p>Czasami osoba, kt\u00f3rej przylepi si\u0119 \u0142atk\u0119 \u201echory\u201d, do\u015bwiadcza wi\u0119kszych cierpie\u0144 ni\u017c wcze\u015bniej, gdy jej trudno\u015bci by\u0142y tylko zbiorem namacalnych zachowa\u0144 czy pojedynczych objaw\u00f3w. Zyskanie dla nich fachowego terminu w pewnym sensie automatycznie umieszcza osob\u0119 w pewnej kategorii, czy pro\u015bciej m\u00f3wi\u0105c \u2013 szufladkuje j\u0105. Staje si\u0119 ona w jaki\u015b spos\u00f3b inna, r\u00f3\u017cna od reszty spo\u0142ecze\u0144stwa. A ju\u017c samo poj\u0119cie \u201echoroba\u201d czy \u201ezaburzenie\u201d sugeruje negatywny wyd\u017awi\u0119k tej inno\u015bci. W ten oto spos\u00f3b jednostka zyskuje pi\u0119tno.<\/p>\n\n\n\n<p>Wielu badaczy twierdzi, \u017ce pi\u0119tno samo w sobie powoduje uto\u017csamienie si\u0119 z dolegliwo\u015bciami. Kto\u015b zaetykietowany bardzo szybko zaczyna definiowa\u0107 siebie przez swoj\u0105 dolegliwo\u015b\u0107. Chorob\u0119 widzi nie jako co\u015b, co mo\u017cna zwalczy\u0107, ale jako co\u015b, co jest cz\u0119\u015bci\u0105 niego. On nie ma anoreksji &nbsp;\u2013&nbsp;jest anorektykiem. Nie choruje na oty\u0142o\u015b\u0107 \u2013 jest oty\u0142y. To zjawisko odnosi si\u0119 r\u00f3wnie\u017c do postrzegania osoby przez innych. Wynika bowiem z naturalnej tendencji ludzi do generalizacji, a wi\u0119c poczucia, \u017ce je\u015bli kto\u015b ma jedn\u0105 negatywn\u0105, nieakceptowan\u0105 cech\u0119, to ca\u0142y musi by\u0107 po prostu \u201ez\u0142y\u201d.<\/p>\n\n\n\n<p>Je\u015bli wi\u0119c osoba, kt\u00f3ra \u2013 przyk\u0142adowo \u2013&nbsp;nie manifestuje widocznie swoich zaburze\u0144 od\u017cywiania, w jaki\u015b spos\u00f3b je ujawni osobie niestygmatyzowanej, mo\u017ce si\u0119 spodziewa\u0107 nieprzyjemno\u015bci. Bardzo cz\u0119sto osoby niedotkni\u0119te dan\u0105 przypad\u0142o\u015bci\u0105, nie wiedz\u0105 jak si\u0119 zachowa\u0107 i staj\u0105 si\u0119 nazbyt \u015bwiadome inno\u015bci rozm\u00f3wcy. Ich uwaga przestaje si\u0119 skupia\u0107 na w\u0142a\u015bciwych elementach interakcji, zaw\u0119\u017ca si\u0119 na nietypowym stanie i wprawieni s\u0105 w zak\u0142opotanie. Typowe przejawy dyskomfortu to, m.in. ostro\u017cne napomknienia o stan rozm\u00f3wcy, tabuizacja zwyczajnych s\u0142\u00f3w (np. g\u0142\u00f3d, je\u015b\u0107), unikanie kontaktu wzrokowego, by przypadkiem nie skupi\u0107 go na elementach cia\u0142a zwi\u0105zanych z nagle wyeksponowanym zaburzeniem. Osoba naznaczona bole\u015bnie to odczuwa, cz\u0119sto staje si\u0119 bardziej wycofana i mniej pewna w sytuacjach spo\u0142ecznych.<\/p>\n\n\n\n<p>Pomijaj\u0105c fakt, \u017ce nie zawsze mo\u017cna zatai\u0107 sw\u00f3j stan (np. w przypadku oty\u0142o\u015bci), to osoba nagle u\u015bwiadomiona przez diagnost\u0119, \u017ce odbiega od normy, wchodzi w interakcje z pod\u015bwiadomym niepokojem. Zastanawia si\u0119: \u201eCzy wida\u0107 moj\u0105 inno\u015b\u0107? Jak rozm\u00f3wca mnie odbiera? Czy jest wobec mnie szczery?\u201d Tutaj wkracza mechanizm samospe\u0142niaj\u0105cego si\u0119 proroctwa. Takie&nbsp; my\u015bli maj\u0105 wp\u0142yw na mow\u0119 cia\u0142a osoby naznaczonej oraz tego, jak odbiera r\u00f3\u017cne informacje zwrotne od partnera interakcji. W efekcie, on to wyczuwa i reaguje podobnie. Ko\u0142o si\u0119 zamyka \u2013 je\u015bli uwa\u017casz, \u017ce zostaniesz \u017ale odebrany, bardzo prawdopodobne, \u017ce tak si\u0119 stanie.<\/p>\n\n\n\n<p>Po otrzymaniu etykiety od diagnosty, czasami klient staje si\u0119 bole\u015bnie \u015bwiadomy swojej odmienno\u015bci. Z jednej strony objawy, z kt\u00f3rymi kiedy\u015b m\u00f3g\u0142 sobie ca\u0142kiem dobrze radzi\u0107, nagle urastaj\u0105 do rangi powa\u017cnego problemu zdrowotnego, a by\u0107 mo\u017ce nawet zagro\u017cenia \u017cycia. Z drugiej jednak, nie wolno zapomnie\u0107, \u017ce samo rozpoznanie i uznanie problemu to pierwszy krok do zmian. Taka gwa\u0142towna pobudka mo\u017ce pozytywnie dzia\u0142a\u0107 na motywacj\u0119 niekt\u00f3rych ludzi.<\/p>\n\n\n\n<p>Uzyskanie jednolitej nazwy dla naszych problem\u00f3w daje nam psychiczny komfort \u2013 to tzw. zjawisko Rumpelstilzchena. Gdy dostajemy termin medyczny dla naszego zaburzenia, odczuwamy ulg\u0119. Odzyskujemy kontrol\u0119 poznawcz\u0105 nad naszym problemem, wiemy, co nam dolega, potrafimy to skategoryzowa\u0107 i zamkn\u0105\u0107 w ramki. Co\u015b, co by\u0142o nienamacalne, nagle zyskuje przys\u0142owiowe r\u0119ce i nogi.<\/p>\n\n\n\n<p>Teraz mo\u017cemy zacz\u0105\u0107 szuka\u0107 rozwi\u0105za\u0144. Wyszukiwanie informacji o zaburzeniu w Internecie, wyb\u00f3r odpowiedniego specjalisty i leczenia, a tak\u017ce znajdowanie grup zrzeszaj\u0105cych ludzi, kt\u00f3rzy podzielaj\u0105 nasze trudno\u015bci \u2013 to wszystko jest niemo\u017cliwe lub przynajmniej bardzo utrudnione bez odpowiedniego s\u0142owa klucza. &nbsp;Znajduj\u0105c ludzi, kt\u00f3rzy nas rozumiej\u0105 i przechodz\u0105 przez to samo, a tak\u017ce \u0142\u0105czenie si\u0119 w grupy wsparcia, mo\u017ce przeciwdzia\u0142a\u0107 psychicznym konsekwencjom stygmatyzacji. Pomoc innych ma nieraz du\u017co wi\u0119ksze znaczenie dla skutecznej eliminacji cierpienia, ni\u017c desperackie pr\u00f3by zaleczenia problemu, wielokrotnie ko\u0144czone fiaskiem z powodu niskiej motywacji.<\/p>\n\n\n\n<p>M\u00f3wi\u0105c o motywacji, warto zwr\u00f3ci\u0107 uwag\u0119 na pewien negatywny skutek zjawiska Rumpelstilzchena. Nieraz zdarza si\u0119, \u017ce osoba ze zidentyfikowanym zaburzeniem zaczyna przypisywa\u0107 mu wszystkie mo\u017cliwe niepowodzenia w r\u00f3\u017cnych aspektach swojego \u017cycia. Problem staje si\u0119 wym\u00f3wk\u0105 dla unikania aktywno\u015bci i obowi\u0105zk\u00f3w, a jednostka przyjmuje rol\u0119 pacjenta i ca\u0142kowicie oddaje si\u0119 pod opiek\u0119 innych. Wykszta\u0142ca si\u0119 wyuczona bezradno\u015b\u0107, pacjent definiuje siebie przez pryzmat choroby i ogarnia go niemoc. Brak mu motywacji do kooperacji i zmiany, bo po prostu w ni\u0105 nie wierzy, a to stanowi prawdziw\u0105 przeszkod\u0119 przy wszelkich pr\u00f3bach udzielenia mu pomocy.<\/p>\n\n\n\n<p>Wady i zalety etykietowania s\u0105 jednak tak naprawd\u0119 nierozerwalnie zwi\u0105zane. Jego efekty maj\u0105 zar\u00f3wno pozytywne i negatywne skutki dla walki z chorob\u0105. Profesjonalny diagnosta powinien potrafi\u0107 stwierdzi\u0107, czy dany klient ma przeciwwskazania do etykietowania. Nie liczy si\u0119 bowiem ilo\u015b\u0107 wad i zalet, ale ich subiektywna warto\u015b\u0107. Niekt\u00f3rzy cierpi\u0105cy wol\u0105 po prostu zna\u0107 swoje objawy i ich leczenie, a zyskanie \u0142atki mo\u017ce ich zupe\u0142nie zdezorganizowa\u0107. Natomiast innym, sprecyzowanie ich stanu mo\u017ce da\u0107 komfort i otuch\u0119 konieczne do szukania rozwi\u0105za\u0144. Warto poinformowa\u0107 pacjenta na temat skutk\u00f3w etykietowania, bo ju\u017c sama wiedza o niekorzystnym efekcie mo\u017ce go zminimalizowa\u0107.<\/p>\n\n\n\n<p>Bibliografia:<\/p>\n\n\n\n<p>Paluchowski W.J., Diagnoza psychologiczna. Podej\u015bcie jako\u015bciowe i ilo\u015bciowe., wyd 1., Wydawnictwo Naukowe \u201eScholar\u201d, Warszawa, 2001<br>Goffman, E., Pi\u0119tno. Rozwa\u017cania o zranionej to\u017csamo\u015bci., wyd 1., prze\u0142. Dzier\u017cy\u0144ska A., Tokarska-Bakir J., Gda\u0144skie Wydawnictwo Psychologiczne, Gda\u0144sk, 2005<br>Spo\u0142eczna psychologia pi\u0119tna, pod red. Heatherton T.F., wyd. 1, Wydawnictwo naukowe PWN, Warszawa, 2008, rozdz. 10, K\u0142opotliwe momenty w interakcjach mi\u0119dzy jednostkami niestygmatyzowanymi i stygmatyzowanymi<br>Kojder A., Co to jest teoria naznaczania spo\u0142ecznego?, Studia Socjologiczne, 1980, (3) 45-65.<\/p>\n\n\n\n<p>Autor: Aleksandra Frydrysiak<\/p>\n","protected":false},"excerpt":{"rendered":"<p>Etykieta to potocznie m\u00f3wi\u0105c nazwa lub opis przypisane komu\u015b lub czemu\u015b. Pozornie wydaje si\u0119 by\u0107 bez znaczenia, zwyk\u0142a cz\u0119\u015b\u0107 codziennego \u017cycia i interakcji spo\u0142ecznych. Cz\u0119sto jest wr\u0119cz po\u017c\u0105dana i oczekiwana, np. gdy chcemy, by lekarz okre\u015bli\u0142, co dok\u0142adnie nam dolega. Jednak czy rzeczywi\u015bcie etykietowanie jest tak nieistotne, jak nam si\u0119 wydaje? Gdy udajemy si\u0119 z [&hellip;]<\/p>\n","protected":false},"author":3,"featured_media":579,"comment_status":"closed","ping_status":"closed","sticky":false,"template":"","format":"standard","meta":{"_acf_changed":false,"inline_featured_image":false,"footnotes":""},"categories":[2],"tags":[],"class_list":["post-578","post","type-post","status-publish","format-standard","has-post-thumbnail","hentry","category-blog"],"acf":[],"yoast_head":"<!-- This site is optimized with the Yoast SEO plugin v27.4 - https:\/\/yoast.com\/product\/yoast-seo-wordpress\/ -->\n<title>Etykietowanie w diagnozie. Pomoc czy przeszkoda? - Strefa Specjalisty - Og\u00f3lnopolskie Centrum Zaburze\u0144 Od\u017cywiania<\/title>\n<meta name=\"description\" content=\"Dowiedz si\u0119, jakie znaczenie ma przypisywanie tzw. &quot;\u0142atki&quot; diagnostycznej dla pacjenta z zaburzeniami od\u017cywiania.\" \/>\n<meta name=\"robots\" content=\"index, follow, max-snippet:-1, max-image-preview:large, max-video-preview:-1\" \/>\n<link rel=\"canonical\" href=\"https:\/\/centrumzaburzenodzywiania.pl\/strefaspecjalisty\/etykietowanie-w-diagnozie-pomoc-czy-przeszkoda\/\" \/>\n<meta property=\"og:locale\" content=\"pl_PL\" \/>\n<meta property=\"og:type\" content=\"article\" \/>\n<meta property=\"og:title\" content=\"Etykietowanie w diagnozie. Pomoc czy przeszkoda? - Strefa Specjalisty - Og\u00f3lnopolskie Centrum Zaburze\u0144 Od\u017cywiania\" \/>\n<meta property=\"og:description\" content=\"Dowiedz si\u0119, jakie znaczenie ma przypisywanie tzw. &quot;\u0142atki&quot; diagnostycznej dla pacjenta z zaburzeniami od\u017cywiania.\" \/>\n<meta property=\"og:url\" content=\"https:\/\/centrumzaburzenodzywiania.pl\/strefaspecjalisty\/etykietowanie-w-diagnozie-pomoc-czy-przeszkoda\/\" \/>\n<meta property=\"og:site_name\" content=\"Strefa Specjalisty - Og\u00f3lnopolskie Centrum Zaburze\u0144 Od\u017cywiania\" \/>\n<meta property=\"article:published_time\" content=\"2021-04-06T14:37:04+00:00\" \/>\n<meta property=\"article:modified_time\" content=\"2026-01-12T09:46:48+00:00\" \/>\n<meta property=\"og:image\" content=\"https:\/\/centrumzaburzenodzywiania.pl\/strefaspecjalisty\/wp-content\/uploads\/2021\/04\/etykietowanie-w-diagnozowaniu.jpeg\" \/>\n\t<meta property=\"og:image:width\" content=\"1880\" \/>\n\t<meta property=\"og:image:height\" content=\"1253\" \/>\n\t<meta property=\"og:image:type\" content=\"image\/jpeg\" \/>\n<meta name=\"author\" content=\"Monika Piotrowska\" \/>\n<meta name=\"twitter:card\" content=\"summary_large_image\" \/>\n<meta name=\"twitter:label1\" content=\"Napisane przez\" \/>\n\t<meta name=\"twitter:data1\" content=\"Monika Piotrowska\" \/>\n\t<meta name=\"twitter:label2\" content=\"Szacowany czas czytania\" \/>\n\t<meta name=\"twitter:data2\" content=\"6 minut\" \/>\n<script type=\"application\/ld+json\" class=\"yoast-schema-graph\">{\"@context\":\"https:\\\/\\\/schema.org\",\"@graph\":[{\"@type\":\"Article\",\"@id\":\"https:\\\/\\\/centrumzaburzenodzywiania.pl\\\/strefaspecjalisty\\\/etykietowanie-w-diagnozie-pomoc-czy-przeszkoda\\\/#article\",\"isPartOf\":{\"@id\":\"https:\\\/\\\/centrumzaburzenodzywiania.pl\\\/strefaspecjalisty\\\/etykietowanie-w-diagnozie-pomoc-czy-przeszkoda\\\/\"},\"author\":{\"name\":\"Monika Piotrowska\",\"@id\":\"https:\\\/\\\/centrumzaburzenodzywiania.pl\\\/strefaspecjalisty\\\/#\\\/schema\\\/person\\\/4bb57bd5e4bd7d5f41cee36db68e8395\"},\"headline\":\"Etykietowanie w diagnozie. Pomoc czy przeszkoda?\",\"datePublished\":\"2021-04-06T14:37:04+00:00\",\"dateModified\":\"2026-01-12T09:46:48+00:00\",\"mainEntityOfPage\":{\"@id\":\"https:\\\/\\\/centrumzaburzenodzywiania.pl\\\/strefaspecjalisty\\\/etykietowanie-w-diagnozie-pomoc-czy-przeszkoda\\\/\"},\"wordCount\":1099,\"publisher\":{\"@id\":\"https:\\\/\\\/centrumzaburzenodzywiania.pl\\\/strefaspecjalisty\\\/#organization\"},\"image\":{\"@id\":\"https:\\\/\\\/centrumzaburzenodzywiania.pl\\\/strefaspecjalisty\\\/etykietowanie-w-diagnozie-pomoc-czy-przeszkoda\\\/#primaryimage\"},\"thumbnailUrl\":\"https:\\\/\\\/centrumzaburzenodzywiania.pl\\\/strefaspecjalisty\\\/wp-content\\\/uploads\\\/2021\\\/04\\\/etykietowanie-w-diagnozowaniu.jpeg\",\"articleSection\":[\"Blog\"],\"inLanguage\":\"pl-PL\"},{\"@type\":\"WebPage\",\"@id\":\"https:\\\/\\\/centrumzaburzenodzywiania.pl\\\/strefaspecjalisty\\\/etykietowanie-w-diagnozie-pomoc-czy-przeszkoda\\\/\",\"url\":\"https:\\\/\\\/centrumzaburzenodzywiania.pl\\\/strefaspecjalisty\\\/etykietowanie-w-diagnozie-pomoc-czy-przeszkoda\\\/\",\"name\":\"Etykietowanie w diagnozie. Pomoc czy przeszkoda? - Strefa Specjalisty - Og\u00f3lnopolskie Centrum Zaburze\u0144 Od\u017cywiania\",\"isPartOf\":{\"@id\":\"https:\\\/\\\/centrumzaburzenodzywiania.pl\\\/strefaspecjalisty\\\/#website\"},\"primaryImageOfPage\":{\"@id\":\"https:\\\/\\\/centrumzaburzenodzywiania.pl\\\/strefaspecjalisty\\\/etykietowanie-w-diagnozie-pomoc-czy-przeszkoda\\\/#primaryimage\"},\"image\":{\"@id\":\"https:\\\/\\\/centrumzaburzenodzywiania.pl\\\/strefaspecjalisty\\\/etykietowanie-w-diagnozie-pomoc-czy-przeszkoda\\\/#primaryimage\"},\"thumbnailUrl\":\"https:\\\/\\\/centrumzaburzenodzywiania.pl\\\/strefaspecjalisty\\\/wp-content\\\/uploads\\\/2021\\\/04\\\/etykietowanie-w-diagnozowaniu.jpeg\",\"datePublished\":\"2021-04-06T14:37:04+00:00\",\"dateModified\":\"2026-01-12T09:46:48+00:00\",\"description\":\"Dowiedz si\u0119, jakie znaczenie ma przypisywanie tzw. \\\"\u0142atki\\\" diagnostycznej dla pacjenta z zaburzeniami od\u017cywiania.\",\"breadcrumb\":{\"@id\":\"https:\\\/\\\/centrumzaburzenodzywiania.pl\\\/strefaspecjalisty\\\/etykietowanie-w-diagnozie-pomoc-czy-przeszkoda\\\/#breadcrumb\"},\"inLanguage\":\"pl-PL\",\"potentialAction\":[{\"@type\":\"ReadAction\",\"target\":[\"https:\\\/\\\/centrumzaburzenodzywiania.pl\\\/strefaspecjalisty\\\/etykietowanie-w-diagnozie-pomoc-czy-przeszkoda\\\/\"]}]},{\"@type\":\"ImageObject\",\"inLanguage\":\"pl-PL\",\"@id\":\"https:\\\/\\\/centrumzaburzenodzywiania.pl\\\/strefaspecjalisty\\\/etykietowanie-w-diagnozie-pomoc-czy-przeszkoda\\\/#primaryimage\",\"url\":\"https:\\\/\\\/centrumzaburzenodzywiania.pl\\\/strefaspecjalisty\\\/wp-content\\\/uploads\\\/2021\\\/04\\\/etykietowanie-w-diagnozowaniu.jpeg\",\"contentUrl\":\"https:\\\/\\\/centrumzaburzenodzywiania.pl\\\/strefaspecjalisty\\\/wp-content\\\/uploads\\\/2021\\\/04\\\/etykietowanie-w-diagnozowaniu.jpeg\",\"width\":1880,\"height\":1253},{\"@type\":\"BreadcrumbList\",\"@id\":\"https:\\\/\\\/centrumzaburzenodzywiania.pl\\\/strefaspecjalisty\\\/etykietowanie-w-diagnozie-pomoc-czy-przeszkoda\\\/#breadcrumb\",\"itemListElement\":[{\"@type\":\"ListItem\",\"position\":1,\"name\":\"Strona g\u0142\u00f3wna\",\"item\":\"https:\\\/\\\/centrumzaburzenodzywiania.pl\\\/strefaspecjalisty\\\/\"},{\"@type\":\"ListItem\",\"position\":2,\"name\":\"Etykietowanie w diagnozie. Pomoc czy przeszkoda?\"}]},{\"@type\":\"WebSite\",\"@id\":\"https:\\\/\\\/centrumzaburzenodzywiania.pl\\\/strefaspecjalisty\\\/#website\",\"url\":\"https:\\\/\\\/centrumzaburzenodzywiania.pl\\\/strefaspecjalisty\\\/\",\"name\":\"Strefa Specjalisty - Og\u00f3lnopolskie Centrum Zaburze\u0144 Od\u017cywiania\",\"description\":\"Strefa Specjalisty - Og\u00f3lnopolskie Centrum Zaburze\u0144 Od\u017cywiania\",\"publisher\":{\"@id\":\"https:\\\/\\\/centrumzaburzenodzywiania.pl\\\/strefaspecjalisty\\\/#organization\"},\"potentialAction\":[{\"@type\":\"SearchAction\",\"target\":{\"@type\":\"EntryPoint\",\"urlTemplate\":\"https:\\\/\\\/centrumzaburzenodzywiania.pl\\\/strefaspecjalisty\\\/?s={search_term_string}\"},\"query-input\":{\"@type\":\"PropertyValueSpecification\",\"valueRequired\":true,\"valueName\":\"search_term_string\"}}],\"inLanguage\":\"pl-PL\"},{\"@type\":\"Organization\",\"@id\":\"https:\\\/\\\/centrumzaburzenodzywiania.pl\\\/strefaspecjalisty\\\/#organization\",\"name\":\"Strefa Specjalisty - Og\u00f3lnopolskie Centrum Zaburze\u0144 Od\u017cywiania\",\"url\":\"https:\\\/\\\/centrumzaburzenodzywiania.pl\\\/strefaspecjalisty\\\/\",\"logo\":{\"@type\":\"ImageObject\",\"inLanguage\":\"pl-PL\",\"@id\":\"https:\\\/\\\/centrumzaburzenodzywiania.pl\\\/strefaspecjalisty\\\/#\\\/schema\\\/logo\\\/image\\\/\",\"url\":\"https:\\\/\\\/centrumzaburzenodzywiania.pl\\\/strefaspecjalisty\\\/wp-content\\\/uploads\\\/2025\\\/11\\\/logo.png\",\"contentUrl\":\"https:\\\/\\\/centrumzaburzenodzywiania.pl\\\/strefaspecjalisty\\\/wp-content\\\/uploads\\\/2025\\\/11\\\/logo.png\",\"width\":141,\"height\":54,\"caption\":\"Strefa Specjalisty - Og\u00f3lnopolskie Centrum Zaburze\u0144 Od\u017cywiania\"},\"image\":{\"@id\":\"https:\\\/\\\/centrumzaburzenodzywiania.pl\\\/strefaspecjalisty\\\/#\\\/schema\\\/logo\\\/image\\\/\"}},{\"@type\":\"Person\",\"@id\":\"https:\\\/\\\/centrumzaburzenodzywiania.pl\\\/strefaspecjalisty\\\/#\\\/schema\\\/person\\\/4bb57bd5e4bd7d5f41cee36db68e8395\",\"name\":\"Monika Piotrowska\",\"image\":{\"@type\":\"ImageObject\",\"inLanguage\":\"pl-PL\",\"@id\":\"https:\\\/\\\/secure.gravatar.com\\\/avatar\\\/f10ad2822576477d416c760a199900e38d61b307c4b95b8675199d3e39a811b3?s=96&d=mm&r=g\",\"url\":\"https:\\\/\\\/secure.gravatar.com\\\/avatar\\\/f10ad2822576477d416c760a199900e38d61b307c4b95b8675199d3e39a811b3?s=96&d=mm&r=g\",\"contentUrl\":\"https:\\\/\\\/secure.gravatar.com\\\/avatar\\\/f10ad2822576477d416c760a199900e38d61b307c4b95b8675199d3e39a811b3?s=96&d=mm&r=g\",\"caption\":\"Monika Piotrowska\"},\"url\":\"https:\\\/\\\/centrumzaburzenodzywiania.pl\\\/strefaspecjalisty\\\/author\\\/piotrowska1monikagmail-com\\\/\"}]}<\/script>\n<!-- \/ Yoast SEO plugin. -->","yoast_head_json":{"title":"Etykietowanie w diagnozie. Pomoc czy przeszkoda? - Strefa Specjalisty - Og\u00f3lnopolskie Centrum Zaburze\u0144 Od\u017cywiania","description":"Dowiedz si\u0119, jakie znaczenie ma przypisywanie tzw. \"\u0142atki\" diagnostycznej dla pacjenta z zaburzeniami od\u017cywiania.","robots":{"index":"index","follow":"follow","max-snippet":"max-snippet:-1","max-image-preview":"max-image-preview:large","max-video-preview":"max-video-preview:-1"},"canonical":"https:\/\/centrumzaburzenodzywiania.pl\/strefaspecjalisty\/etykietowanie-w-diagnozie-pomoc-czy-przeszkoda\/","og_locale":"pl_PL","og_type":"article","og_title":"Etykietowanie w diagnozie. Pomoc czy przeszkoda? - Strefa Specjalisty - Og\u00f3lnopolskie Centrum Zaburze\u0144 Od\u017cywiania","og_description":"Dowiedz si\u0119, jakie znaczenie ma przypisywanie tzw. \"\u0142atki\" diagnostycznej dla pacjenta z zaburzeniami od\u017cywiania.","og_url":"https:\/\/centrumzaburzenodzywiania.pl\/strefaspecjalisty\/etykietowanie-w-diagnozie-pomoc-czy-przeszkoda\/","og_site_name":"Strefa Specjalisty - Og\u00f3lnopolskie Centrum Zaburze\u0144 Od\u017cywiania","article_published_time":"2021-04-06T14:37:04+00:00","article_modified_time":"2026-01-12T09:46:48+00:00","og_image":[{"width":1880,"height":1253,"url":"https:\/\/centrumzaburzenodzywiania.pl\/strefaspecjalisty\/wp-content\/uploads\/2021\/04\/etykietowanie-w-diagnozowaniu.jpeg","type":"image\/jpeg"}],"author":"Monika Piotrowska","twitter_card":"summary_large_image","twitter_misc":{"Napisane przez":"Monika Piotrowska","Szacowany czas czytania":"6 minut"},"schema":{"@context":"https:\/\/schema.org","@graph":[{"@type":"Article","@id":"https:\/\/centrumzaburzenodzywiania.pl\/strefaspecjalisty\/etykietowanie-w-diagnozie-pomoc-czy-przeszkoda\/#article","isPartOf":{"@id":"https:\/\/centrumzaburzenodzywiania.pl\/strefaspecjalisty\/etykietowanie-w-diagnozie-pomoc-czy-przeszkoda\/"},"author":{"name":"Monika Piotrowska","@id":"https:\/\/centrumzaburzenodzywiania.pl\/strefaspecjalisty\/#\/schema\/person\/4bb57bd5e4bd7d5f41cee36db68e8395"},"headline":"Etykietowanie w diagnozie. Pomoc czy przeszkoda?","datePublished":"2021-04-06T14:37:04+00:00","dateModified":"2026-01-12T09:46:48+00:00","mainEntityOfPage":{"@id":"https:\/\/centrumzaburzenodzywiania.pl\/strefaspecjalisty\/etykietowanie-w-diagnozie-pomoc-czy-przeszkoda\/"},"wordCount":1099,"publisher":{"@id":"https:\/\/centrumzaburzenodzywiania.pl\/strefaspecjalisty\/#organization"},"image":{"@id":"https:\/\/centrumzaburzenodzywiania.pl\/strefaspecjalisty\/etykietowanie-w-diagnozie-pomoc-czy-przeszkoda\/#primaryimage"},"thumbnailUrl":"https:\/\/centrumzaburzenodzywiania.pl\/strefaspecjalisty\/wp-content\/uploads\/2021\/04\/etykietowanie-w-diagnozowaniu.jpeg","articleSection":["Blog"],"inLanguage":"pl-PL"},{"@type":"WebPage","@id":"https:\/\/centrumzaburzenodzywiania.pl\/strefaspecjalisty\/etykietowanie-w-diagnozie-pomoc-czy-przeszkoda\/","url":"https:\/\/centrumzaburzenodzywiania.pl\/strefaspecjalisty\/etykietowanie-w-diagnozie-pomoc-czy-przeszkoda\/","name":"Etykietowanie w diagnozie. Pomoc czy przeszkoda? - Strefa Specjalisty - Og\u00f3lnopolskie Centrum Zaburze\u0144 Od\u017cywiania","isPartOf":{"@id":"https:\/\/centrumzaburzenodzywiania.pl\/strefaspecjalisty\/#website"},"primaryImageOfPage":{"@id":"https:\/\/centrumzaburzenodzywiania.pl\/strefaspecjalisty\/etykietowanie-w-diagnozie-pomoc-czy-przeszkoda\/#primaryimage"},"image":{"@id":"https:\/\/centrumzaburzenodzywiania.pl\/strefaspecjalisty\/etykietowanie-w-diagnozie-pomoc-czy-przeszkoda\/#primaryimage"},"thumbnailUrl":"https:\/\/centrumzaburzenodzywiania.pl\/strefaspecjalisty\/wp-content\/uploads\/2021\/04\/etykietowanie-w-diagnozowaniu.jpeg","datePublished":"2021-04-06T14:37:04+00:00","dateModified":"2026-01-12T09:46:48+00:00","description":"Dowiedz si\u0119, jakie znaczenie ma przypisywanie tzw. \"\u0142atki\" diagnostycznej dla pacjenta z zaburzeniami od\u017cywiania.","breadcrumb":{"@id":"https:\/\/centrumzaburzenodzywiania.pl\/strefaspecjalisty\/etykietowanie-w-diagnozie-pomoc-czy-przeszkoda\/#breadcrumb"},"inLanguage":"pl-PL","potentialAction":[{"@type":"ReadAction","target":["https:\/\/centrumzaburzenodzywiania.pl\/strefaspecjalisty\/etykietowanie-w-diagnozie-pomoc-czy-przeszkoda\/"]}]},{"@type":"ImageObject","inLanguage":"pl-PL","@id":"https:\/\/centrumzaburzenodzywiania.pl\/strefaspecjalisty\/etykietowanie-w-diagnozie-pomoc-czy-przeszkoda\/#primaryimage","url":"https:\/\/centrumzaburzenodzywiania.pl\/strefaspecjalisty\/wp-content\/uploads\/2021\/04\/etykietowanie-w-diagnozowaniu.jpeg","contentUrl":"https:\/\/centrumzaburzenodzywiania.pl\/strefaspecjalisty\/wp-content\/uploads\/2021\/04\/etykietowanie-w-diagnozowaniu.jpeg","width":1880,"height":1253},{"@type":"BreadcrumbList","@id":"https:\/\/centrumzaburzenodzywiania.pl\/strefaspecjalisty\/etykietowanie-w-diagnozie-pomoc-czy-przeszkoda\/#breadcrumb","itemListElement":[{"@type":"ListItem","position":1,"name":"Strona g\u0142\u00f3wna","item":"https:\/\/centrumzaburzenodzywiania.pl\/strefaspecjalisty\/"},{"@type":"ListItem","position":2,"name":"Etykietowanie w diagnozie. Pomoc czy przeszkoda?"}]},{"@type":"WebSite","@id":"https:\/\/centrumzaburzenodzywiania.pl\/strefaspecjalisty\/#website","url":"https:\/\/centrumzaburzenodzywiania.pl\/strefaspecjalisty\/","name":"Strefa Specjalisty - Og\u00f3lnopolskie Centrum Zaburze\u0144 Od\u017cywiania","description":"Strefa Specjalisty - Og\u00f3lnopolskie Centrum Zaburze\u0144 Od\u017cywiania","publisher":{"@id":"https:\/\/centrumzaburzenodzywiania.pl\/strefaspecjalisty\/#organization"},"potentialAction":[{"@type":"SearchAction","target":{"@type":"EntryPoint","urlTemplate":"https:\/\/centrumzaburzenodzywiania.pl\/strefaspecjalisty\/?s={search_term_string}"},"query-input":{"@type":"PropertyValueSpecification","valueRequired":true,"valueName":"search_term_string"}}],"inLanguage":"pl-PL"},{"@type":"Organization","@id":"https:\/\/centrumzaburzenodzywiania.pl\/strefaspecjalisty\/#organization","name":"Strefa Specjalisty - Og\u00f3lnopolskie Centrum Zaburze\u0144 Od\u017cywiania","url":"https:\/\/centrumzaburzenodzywiania.pl\/strefaspecjalisty\/","logo":{"@type":"ImageObject","inLanguage":"pl-PL","@id":"https:\/\/centrumzaburzenodzywiania.pl\/strefaspecjalisty\/#\/schema\/logo\/image\/","url":"https:\/\/centrumzaburzenodzywiania.pl\/strefaspecjalisty\/wp-content\/uploads\/2025\/11\/logo.png","contentUrl":"https:\/\/centrumzaburzenodzywiania.pl\/strefaspecjalisty\/wp-content\/uploads\/2025\/11\/logo.png","width":141,"height":54,"caption":"Strefa Specjalisty - Og\u00f3lnopolskie Centrum Zaburze\u0144 Od\u017cywiania"},"image":{"@id":"https:\/\/centrumzaburzenodzywiania.pl\/strefaspecjalisty\/#\/schema\/logo\/image\/"}},{"@type":"Person","@id":"https:\/\/centrumzaburzenodzywiania.pl\/strefaspecjalisty\/#\/schema\/person\/4bb57bd5e4bd7d5f41cee36db68e8395","name":"Monika Piotrowska","image":{"@type":"ImageObject","inLanguage":"pl-PL","@id":"https:\/\/secure.gravatar.com\/avatar\/f10ad2822576477d416c760a199900e38d61b307c4b95b8675199d3e39a811b3?s=96&d=mm&r=g","url":"https:\/\/secure.gravatar.com\/avatar\/f10ad2822576477d416c760a199900e38d61b307c4b95b8675199d3e39a811b3?s=96&d=mm&r=g","contentUrl":"https:\/\/secure.gravatar.com\/avatar\/f10ad2822576477d416c760a199900e38d61b307c4b95b8675199d3e39a811b3?s=96&d=mm&r=g","caption":"Monika Piotrowska"},"url":"https:\/\/centrumzaburzenodzywiania.pl\/strefaspecjalisty\/author\/piotrowska1monikagmail-com\/"}]}},"_links":{"self":[{"href":"https:\/\/centrumzaburzenodzywiania.pl\/strefaspecjalisty\/wp-json\/wp\/v2\/posts\/578","targetHints":{"allow":["GET"]}}],"collection":[{"href":"https:\/\/centrumzaburzenodzywiania.pl\/strefaspecjalisty\/wp-json\/wp\/v2\/posts"}],"about":[{"href":"https:\/\/centrumzaburzenodzywiania.pl\/strefaspecjalisty\/wp-json\/wp\/v2\/types\/post"}],"author":[{"embeddable":true,"href":"https:\/\/centrumzaburzenodzywiania.pl\/strefaspecjalisty\/wp-json\/wp\/v2\/users\/3"}],"replies":[{"embeddable":true,"href":"https:\/\/centrumzaburzenodzywiania.pl\/strefaspecjalisty\/wp-json\/wp\/v2\/comments?post=578"}],"version-history":[{"count":2,"href":"https:\/\/centrumzaburzenodzywiania.pl\/strefaspecjalisty\/wp-json\/wp\/v2\/posts\/578\/revisions"}],"predecessor-version":[{"id":3679,"href":"https:\/\/centrumzaburzenodzywiania.pl\/strefaspecjalisty\/wp-json\/wp\/v2\/posts\/578\/revisions\/3679"}],"wp:featuredmedia":[{"embeddable":true,"href":"https:\/\/centrumzaburzenodzywiania.pl\/strefaspecjalisty\/wp-json\/wp\/v2\/media\/579"}],"wp:attachment":[{"href":"https:\/\/centrumzaburzenodzywiania.pl\/strefaspecjalisty\/wp-json\/wp\/v2\/media?parent=578"}],"wp:term":[{"taxonomy":"category","embeddable":true,"href":"https:\/\/centrumzaburzenodzywiania.pl\/strefaspecjalisty\/wp-json\/wp\/v2\/categories?post=578"},{"taxonomy":"post_tag","embeddable":true,"href":"https:\/\/centrumzaburzenodzywiania.pl\/strefaspecjalisty\/wp-json\/wp\/v2\/tags?post=578"}],"curies":[{"name":"wp","href":"https:\/\/api.w.org\/{rel}","templated":true}]}}