{"id":563,"date":"2021-04-06T16:31:57","date_gmt":"2021-04-06T14:31:57","guid":{"rendered":"https:\/\/centrumzaburzenodzywiania.pl\/strefaspecjalisty\/?p=563"},"modified":"2026-01-13T08:38:14","modified_gmt":"2026-01-13T07:38:14","slug":"rola-dietetyka-w-leczeniu-zaburzen-odzywiania","status":"publish","type":"post","link":"https:\/\/centrumzaburzenodzywiania.pl\/strefaspecjalisty\/rola-dietetyka-w-leczeniu-zaburzen-odzywiania\/","title":{"rendered":"Rola dietetyka w leczeniu zaburze\u0144 od\u017cywiania."},"content":{"rendered":"\n<p>Zachowania \u017cywieniowe uwarunkowane s\u0105 nie tylko odczuwaniem g\u0142odu. Mog\u0105 te\u017c wynika\u0107 z prze\u017cywanych emocji, potrzeb, nastroj\u00f3w. Rodzice nierzadko wykorzystuj\u0105 jedzenie w celu wynagrodzenia, pocieszenia czy ukarania dziecka. Z czasem zaspokajanie potrzeb emocjonalnych za pomoc\u0105 smako\u0142yk\u00f3w staje si\u0119 dla m\u0142odego cz\u0142owieka norm\u0105. Niekorzystne jest tak\u017ce oddzia\u0142ywanie \u015brodk\u00f3w masowego przekazu, kt\u00f3re z jednej strony ukazuj\u0105 jedzenie jako jedn\u0105 z najwi\u0119kszych przyjemno\u015bci \u017cyciowych, a z drugiej lansuj\u0105 kult szczup\u0142ej sylwetki. Powoduje to konflikt mi\u0119dzy spo\u017cywaniem smacznych produkt\u00f3w,&nbsp;a utrzymaniem upragnionej sylwetki.<\/p>\n\n\n\n<p>Uwa\u017cam, \u017ce wy\u017cej wymienione czynniki w znacznym stopniu przyczyniaj\u0105 si\u0119 do rozwoju zaburze\u0144 od\u017cywiania, a zw\u0142aszcza bulimii. Bulimia nervosa jest bardzo ci\u0119\u017ck\u0105, m\u0119cz\u0105c\u0105 i trudn\u0105 do wyleczenia chorob\u0105. Zachowania bulimiczne ujawniaj\u0105 si\u0119 w czasie zakup\u00f3w i nag\u0142ych (fizycznie odczuwanych) napad\u00f3w g\u0142odu. Bulimikom nieustannie towarzyszy uporczywy l\u0119k przed przyrostem masy cia\u0142a. Zwykle pomi\u0119dzy epizodami objadania i stosowania mechanizm\u00f3w kompensacyjnych stosuj\u0105 \u015bcis\u0142\u0105 diet\u0119. Produkty spo\u017cywcze dziel\u0105 na \u201edobre\u201d i ,,z\u0142e\u201d.<\/p>\n\n\n\n<p>\u201ez\u0142a\u201d \u017cywno\u015b\u0107<\/p>\n\n\n\n<p>\u2013 \u017cywno\u015b\u0107 bogata w energi\u0119 \u2013<br>wysokokaloryczna,<br>\u2013 dania na wynos (,,puste kalorie\u201d), w tym<br>hamburgery, zapiekanki, hot-dogi itp.,<br>\u2013 t\u0142uste potrawy,<br>\u2013 nabia\u0142, a przede wszystkim sery,<br>\u2013 pieczywo (opr\u00f3cz chrupkiego),<br>\u2013 s\u0142odycze: cukierki, ciasta, lizaki, lody<\/p>\n\n\n\n<p>\u201edobra\u201d \u017cywno\u015b\u0107<\/p>\n\n\n\n<p>\u2013 \u017cywno\u015b\u0107 bez zawarto\u015bci kalorii albo<br>z bardzo nisk\u0105 warto\u015bci\u0105 kaloryczn\u0105,<br>\u2013 potrawy o niskiej zawarto\u015bci t\u0142uszcz\u00f3w,<br>\u2013 jarzyny, ale nie ziemniaki,<br>\u2013 owoce, w tym suszone,<br>\u2013 kurczaki i ryby, ale nie czerwone mi\u0119so,<br>\u2013 \u017cywno\u015b\u0107 bogata w b\u0142onnik, wszystko co<br>mo\u017cna kupi\u0107 w sklepie ze zdrow\u0105<br>\u017cywno\u015bci\u0105<\/p>\n\n\n\n<p>Podobnie jak w przebiegu innych zaburze\u0144 od\u017cywiania na pocz\u0105tku dietetyk powinien skonsultowa\u0107 si\u0119 z reszt\u0105 zespo\u0142u terapeutycznego, aby jak najwi\u0119cej dowiedzie\u0107 si\u0119 na temat fizycznego i psychicznego stanu pacjenta. &nbsp;Nast\u0119pnie musi dokona\u0107 pomiar\u00f3w antropometrycznych i zebra\u0107 wywiad. Bardzo wa\u017cne jest zebranie informacji na temat: cz\u0119stotliwo\u015bci napad\u00f3w bulimicznych, stosowanej diety, somatycznych dolegliwo\u015bci towarzysz\u0105cych chorobie. Dzia\u0142ania te niezb\u0119dne s\u0105 do dostosowania odpowiedniej diety. Dietetyk jest osob\u0105, kt\u00f3ra powinna pom\u00f3c rodzicom w planowaniu zakup\u00f3w. W domu bulimika jedzenie nie powinno by\u0107 magazynowane. Zamiast wypadu do supermarketu raz w tygodniu powinno si\u0119 codziennie kupowa\u0107 kilka niezb\u0119dnych na bie\u017c\u0105co produkt\u00f3w. Dietetyk mo\u017ce te\u017c wybra\u0107 si\u0119 do sklepu z chorym lub chorym i jego rodzin\u0105 i pokaza\u0107 jak racjonalnie kupowa\u0107 produkty spo\u017cywcze. Jest to te\u017c czas by zapyta\u0107: na co pacjent ma ochot\u0119, czego si\u0119 boi, po czym \u017ale by si\u0119 czu\u0142 itp.<\/p>\n\n\n\n<p>Jad\u0142ospis<br>W jad\u0142ospisie powinno si\u0119 znale\u017a\u0107 5 niebyt du\u017cych, zbilansowanych, sk\u0142adaj\u0105cych si\u0119 ze wszystkich grup produkt\u00f3w (w\u0119glowodan\u00f3w, t\u0142uszcz\u00f3w i bia\u0142ek) posi\u0142k\u00f3w.&nbsp;Szczeg\u00f3ln\u0105 uwag\u0119 nale\u017cy zwr\u00f3ci\u0107 na bia\u0142ko jako najlepszy modulator g\u0142odu.&nbsp;Niezmiernie istotne jest tez by pacjent jad\u0142 regularnie, nie rzadziej, ni\u017c co 3-4 godziny. Z diety nale\u017cy wyeliminowa\u0107 cukry proste, kt\u00f3re wzmagaj\u0105 wydzielanie insuliny, a tym samym nasilaj\u0105 uczucie g\u0142odu. Pocz\u0105tkowo powinno si\u0119 te\u017c wyeliminowa\u0107 te produkty, kt\u00f3re pacjent uwa\u017ca za niebezpieczne.<\/p>\n\n\n\n<p>W leczeniu bulimii z dobrym efektem stosuje si\u0119 leki przeciwdepresyjne z grupy inhibitor\u00f3w zwrotnego wychwytu serotoniny. Potwierdza to znaczenie niedoboru serotoniny w powstawaniu choroby. W \u017car\u0142oczno\u015bci psychicznej stwierdza si\u0119 tak\u017ce niski poziom tryptofanu we krwi. W wyniku przemian metabolicznych aminokwas tryptofan przekszta\u0142cany jest w neuroprzeka\u017anik serotonin\u0119.&nbsp;Istniej\u0105 tak\u017ce badania dowodz\u0105ce korelacji mi\u0119dzy poziomem wspomnianego aminokwasu, a wyst\u0119powaniem epizod\u00f3w bulimicznych. Z tego powodu niezmiernie istotne jest, aby w jad\u0142ospisie bulimika nie zabrak\u0142o produkt\u00f3w zawieraj\u0105cych pe\u0142nowarto\u015bciowe bia\u0142ko.<\/p>\n\n\n\n<p>Suzanne A. i wsp\u00f3\u0142pracownicy w badaniu z podw\u00f3jnie \u015blep\u0105 pr\u00f3b\u0105, podawali kobietom cierpi\u0105cym na bulimi\u0119 psychiczn\u0105 tryptofan w dawce 3g dziennie i witamin\u0119 B6 w dawce 50mg w celu zwi\u0119kszenia pobierania tryptofanu przez kom\u00f3rki m\u00f3zgowe. Zaobserwowano, \u017ce pacjentki kt\u00f3re otrzymywa\u0142y tryptofan, mia\u0142y lepszy nastr\u00f3j, do\u015bwiadcza\u0142y mniej napad\u00f3w bulimii a tak\u017ce rzadziej si\u0119 przejada\u0142y.<\/p>\n\n\n\n<p><em>artyku\u0142 na podstawie pracy licencjackiej o temacie: ,,Post\u0119powanie dietetyczne w terapii psychogennych zaburze\u0144 od\u017cywiania\u201d napisanej w Zak\u0142adzie Higieny \u017bywienia i Epidemiologii Uniwersytetu Medycznego w \u0141odzi pod kierunkiem dr n.med.El\u017cbiety Trafalskiej<\/em><\/p>\n\n\n\n<p><em>Abraham S., Llewellyn J. D.: Anoreksja, bulimia, oty\u0142o\u015b\u0107. Wydawnictwo Naukowe PWN, Warszawa 1995.<br>Achremowicz B.: Patologiczne formy uzale\u017cnienia od jedzenia. Zdrowa \u017cywno\u015b\u0107. Zdrowy tryb \u017cycia, 2011, 4, 94, 16-18.<br>Cichy W., Namirowska L.: Wybrane aspekty stanu metabolicznego i psychicznego dzieci z jad\u0142owstr\u0119tem psychicznym. Nowiny Lekarskie 2004, 73, 165-171.<br>Gaw\u0119cki J., Hryniewiecki L.: \u017bywienie cz\u0142owieka. Podstawy nauki \u017cywieniu. Wydawnictwo Naukowe PWN, Warszawa 2008.<br>Grzymis\u0142awski M., Gaw\u0119cki J.: \u017bywienie cz\u0142owieka zdrowego i chorego 2. Wydawnictwo Naukowe PWN, Warszawa 2010.<br>Hartwig W.: Endokrynologia kliniczna I. Pa\u0144stwowy Zak\u0142ad Wydawnictw Lekarskich, Warszawa 1972.<br>Herrin M.: Nutrition Counselling in the Treatment of Eating Disorders.&nbsp;Routledge Taylor &amp; Francis Group, London 2003.<br>Jablow M.: Na bakier z jedzeniem. Gda\u0144skie Wydawnictwo Psychologiczne, Gda\u0144sk 1993.<br>J\u00f3zeik B.: Anoreksja i bulimia psychiczna. Rozumienie i leczenie zaburze\u0144 od\u017cywiania si\u0119. Wydawnictwo Uniwersytetu Jagiello\u0144skiego, Krak\u00f3w 1998<br>Lewitt A., Brz\u0119czek K., Krupieniacz A.: Interwencje \u017cywieniowe w leczeniu anoreksji \u2013 wskaz\u00f3wki dietetyczne, praca pogl\u0105dowa.<br>Lew-Starowicz Z.: Edukacja seksualna,.\u015awiat ksi\u0105\u017cki, Warszawa 2006.<br>Salomon, Berg, Martin, Ville, Biologia,&nbsp;MULTICO Oficyna Wydawnicza, Warszawa 2000<br>Smorawi\u0144ska A., Korman E., Rajewski A., Karlik A.: Czynno\u015b\u0107 tarczycy a metabolizm t\u0142uszcz\u00f3w u os\u00f3b z jad\u0142owstr\u0119tem psychicznym. Psychiatria Polska 2003, XXXVII, 1,str. 39-46.<br>Szajewska H.: \u017bywienie dzieci zdrowych i chorych. Oficyna wydawnicza warszawskiego Uniwersytetu Medycznego. Warszawa 2009.<br>Szyma\u0144ska U., Jagielska G., Tomaszewicz-Libudziec C., Przedlacki J.: Zaburzenia metabolizmu kostnego w jad\u0142owstr\u0119cie psychicznym, Wiadomo\u015bci lekarskie 2007, LX, 1-2.<\/em><\/p>\n\n\n\n<p><em>autor: Maria Sobieszek<\/em><\/p>\n","protected":false},"excerpt":{"rendered":"<p>Zachowania \u017cywieniowe uwarunkowane s\u0105 nie tylko odczuwaniem g\u0142odu. Mog\u0105 te\u017c wynika\u0107 z prze\u017cywanych emocji, potrzeb, nastroj\u00f3w. Rodzice nierzadko wykorzystuj\u0105 jedzenie w celu wynagrodzenia, pocieszenia czy ukarania dziecka. Z czasem zaspokajanie potrzeb emocjonalnych za pomoc\u0105 smako\u0142yk\u00f3w staje si\u0119 dla m\u0142odego cz\u0142owieka norm\u0105. Niekorzystne jest tak\u017ce oddzia\u0142ywanie \u015brodk\u00f3w masowego przekazu, kt\u00f3re z jednej strony ukazuj\u0105 jedzenie jako [&hellip;]<\/p>\n","protected":false},"author":3,"featured_media":564,"comment_status":"closed","ping_status":"closed","sticky":false,"template":"","format":"standard","meta":{"_acf_changed":false,"inline_featured_image":false,"footnotes":""},"categories":[2],"tags":[],"class_list":["post-563","post","type-post","status-publish","format-standard","has-post-thumbnail","hentry","category-blog"],"acf":[],"yoast_head":"<!-- This site is optimized with the Yoast SEO plugin v27.4 - https:\/\/yoast.com\/product\/yoast-seo-wordpress\/ -->\n<title>Rola dietetyka w leczeniu zaburze\u0144 od\u017cywiania. - Strefa Specjalisty - Og\u00f3lnopolskie Centrum Zaburze\u0144 Od\u017cywiania<\/title>\n<meta name=\"description\" content=\"Jaka jest rola dietetyka w leczeniu zaburze\u0144 od\u017cywiania? W cztm mo\u017ce pom\u00f3c osobie zmagaj\u0105cej si\u0119 z zaburzeniami od\u017cywiania?\" \/>\n<meta name=\"robots\" content=\"index, follow, max-snippet:-1, max-image-preview:large, max-video-preview:-1\" \/>\n<link rel=\"canonical\" href=\"https:\/\/centrumzaburzenodzywiania.pl\/strefaspecjalisty\/rola-dietetyka-w-leczeniu-zaburzen-odzywiania\/\" \/>\n<meta property=\"og:locale\" content=\"pl_PL\" \/>\n<meta property=\"og:type\" content=\"article\" \/>\n<meta property=\"og:title\" content=\"Rola dietetyka w leczeniu zaburze\u0144 od\u017cywiania. - Strefa Specjalisty - Og\u00f3lnopolskie Centrum Zaburze\u0144 Od\u017cywiania\" \/>\n<meta property=\"og:description\" content=\"Jaka jest rola dietetyka w leczeniu zaburze\u0144 od\u017cywiania? W cztm mo\u017ce pom\u00f3c osobie zmagaj\u0105cej si\u0119 z zaburzeniami od\u017cywiania?\" \/>\n<meta property=\"og:url\" content=\"https:\/\/centrumzaburzenodzywiania.pl\/strefaspecjalisty\/rola-dietetyka-w-leczeniu-zaburzen-odzywiania\/\" \/>\n<meta property=\"og:site_name\" content=\"Strefa Specjalisty - Og\u00f3lnopolskie Centrum Zaburze\u0144 Od\u017cywiania\" \/>\n<meta property=\"article:published_time\" content=\"2021-04-06T14:31:57+00:00\" \/>\n<meta property=\"article:modified_time\" content=\"2026-01-13T07:38:14+00:00\" \/>\n<meta property=\"og:image\" content=\"https:\/\/centrumzaburzenodzywiania.pl\/strefaspecjalisty\/wp-content\/uploads\/2021\/04\/Rola-dietetyka.jpeg\" \/>\n\t<meta property=\"og:image:width\" content=\"2000\" \/>\n\t<meta property=\"og:image:height\" content=\"1333\" \/>\n\t<meta property=\"og:image:type\" content=\"image\/jpeg\" \/>\n<meta name=\"author\" content=\"Monika Piotrowska\" \/>\n<meta name=\"twitter:card\" content=\"summary_large_image\" \/>\n<meta name=\"twitter:label1\" content=\"Napisane przez\" \/>\n\t<meta name=\"twitter:data1\" content=\"Monika Piotrowska\" \/>\n\t<meta name=\"twitter:label2\" content=\"Szacowany czas czytania\" \/>\n\t<meta name=\"twitter:data2\" content=\"6 minut\" \/>\n<script type=\"application\/ld+json\" class=\"yoast-schema-graph\">{\"@context\":\"https:\\\/\\\/schema.org\",\"@graph\":[{\"@type\":\"Article\",\"@id\":\"https:\\\/\\\/centrumzaburzenodzywiania.pl\\\/strefaspecjalisty\\\/rola-dietetyka-w-leczeniu-zaburzen-odzywiania\\\/#article\",\"isPartOf\":{\"@id\":\"https:\\\/\\\/centrumzaburzenodzywiania.pl\\\/strefaspecjalisty\\\/rola-dietetyka-w-leczeniu-zaburzen-odzywiania\\\/\"},\"author\":{\"name\":\"Monika Piotrowska\",\"@id\":\"https:\\\/\\\/centrumzaburzenodzywiania.pl\\\/strefaspecjalisty\\\/#\\\/schema\\\/person\\\/4bb57bd5e4bd7d5f41cee36db68e8395\"},\"headline\":\"Rola dietetyka w leczeniu zaburze\u0144 od\u017cywiania.\",\"datePublished\":\"2021-04-06T14:31:57+00:00\",\"dateModified\":\"2026-01-13T07:38:14+00:00\",\"mainEntityOfPage\":{\"@id\":\"https:\\\/\\\/centrumzaburzenodzywiania.pl\\\/strefaspecjalisty\\\/rola-dietetyka-w-leczeniu-zaburzen-odzywiania\\\/\"},\"wordCount\":973,\"publisher\":{\"@id\":\"https:\\\/\\\/centrumzaburzenodzywiania.pl\\\/strefaspecjalisty\\\/#organization\"},\"image\":{\"@id\":\"https:\\\/\\\/centrumzaburzenodzywiania.pl\\\/strefaspecjalisty\\\/rola-dietetyka-w-leczeniu-zaburzen-odzywiania\\\/#primaryimage\"},\"thumbnailUrl\":\"https:\\\/\\\/centrumzaburzenodzywiania.pl\\\/strefaspecjalisty\\\/wp-content\\\/uploads\\\/2021\\\/04\\\/Rola-dietetyka.jpeg\",\"articleSection\":[\"Blog\"],\"inLanguage\":\"pl-PL\"},{\"@type\":\"WebPage\",\"@id\":\"https:\\\/\\\/centrumzaburzenodzywiania.pl\\\/strefaspecjalisty\\\/rola-dietetyka-w-leczeniu-zaburzen-odzywiania\\\/\",\"url\":\"https:\\\/\\\/centrumzaburzenodzywiania.pl\\\/strefaspecjalisty\\\/rola-dietetyka-w-leczeniu-zaburzen-odzywiania\\\/\",\"name\":\"Rola dietetyka w leczeniu zaburze\u0144 od\u017cywiania. - Strefa Specjalisty - Og\u00f3lnopolskie Centrum Zaburze\u0144 Od\u017cywiania\",\"isPartOf\":{\"@id\":\"https:\\\/\\\/centrumzaburzenodzywiania.pl\\\/strefaspecjalisty\\\/#website\"},\"primaryImageOfPage\":{\"@id\":\"https:\\\/\\\/centrumzaburzenodzywiania.pl\\\/strefaspecjalisty\\\/rola-dietetyka-w-leczeniu-zaburzen-odzywiania\\\/#primaryimage\"},\"image\":{\"@id\":\"https:\\\/\\\/centrumzaburzenodzywiania.pl\\\/strefaspecjalisty\\\/rola-dietetyka-w-leczeniu-zaburzen-odzywiania\\\/#primaryimage\"},\"thumbnailUrl\":\"https:\\\/\\\/centrumzaburzenodzywiania.pl\\\/strefaspecjalisty\\\/wp-content\\\/uploads\\\/2021\\\/04\\\/Rola-dietetyka.jpeg\",\"datePublished\":\"2021-04-06T14:31:57+00:00\",\"dateModified\":\"2026-01-13T07:38:14+00:00\",\"description\":\"Jaka jest rola dietetyka w leczeniu zaburze\u0144 od\u017cywiania? W cztm mo\u017ce pom\u00f3c osobie zmagaj\u0105cej si\u0119 z zaburzeniami od\u017cywiania?\",\"breadcrumb\":{\"@id\":\"https:\\\/\\\/centrumzaburzenodzywiania.pl\\\/strefaspecjalisty\\\/rola-dietetyka-w-leczeniu-zaburzen-odzywiania\\\/#breadcrumb\"},\"inLanguage\":\"pl-PL\",\"potentialAction\":[{\"@type\":\"ReadAction\",\"target\":[\"https:\\\/\\\/centrumzaburzenodzywiania.pl\\\/strefaspecjalisty\\\/rola-dietetyka-w-leczeniu-zaburzen-odzywiania\\\/\"]}]},{\"@type\":\"ImageObject\",\"inLanguage\":\"pl-PL\",\"@id\":\"https:\\\/\\\/centrumzaburzenodzywiania.pl\\\/strefaspecjalisty\\\/rola-dietetyka-w-leczeniu-zaburzen-odzywiania\\\/#primaryimage\",\"url\":\"https:\\\/\\\/centrumzaburzenodzywiania.pl\\\/strefaspecjalisty\\\/wp-content\\\/uploads\\\/2021\\\/04\\\/Rola-dietetyka.jpeg\",\"contentUrl\":\"https:\\\/\\\/centrumzaburzenodzywiania.pl\\\/strefaspecjalisty\\\/wp-content\\\/uploads\\\/2021\\\/04\\\/Rola-dietetyka.jpeg\",\"width\":2000,\"height\":1333},{\"@type\":\"BreadcrumbList\",\"@id\":\"https:\\\/\\\/centrumzaburzenodzywiania.pl\\\/strefaspecjalisty\\\/rola-dietetyka-w-leczeniu-zaburzen-odzywiania\\\/#breadcrumb\",\"itemListElement\":[{\"@type\":\"ListItem\",\"position\":1,\"name\":\"Strona g\u0142\u00f3wna\",\"item\":\"https:\\\/\\\/centrumzaburzenodzywiania.pl\\\/strefaspecjalisty\\\/\"},{\"@type\":\"ListItem\",\"position\":2,\"name\":\"Rola dietetyka w leczeniu zaburze\u0144 od\u017cywiania.\"}]},{\"@type\":\"WebSite\",\"@id\":\"https:\\\/\\\/centrumzaburzenodzywiania.pl\\\/strefaspecjalisty\\\/#website\",\"url\":\"https:\\\/\\\/centrumzaburzenodzywiania.pl\\\/strefaspecjalisty\\\/\",\"name\":\"Strefa Specjalisty - Og\u00f3lnopolskie Centrum Zaburze\u0144 Od\u017cywiania\",\"description\":\"Strefa Specjalisty - Og\u00f3lnopolskie Centrum Zaburze\u0144 Od\u017cywiania\",\"publisher\":{\"@id\":\"https:\\\/\\\/centrumzaburzenodzywiania.pl\\\/strefaspecjalisty\\\/#organization\"},\"potentialAction\":[{\"@type\":\"SearchAction\",\"target\":{\"@type\":\"EntryPoint\",\"urlTemplate\":\"https:\\\/\\\/centrumzaburzenodzywiania.pl\\\/strefaspecjalisty\\\/?s={search_term_string}\"},\"query-input\":{\"@type\":\"PropertyValueSpecification\",\"valueRequired\":true,\"valueName\":\"search_term_string\"}}],\"inLanguage\":\"pl-PL\"},{\"@type\":\"Organization\",\"@id\":\"https:\\\/\\\/centrumzaburzenodzywiania.pl\\\/strefaspecjalisty\\\/#organization\",\"name\":\"Strefa Specjalisty - Og\u00f3lnopolskie Centrum Zaburze\u0144 Od\u017cywiania\",\"url\":\"https:\\\/\\\/centrumzaburzenodzywiania.pl\\\/strefaspecjalisty\\\/\",\"logo\":{\"@type\":\"ImageObject\",\"inLanguage\":\"pl-PL\",\"@id\":\"https:\\\/\\\/centrumzaburzenodzywiania.pl\\\/strefaspecjalisty\\\/#\\\/schema\\\/logo\\\/image\\\/\",\"url\":\"https:\\\/\\\/centrumzaburzenodzywiania.pl\\\/strefaspecjalisty\\\/wp-content\\\/uploads\\\/2025\\\/11\\\/logo.png\",\"contentUrl\":\"https:\\\/\\\/centrumzaburzenodzywiania.pl\\\/strefaspecjalisty\\\/wp-content\\\/uploads\\\/2025\\\/11\\\/logo.png\",\"width\":141,\"height\":54,\"caption\":\"Strefa Specjalisty - Og\u00f3lnopolskie Centrum Zaburze\u0144 Od\u017cywiania\"},\"image\":{\"@id\":\"https:\\\/\\\/centrumzaburzenodzywiania.pl\\\/strefaspecjalisty\\\/#\\\/schema\\\/logo\\\/image\\\/\"}},{\"@type\":\"Person\",\"@id\":\"https:\\\/\\\/centrumzaburzenodzywiania.pl\\\/strefaspecjalisty\\\/#\\\/schema\\\/person\\\/4bb57bd5e4bd7d5f41cee36db68e8395\",\"name\":\"Monika Piotrowska\",\"image\":{\"@type\":\"ImageObject\",\"inLanguage\":\"pl-PL\",\"@id\":\"https:\\\/\\\/secure.gravatar.com\\\/avatar\\\/f10ad2822576477d416c760a199900e38d61b307c4b95b8675199d3e39a811b3?s=96&d=mm&r=g\",\"url\":\"https:\\\/\\\/secure.gravatar.com\\\/avatar\\\/f10ad2822576477d416c760a199900e38d61b307c4b95b8675199d3e39a811b3?s=96&d=mm&r=g\",\"contentUrl\":\"https:\\\/\\\/secure.gravatar.com\\\/avatar\\\/f10ad2822576477d416c760a199900e38d61b307c4b95b8675199d3e39a811b3?s=96&d=mm&r=g\",\"caption\":\"Monika Piotrowska\"},\"url\":\"https:\\\/\\\/centrumzaburzenodzywiania.pl\\\/strefaspecjalisty\\\/author\\\/piotrowska1monikagmail-com\\\/\"}]}<\/script>\n<!-- \/ Yoast SEO plugin. -->","yoast_head_json":{"title":"Rola dietetyka w leczeniu zaburze\u0144 od\u017cywiania. - Strefa Specjalisty - Og\u00f3lnopolskie Centrum Zaburze\u0144 Od\u017cywiania","description":"Jaka jest rola dietetyka w leczeniu zaburze\u0144 od\u017cywiania? W cztm mo\u017ce pom\u00f3c osobie zmagaj\u0105cej si\u0119 z zaburzeniami od\u017cywiania?","robots":{"index":"index","follow":"follow","max-snippet":"max-snippet:-1","max-image-preview":"max-image-preview:large","max-video-preview":"max-video-preview:-1"},"canonical":"https:\/\/centrumzaburzenodzywiania.pl\/strefaspecjalisty\/rola-dietetyka-w-leczeniu-zaburzen-odzywiania\/","og_locale":"pl_PL","og_type":"article","og_title":"Rola dietetyka w leczeniu zaburze\u0144 od\u017cywiania. - Strefa Specjalisty - Og\u00f3lnopolskie Centrum Zaburze\u0144 Od\u017cywiania","og_description":"Jaka jest rola dietetyka w leczeniu zaburze\u0144 od\u017cywiania? W cztm mo\u017ce pom\u00f3c osobie zmagaj\u0105cej si\u0119 z zaburzeniami od\u017cywiania?","og_url":"https:\/\/centrumzaburzenodzywiania.pl\/strefaspecjalisty\/rola-dietetyka-w-leczeniu-zaburzen-odzywiania\/","og_site_name":"Strefa Specjalisty - Og\u00f3lnopolskie Centrum Zaburze\u0144 Od\u017cywiania","article_published_time":"2021-04-06T14:31:57+00:00","article_modified_time":"2026-01-13T07:38:14+00:00","og_image":[{"width":2000,"height":1333,"url":"https:\/\/centrumzaburzenodzywiania.pl\/strefaspecjalisty\/wp-content\/uploads\/2021\/04\/Rola-dietetyka.jpeg","type":"image\/jpeg"}],"author":"Monika Piotrowska","twitter_card":"summary_large_image","twitter_misc":{"Napisane przez":"Monika Piotrowska","Szacowany czas czytania":"6 minut"},"schema":{"@context":"https:\/\/schema.org","@graph":[{"@type":"Article","@id":"https:\/\/centrumzaburzenodzywiania.pl\/strefaspecjalisty\/rola-dietetyka-w-leczeniu-zaburzen-odzywiania\/#article","isPartOf":{"@id":"https:\/\/centrumzaburzenodzywiania.pl\/strefaspecjalisty\/rola-dietetyka-w-leczeniu-zaburzen-odzywiania\/"},"author":{"name":"Monika Piotrowska","@id":"https:\/\/centrumzaburzenodzywiania.pl\/strefaspecjalisty\/#\/schema\/person\/4bb57bd5e4bd7d5f41cee36db68e8395"},"headline":"Rola dietetyka w leczeniu zaburze\u0144 od\u017cywiania.","datePublished":"2021-04-06T14:31:57+00:00","dateModified":"2026-01-13T07:38:14+00:00","mainEntityOfPage":{"@id":"https:\/\/centrumzaburzenodzywiania.pl\/strefaspecjalisty\/rola-dietetyka-w-leczeniu-zaburzen-odzywiania\/"},"wordCount":973,"publisher":{"@id":"https:\/\/centrumzaburzenodzywiania.pl\/strefaspecjalisty\/#organization"},"image":{"@id":"https:\/\/centrumzaburzenodzywiania.pl\/strefaspecjalisty\/rola-dietetyka-w-leczeniu-zaburzen-odzywiania\/#primaryimage"},"thumbnailUrl":"https:\/\/centrumzaburzenodzywiania.pl\/strefaspecjalisty\/wp-content\/uploads\/2021\/04\/Rola-dietetyka.jpeg","articleSection":["Blog"],"inLanguage":"pl-PL"},{"@type":"WebPage","@id":"https:\/\/centrumzaburzenodzywiania.pl\/strefaspecjalisty\/rola-dietetyka-w-leczeniu-zaburzen-odzywiania\/","url":"https:\/\/centrumzaburzenodzywiania.pl\/strefaspecjalisty\/rola-dietetyka-w-leczeniu-zaburzen-odzywiania\/","name":"Rola dietetyka w leczeniu zaburze\u0144 od\u017cywiania. - Strefa Specjalisty - Og\u00f3lnopolskie Centrum Zaburze\u0144 Od\u017cywiania","isPartOf":{"@id":"https:\/\/centrumzaburzenodzywiania.pl\/strefaspecjalisty\/#website"},"primaryImageOfPage":{"@id":"https:\/\/centrumzaburzenodzywiania.pl\/strefaspecjalisty\/rola-dietetyka-w-leczeniu-zaburzen-odzywiania\/#primaryimage"},"image":{"@id":"https:\/\/centrumzaburzenodzywiania.pl\/strefaspecjalisty\/rola-dietetyka-w-leczeniu-zaburzen-odzywiania\/#primaryimage"},"thumbnailUrl":"https:\/\/centrumzaburzenodzywiania.pl\/strefaspecjalisty\/wp-content\/uploads\/2021\/04\/Rola-dietetyka.jpeg","datePublished":"2021-04-06T14:31:57+00:00","dateModified":"2026-01-13T07:38:14+00:00","description":"Jaka jest rola dietetyka w leczeniu zaburze\u0144 od\u017cywiania? W cztm mo\u017ce pom\u00f3c osobie zmagaj\u0105cej si\u0119 z zaburzeniami od\u017cywiania?","breadcrumb":{"@id":"https:\/\/centrumzaburzenodzywiania.pl\/strefaspecjalisty\/rola-dietetyka-w-leczeniu-zaburzen-odzywiania\/#breadcrumb"},"inLanguage":"pl-PL","potentialAction":[{"@type":"ReadAction","target":["https:\/\/centrumzaburzenodzywiania.pl\/strefaspecjalisty\/rola-dietetyka-w-leczeniu-zaburzen-odzywiania\/"]}]},{"@type":"ImageObject","inLanguage":"pl-PL","@id":"https:\/\/centrumzaburzenodzywiania.pl\/strefaspecjalisty\/rola-dietetyka-w-leczeniu-zaburzen-odzywiania\/#primaryimage","url":"https:\/\/centrumzaburzenodzywiania.pl\/strefaspecjalisty\/wp-content\/uploads\/2021\/04\/Rola-dietetyka.jpeg","contentUrl":"https:\/\/centrumzaburzenodzywiania.pl\/strefaspecjalisty\/wp-content\/uploads\/2021\/04\/Rola-dietetyka.jpeg","width":2000,"height":1333},{"@type":"BreadcrumbList","@id":"https:\/\/centrumzaburzenodzywiania.pl\/strefaspecjalisty\/rola-dietetyka-w-leczeniu-zaburzen-odzywiania\/#breadcrumb","itemListElement":[{"@type":"ListItem","position":1,"name":"Strona g\u0142\u00f3wna","item":"https:\/\/centrumzaburzenodzywiania.pl\/strefaspecjalisty\/"},{"@type":"ListItem","position":2,"name":"Rola dietetyka w leczeniu zaburze\u0144 od\u017cywiania."}]},{"@type":"WebSite","@id":"https:\/\/centrumzaburzenodzywiania.pl\/strefaspecjalisty\/#website","url":"https:\/\/centrumzaburzenodzywiania.pl\/strefaspecjalisty\/","name":"Strefa Specjalisty - Og\u00f3lnopolskie Centrum Zaburze\u0144 Od\u017cywiania","description":"Strefa Specjalisty - Og\u00f3lnopolskie Centrum Zaburze\u0144 Od\u017cywiania","publisher":{"@id":"https:\/\/centrumzaburzenodzywiania.pl\/strefaspecjalisty\/#organization"},"potentialAction":[{"@type":"SearchAction","target":{"@type":"EntryPoint","urlTemplate":"https:\/\/centrumzaburzenodzywiania.pl\/strefaspecjalisty\/?s={search_term_string}"},"query-input":{"@type":"PropertyValueSpecification","valueRequired":true,"valueName":"search_term_string"}}],"inLanguage":"pl-PL"},{"@type":"Organization","@id":"https:\/\/centrumzaburzenodzywiania.pl\/strefaspecjalisty\/#organization","name":"Strefa Specjalisty - Og\u00f3lnopolskie Centrum Zaburze\u0144 Od\u017cywiania","url":"https:\/\/centrumzaburzenodzywiania.pl\/strefaspecjalisty\/","logo":{"@type":"ImageObject","inLanguage":"pl-PL","@id":"https:\/\/centrumzaburzenodzywiania.pl\/strefaspecjalisty\/#\/schema\/logo\/image\/","url":"https:\/\/centrumzaburzenodzywiania.pl\/strefaspecjalisty\/wp-content\/uploads\/2025\/11\/logo.png","contentUrl":"https:\/\/centrumzaburzenodzywiania.pl\/strefaspecjalisty\/wp-content\/uploads\/2025\/11\/logo.png","width":141,"height":54,"caption":"Strefa Specjalisty - Og\u00f3lnopolskie Centrum Zaburze\u0144 Od\u017cywiania"},"image":{"@id":"https:\/\/centrumzaburzenodzywiania.pl\/strefaspecjalisty\/#\/schema\/logo\/image\/"}},{"@type":"Person","@id":"https:\/\/centrumzaburzenodzywiania.pl\/strefaspecjalisty\/#\/schema\/person\/4bb57bd5e4bd7d5f41cee36db68e8395","name":"Monika Piotrowska","image":{"@type":"ImageObject","inLanguage":"pl-PL","@id":"https:\/\/secure.gravatar.com\/avatar\/f10ad2822576477d416c760a199900e38d61b307c4b95b8675199d3e39a811b3?s=96&d=mm&r=g","url":"https:\/\/secure.gravatar.com\/avatar\/f10ad2822576477d416c760a199900e38d61b307c4b95b8675199d3e39a811b3?s=96&d=mm&r=g","contentUrl":"https:\/\/secure.gravatar.com\/avatar\/f10ad2822576477d416c760a199900e38d61b307c4b95b8675199d3e39a811b3?s=96&d=mm&r=g","caption":"Monika Piotrowska"},"url":"https:\/\/centrumzaburzenodzywiania.pl\/strefaspecjalisty\/author\/piotrowska1monikagmail-com\/"}]}},"_links":{"self":[{"href":"https:\/\/centrumzaburzenodzywiania.pl\/strefaspecjalisty\/wp-json\/wp\/v2\/posts\/563","targetHints":{"allow":["GET"]}}],"collection":[{"href":"https:\/\/centrumzaburzenodzywiania.pl\/strefaspecjalisty\/wp-json\/wp\/v2\/posts"}],"about":[{"href":"https:\/\/centrumzaburzenodzywiania.pl\/strefaspecjalisty\/wp-json\/wp\/v2\/types\/post"}],"author":[{"embeddable":true,"href":"https:\/\/centrumzaburzenodzywiania.pl\/strefaspecjalisty\/wp-json\/wp\/v2\/users\/3"}],"replies":[{"embeddable":true,"href":"https:\/\/centrumzaburzenodzywiania.pl\/strefaspecjalisty\/wp-json\/wp\/v2\/comments?post=563"}],"version-history":[{"count":2,"href":"https:\/\/centrumzaburzenodzywiania.pl\/strefaspecjalisty\/wp-json\/wp\/v2\/posts\/563\/revisions"}],"predecessor-version":[{"id":3684,"href":"https:\/\/centrumzaburzenodzywiania.pl\/strefaspecjalisty\/wp-json\/wp\/v2\/posts\/563\/revisions\/3684"}],"wp:featuredmedia":[{"embeddable":true,"href":"https:\/\/centrumzaburzenodzywiania.pl\/strefaspecjalisty\/wp-json\/wp\/v2\/media\/564"}],"wp:attachment":[{"href":"https:\/\/centrumzaburzenodzywiania.pl\/strefaspecjalisty\/wp-json\/wp\/v2\/media?parent=563"}],"wp:term":[{"taxonomy":"category","embeddable":true,"href":"https:\/\/centrumzaburzenodzywiania.pl\/strefaspecjalisty\/wp-json\/wp\/v2\/categories?post=563"},{"taxonomy":"post_tag","embeddable":true,"href":"https:\/\/centrumzaburzenodzywiania.pl\/strefaspecjalisty\/wp-json\/wp\/v2\/tags?post=563"}],"curies":[{"name":"wp","href":"https:\/\/api.w.org\/{rel}","templated":true}]}}