{"id":557,"date":"2021-04-06T16:29:08","date_gmt":"2021-04-06T14:29:08","guid":{"rendered":"https:\/\/centrumzaburzenodzywiania.pl\/strefaspecjalisty\/?p=557"},"modified":"2026-01-13T08:45:49","modified_gmt":"2026-01-13T07:45:49","slug":"emocjonalna-walka-zdrowie-psychiczne-w-nadwadze-i-otylosci-cz-1","status":"publish","type":"post","link":"https:\/\/centrumzaburzenodzywiania.pl\/strefaspecjalisty\/emocjonalna-walka-zdrowie-psychiczne-w-nadwadze-i-otylosci-cz-1\/","title":{"rendered":"\u201eEmocjonalna walka\u201d- zdrowie psychiczne w nadwadze i oty\u0142o\u015bci cz.1"},"content":{"rendered":"\n<p>W ostatnim czasie problem nadwagi i oty\u0142o\u015bci sta\u0142 si\u0119 jeszcze bardziej widoczny. Statystyki podaj\u0105, \u017ce ok. 40% og\u00f3lnej populacji ma nadwag\u0119. Z bada\u0144 wynika, \u017ce w Polsce co trzecia doros\u0142a kobieta i co drugi m\u0119\u017cczyzna maj\u0105 nadwag\u0119, a co trzecia kobieta i co czwarty m\u0119\u017cczyzna cierpi\u0105 na oty\u0142o\u015b\u0107. W Stanach Zjednoczonych 55% populacji ma nadmiern\u0105 mas\u0119 cia\u0142a, w tym 30,5% to oty\u0142o\u015b\u0107. Wydawa\u0107 by si\u0119 mog\u0142o, \u017ce problem dotyczy tylko kraj\u00f3w wysokorozwini\u0119tych, natomiast w ci\u0105gu ostatnich 20 lat trzykrotnie zwi\u0119kszy\u0142a si\u0119 oty\u0142o\u015b\u0107 r\u00f3wnie\u017c w pa\u0144stwach p\u00f3\u0142nocnej Afryki. Niepokoj\u0105ce dane pokazuj\u0105 wzrost nadwagi i oty\u0142o\u015bci r\u00f3wnie\u017c u dzieci i m\u0142odzie\u017cy.<br>Homeostatyczna Teoria Oty\u0142o\u015bci wyr\u00f3\u017cnia trzy grupy czynnik\u00f3w dotycz\u0105ce wyst\u0119powania i utrzymania si\u0119 oty\u0142o\u015bci tj: spo\u0142eczne, fizyczne i psychiczne. Ostatnia grupa, kt\u00f3ra obejmuje: jako\u015b\u0107 \u017cycia, niezadowolenie z cia\u0142a, negatywne emocje, restrykcje pokarmowe czy motywacj\u0119 odnosi si\u0119 do r\u00f3\u017cnych aspekt\u00f3w funkcjonowania cz\u0142owieka. Do\u015bwiadczalny przez jednostk\u0119 stan emocjonalny, postrzeganie swojej obecnej sytuacji \u017cyciowej oraz nawyki \u017cywieniowe determinuj\u0105 powstawanie i utrzymywanie si\u0119 oty\u0142o\u015bci.<br>W swoich badaniach Marks wykaza\u0142, \u017ce osoby zmagaj\u0105ce si\u0119 z nadwag\u0105 i oty\u0142o\u015bci\u0105 do\u015bwiadczaj\u0105 negatywnych emocji, niskiej samooceny, stygmatyzacji oraz alienacji zwi\u0105zanej z nadmiern\u0105 mas\u0105 cia\u0142a. Skutkiem tego jest spadek motywacji, a tak\u017ce zwi\u0119kszenie ilo\u015bci spo\u017cywanych pokarm\u00f3w i niska dba\u0142o\u015b\u0107 o zdrowie zar\u00f3wno fizyczne jak i psychiczne.<br>Emocje takie jak strach, smutek, gniew czy rado\u015b\u0107 oddzia\u0142uj\u0105 na nasz spos\u00f3b od\u017cywiania si\u0119. Dlatego do\u015bwiadczany g\u0142\u00f3d ma cz\u0119sto charakter emocjonalny, nie fizjologiczny. Chc\u0105c poprawi\u0107 sobie nastr\u00f3j najcz\u0119\u015bciej si\u0119gamy po s\u0142odycze i produkty wysokokaloryczne. Staj\u0105 si\u0119 one lekiem na wszystkie problemy. Szukanie pocieszenia w jedzeniu ma sw\u00f3j pocz\u0105tek we wczesnym dzieci\u0144stwie, kiedy to mleko matki, czy butelka z jedzeniem nie tylko zaspokaja\u0142a g\u0142\u00f3d, ale i zmniejsza\u0142a poczucie l\u0119ku, samotno\u015bci, dawa\u0142a poczucie bezpiecze\u0144stwa. Osoby z oty\u0142o\u015bci\u0105 odczuwaj\u0105 trudno\u015bci z odpowiedni\u0105 ocen\u0105 poziomu g\u0142odu- syto\u015bci i odr\u00f3\u017cnieniem g\u0142odu emocjonalnego od fizjologicznego.<br>Jedzenie jako strategia radzenia sobie ze z\u0142ym stanem emocjonalnym daje jedynie chwilowe ukojenie, a nast\u0119pnie wzmaga pojawienie si\u0119 go ponownie. Jest wi\u0119c sposobem radzenia sobie z w\u0142asnymi emocjami, uspokajania si\u0119 i poprawiania samopoczucia. To tak\u017ce wyraz troski o siebie i narz\u0119dzie, kt\u00f3rym cz\u0142owiek kompensuje sobie niepowodzenia, frustracje i l\u0119k.<br>Nadmierne spo\u017cywanie pokarm\u00f3w mo\u017ce by\u0107 r\u00f3wnie\u017c form\u0105 podporz\u0105dkowania si\u0119 czy karania za ponoszenie \u017cyciowych pora\u017cek. Osoby z zaburzonym od\u017cywianiem cz\u0119sto chc\u0105 w ten spos\u00f3b zwr\u00f3ci\u0107 na siebie uwag\u0119 otoczenia, usprawiedliwi\u0107 niepowodzenia i da\u0107 sygna\u0142 \u015bwiatu, \u017ce nie umiej\u0105 lub nie mog\u0105 zaspokoi\u0107 swoich potrzeb.<\/p>\n\n\n\n<p>Autor: Marta Kunicka \u2013 psycholog, psychodietetyk<\/p>\n\n\n\n<p>Bibliografia:<br>Makara-Studzi\u0144ska M., Buczyjan A., Morylowska J. (2007), Jedzenie \u2013 przyjaciel i wr\u00f3g.Korelaty psychologiczne oty\u0142o\u015bci. Przegl\u0105d pi\u015bmiennictwa, Zdr Publ 117(3):392-396<br>Czepczor K., Brytek-Matera A.,(2017) Jedzenie pod wp\u0142ywem emocji, wyd. Difin, str. 179-182<\/p>\n","protected":false},"excerpt":{"rendered":"<p>W ostatnim czasie problem nadwagi i oty\u0142o\u015bci sta\u0142 si\u0119 jeszcze bardziej widoczny. Statystyki podaj\u0105, \u017ce ok. 40% og\u00f3lnej populacji ma nadwag\u0119. Z bada\u0144 wynika, \u017ce w Polsce co trzecia doros\u0142a kobieta i co drugi m\u0119\u017cczyzna maj\u0105 nadwag\u0119, a co trzecia kobieta i co czwarty m\u0119\u017cczyzna cierpi\u0105 na oty\u0142o\u015b\u0107. W Stanach Zjednoczonych 55% populacji ma nadmiern\u0105 [&hellip;]<\/p>\n","protected":false},"author":3,"featured_media":558,"comment_status":"closed","ping_status":"closed","sticky":false,"template":"","format":"standard","meta":{"_acf_changed":false,"inline_featured_image":false,"footnotes":""},"categories":[2],"tags":[],"class_list":["post-557","post","type-post","status-publish","format-standard","has-post-thumbnail","hentry","category-blog"],"acf":[],"yoast_head":"<!-- This site is optimized with the Yoast SEO plugin v27.4 - https:\/\/yoast.com\/product\/yoast-seo-wordpress\/ -->\n<title>Zdrowie psychiczne, a nadwaga i oty\u0142o\u015b\u0107 - Strefa Specjalisty - Og\u00f3lnopolskie Centrum Zaburze\u0144 Od\u017cywiania<\/title>\n<meta name=\"description\" content=\"Jaki wp\u0142yw ma stan emocjonalny i postrzeganie swojej obecnej sytuacji \u017cyciowej? Zdrowie psychiczne, a nadwaga i oty\u0142o\u015b\u0107.\" \/>\n<meta name=\"robots\" content=\"index, follow, max-snippet:-1, max-image-preview:large, max-video-preview:-1\" \/>\n<link rel=\"canonical\" href=\"https:\/\/centrumzaburzenodzywiania.pl\/strefaspecjalisty\/emocjonalna-walka-zdrowie-psychiczne-w-nadwadze-i-otylosci-cz-1\/\" \/>\n<meta property=\"og:locale\" content=\"pl_PL\" \/>\n<meta property=\"og:type\" content=\"article\" \/>\n<meta property=\"og:title\" content=\"Zdrowie psychiczne, a nadwaga i oty\u0142o\u015b\u0107 - Strefa Specjalisty - Og\u00f3lnopolskie Centrum Zaburze\u0144 Od\u017cywiania\" \/>\n<meta property=\"og:description\" content=\"Jaki wp\u0142yw ma stan emocjonalny i postrzeganie swojej obecnej sytuacji \u017cyciowej? Zdrowie psychiczne, a nadwaga i oty\u0142o\u015b\u0107.\" \/>\n<meta property=\"og:url\" content=\"https:\/\/centrumzaburzenodzywiania.pl\/strefaspecjalisty\/emocjonalna-walka-zdrowie-psychiczne-w-nadwadze-i-otylosci-cz-1\/\" \/>\n<meta property=\"og:site_name\" content=\"Strefa Specjalisty - Og\u00f3lnopolskie Centrum Zaburze\u0144 Od\u017cywiania\" \/>\n<meta property=\"article:published_time\" content=\"2021-04-06T14:29:08+00:00\" \/>\n<meta property=\"article:modified_time\" content=\"2026-01-13T07:45:49+00:00\" \/>\n<meta property=\"og:image\" content=\"https:\/\/centrumzaburzenodzywiania.pl\/strefaspecjalisty\/wp-content\/uploads\/2021\/04\/zdrowie-psychiczne.jpeg\" \/>\n\t<meta property=\"og:image:width\" content=\"1880\" \/>\n\t<meta property=\"og:image:height\" content=\"1253\" \/>\n\t<meta property=\"og:image:type\" content=\"image\/jpeg\" \/>\n<meta name=\"author\" content=\"Monika Piotrowska\" \/>\n<meta name=\"twitter:card\" content=\"summary_large_image\" \/>\n<meta name=\"twitter:label1\" content=\"Napisane przez\" \/>\n\t<meta name=\"twitter:data1\" content=\"Monika Piotrowska\" \/>\n\t<meta name=\"twitter:label2\" content=\"Szacowany czas czytania\" \/>\n\t<meta name=\"twitter:data2\" content=\"3 minuty\" \/>\n<script type=\"application\/ld+json\" class=\"yoast-schema-graph\">{\"@context\":\"https:\\\/\\\/schema.org\",\"@graph\":[{\"@type\":\"Article\",\"@id\":\"https:\\\/\\\/centrumzaburzenodzywiania.pl\\\/strefaspecjalisty\\\/emocjonalna-walka-zdrowie-psychiczne-w-nadwadze-i-otylosci-cz-1\\\/#article\",\"isPartOf\":{\"@id\":\"https:\\\/\\\/centrumzaburzenodzywiania.pl\\\/strefaspecjalisty\\\/emocjonalna-walka-zdrowie-psychiczne-w-nadwadze-i-otylosci-cz-1\\\/\"},\"author\":{\"name\":\"Monika Piotrowska\",\"@id\":\"https:\\\/\\\/centrumzaburzenodzywiania.pl\\\/strefaspecjalisty\\\/#\\\/schema\\\/person\\\/4bb57bd5e4bd7d5f41cee36db68e8395\"},\"headline\":\"\u201eEmocjonalna walka\u201d- zdrowie psychiczne w nadwadze i oty\u0142o\u015bci cz.1\",\"datePublished\":\"2021-04-06T14:29:08+00:00\",\"dateModified\":\"2026-01-13T07:45:49+00:00\",\"mainEntityOfPage\":{\"@id\":\"https:\\\/\\\/centrumzaburzenodzywiania.pl\\\/strefaspecjalisty\\\/emocjonalna-walka-zdrowie-psychiczne-w-nadwadze-i-otylosci-cz-1\\\/\"},\"wordCount\":540,\"publisher\":{\"@id\":\"https:\\\/\\\/centrumzaburzenodzywiania.pl\\\/strefaspecjalisty\\\/#organization\"},\"image\":{\"@id\":\"https:\\\/\\\/centrumzaburzenodzywiania.pl\\\/strefaspecjalisty\\\/emocjonalna-walka-zdrowie-psychiczne-w-nadwadze-i-otylosci-cz-1\\\/#primaryimage\"},\"thumbnailUrl\":\"https:\\\/\\\/centrumzaburzenodzywiania.pl\\\/strefaspecjalisty\\\/wp-content\\\/uploads\\\/2021\\\/04\\\/zdrowie-psychiczne.jpeg\",\"articleSection\":[\"Blog\"],\"inLanguage\":\"pl-PL\"},{\"@type\":\"WebPage\",\"@id\":\"https:\\\/\\\/centrumzaburzenodzywiania.pl\\\/strefaspecjalisty\\\/emocjonalna-walka-zdrowie-psychiczne-w-nadwadze-i-otylosci-cz-1\\\/\",\"url\":\"https:\\\/\\\/centrumzaburzenodzywiania.pl\\\/strefaspecjalisty\\\/emocjonalna-walka-zdrowie-psychiczne-w-nadwadze-i-otylosci-cz-1\\\/\",\"name\":\"Zdrowie psychiczne, a nadwaga i oty\u0142o\u015b\u0107 - Strefa Specjalisty - Og\u00f3lnopolskie Centrum Zaburze\u0144 Od\u017cywiania\",\"isPartOf\":{\"@id\":\"https:\\\/\\\/centrumzaburzenodzywiania.pl\\\/strefaspecjalisty\\\/#website\"},\"primaryImageOfPage\":{\"@id\":\"https:\\\/\\\/centrumzaburzenodzywiania.pl\\\/strefaspecjalisty\\\/emocjonalna-walka-zdrowie-psychiczne-w-nadwadze-i-otylosci-cz-1\\\/#primaryimage\"},\"image\":{\"@id\":\"https:\\\/\\\/centrumzaburzenodzywiania.pl\\\/strefaspecjalisty\\\/emocjonalna-walka-zdrowie-psychiczne-w-nadwadze-i-otylosci-cz-1\\\/#primaryimage\"},\"thumbnailUrl\":\"https:\\\/\\\/centrumzaburzenodzywiania.pl\\\/strefaspecjalisty\\\/wp-content\\\/uploads\\\/2021\\\/04\\\/zdrowie-psychiczne.jpeg\",\"datePublished\":\"2021-04-06T14:29:08+00:00\",\"dateModified\":\"2026-01-13T07:45:49+00:00\",\"description\":\"Jaki wp\u0142yw ma stan emocjonalny i postrzeganie swojej obecnej sytuacji \u017cyciowej? Zdrowie psychiczne, a nadwaga i oty\u0142o\u015b\u0107.\",\"breadcrumb\":{\"@id\":\"https:\\\/\\\/centrumzaburzenodzywiania.pl\\\/strefaspecjalisty\\\/emocjonalna-walka-zdrowie-psychiczne-w-nadwadze-i-otylosci-cz-1\\\/#breadcrumb\"},\"inLanguage\":\"pl-PL\",\"potentialAction\":[{\"@type\":\"ReadAction\",\"target\":[\"https:\\\/\\\/centrumzaburzenodzywiania.pl\\\/strefaspecjalisty\\\/emocjonalna-walka-zdrowie-psychiczne-w-nadwadze-i-otylosci-cz-1\\\/\"]}]},{\"@type\":\"ImageObject\",\"inLanguage\":\"pl-PL\",\"@id\":\"https:\\\/\\\/centrumzaburzenodzywiania.pl\\\/strefaspecjalisty\\\/emocjonalna-walka-zdrowie-psychiczne-w-nadwadze-i-otylosci-cz-1\\\/#primaryimage\",\"url\":\"https:\\\/\\\/centrumzaburzenodzywiania.pl\\\/strefaspecjalisty\\\/wp-content\\\/uploads\\\/2021\\\/04\\\/zdrowie-psychiczne.jpeg\",\"contentUrl\":\"https:\\\/\\\/centrumzaburzenodzywiania.pl\\\/strefaspecjalisty\\\/wp-content\\\/uploads\\\/2021\\\/04\\\/zdrowie-psychiczne.jpeg\",\"width\":1880,\"height\":1253},{\"@type\":\"BreadcrumbList\",\"@id\":\"https:\\\/\\\/centrumzaburzenodzywiania.pl\\\/strefaspecjalisty\\\/emocjonalna-walka-zdrowie-psychiczne-w-nadwadze-i-otylosci-cz-1\\\/#breadcrumb\",\"itemListElement\":[{\"@type\":\"ListItem\",\"position\":1,\"name\":\"Strona g\u0142\u00f3wna\",\"item\":\"https:\\\/\\\/centrumzaburzenodzywiania.pl\\\/strefaspecjalisty\\\/\"},{\"@type\":\"ListItem\",\"position\":2,\"name\":\"\u201eEmocjonalna walka\u201d- zdrowie psychiczne w nadwadze i oty\u0142o\u015bci cz.1\"}]},{\"@type\":\"WebSite\",\"@id\":\"https:\\\/\\\/centrumzaburzenodzywiania.pl\\\/strefaspecjalisty\\\/#website\",\"url\":\"https:\\\/\\\/centrumzaburzenodzywiania.pl\\\/strefaspecjalisty\\\/\",\"name\":\"Strefa Specjalisty - Og\u00f3lnopolskie Centrum Zaburze\u0144 Od\u017cywiania\",\"description\":\"Strefa Specjalisty - Og\u00f3lnopolskie Centrum Zaburze\u0144 Od\u017cywiania\",\"publisher\":{\"@id\":\"https:\\\/\\\/centrumzaburzenodzywiania.pl\\\/strefaspecjalisty\\\/#organization\"},\"potentialAction\":[{\"@type\":\"SearchAction\",\"target\":{\"@type\":\"EntryPoint\",\"urlTemplate\":\"https:\\\/\\\/centrumzaburzenodzywiania.pl\\\/strefaspecjalisty\\\/?s={search_term_string}\"},\"query-input\":{\"@type\":\"PropertyValueSpecification\",\"valueRequired\":true,\"valueName\":\"search_term_string\"}}],\"inLanguage\":\"pl-PL\"},{\"@type\":\"Organization\",\"@id\":\"https:\\\/\\\/centrumzaburzenodzywiania.pl\\\/strefaspecjalisty\\\/#organization\",\"name\":\"Strefa Specjalisty - Og\u00f3lnopolskie Centrum Zaburze\u0144 Od\u017cywiania\",\"url\":\"https:\\\/\\\/centrumzaburzenodzywiania.pl\\\/strefaspecjalisty\\\/\",\"logo\":{\"@type\":\"ImageObject\",\"inLanguage\":\"pl-PL\",\"@id\":\"https:\\\/\\\/centrumzaburzenodzywiania.pl\\\/strefaspecjalisty\\\/#\\\/schema\\\/logo\\\/image\\\/\",\"url\":\"https:\\\/\\\/centrumzaburzenodzywiania.pl\\\/strefaspecjalisty\\\/wp-content\\\/uploads\\\/2025\\\/11\\\/logo.png\",\"contentUrl\":\"https:\\\/\\\/centrumzaburzenodzywiania.pl\\\/strefaspecjalisty\\\/wp-content\\\/uploads\\\/2025\\\/11\\\/logo.png\",\"width\":141,\"height\":54,\"caption\":\"Strefa Specjalisty - Og\u00f3lnopolskie Centrum Zaburze\u0144 Od\u017cywiania\"},\"image\":{\"@id\":\"https:\\\/\\\/centrumzaburzenodzywiania.pl\\\/strefaspecjalisty\\\/#\\\/schema\\\/logo\\\/image\\\/\"}},{\"@type\":\"Person\",\"@id\":\"https:\\\/\\\/centrumzaburzenodzywiania.pl\\\/strefaspecjalisty\\\/#\\\/schema\\\/person\\\/4bb57bd5e4bd7d5f41cee36db68e8395\",\"name\":\"Monika Piotrowska\",\"image\":{\"@type\":\"ImageObject\",\"inLanguage\":\"pl-PL\",\"@id\":\"https:\\\/\\\/secure.gravatar.com\\\/avatar\\\/f10ad2822576477d416c760a199900e38d61b307c4b95b8675199d3e39a811b3?s=96&d=mm&r=g\",\"url\":\"https:\\\/\\\/secure.gravatar.com\\\/avatar\\\/f10ad2822576477d416c760a199900e38d61b307c4b95b8675199d3e39a811b3?s=96&d=mm&r=g\",\"contentUrl\":\"https:\\\/\\\/secure.gravatar.com\\\/avatar\\\/f10ad2822576477d416c760a199900e38d61b307c4b95b8675199d3e39a811b3?s=96&d=mm&r=g\",\"caption\":\"Monika Piotrowska\"},\"url\":\"https:\\\/\\\/centrumzaburzenodzywiania.pl\\\/strefaspecjalisty\\\/author\\\/piotrowska1monikagmail-com\\\/\"}]}<\/script>\n<!-- \/ Yoast SEO plugin. -->","yoast_head_json":{"title":"Zdrowie psychiczne, a nadwaga i oty\u0142o\u015b\u0107 - Strefa Specjalisty - Og\u00f3lnopolskie Centrum Zaburze\u0144 Od\u017cywiania","description":"Jaki wp\u0142yw ma stan emocjonalny i postrzeganie swojej obecnej sytuacji \u017cyciowej? Zdrowie psychiczne, a nadwaga i oty\u0142o\u015b\u0107.","robots":{"index":"index","follow":"follow","max-snippet":"max-snippet:-1","max-image-preview":"max-image-preview:large","max-video-preview":"max-video-preview:-1"},"canonical":"https:\/\/centrumzaburzenodzywiania.pl\/strefaspecjalisty\/emocjonalna-walka-zdrowie-psychiczne-w-nadwadze-i-otylosci-cz-1\/","og_locale":"pl_PL","og_type":"article","og_title":"Zdrowie psychiczne, a nadwaga i oty\u0142o\u015b\u0107 - Strefa Specjalisty - Og\u00f3lnopolskie Centrum Zaburze\u0144 Od\u017cywiania","og_description":"Jaki wp\u0142yw ma stan emocjonalny i postrzeganie swojej obecnej sytuacji \u017cyciowej? Zdrowie psychiczne, a nadwaga i oty\u0142o\u015b\u0107.","og_url":"https:\/\/centrumzaburzenodzywiania.pl\/strefaspecjalisty\/emocjonalna-walka-zdrowie-psychiczne-w-nadwadze-i-otylosci-cz-1\/","og_site_name":"Strefa Specjalisty - Og\u00f3lnopolskie Centrum Zaburze\u0144 Od\u017cywiania","article_published_time":"2021-04-06T14:29:08+00:00","article_modified_time":"2026-01-13T07:45:49+00:00","og_image":[{"width":1880,"height":1253,"url":"https:\/\/centrumzaburzenodzywiania.pl\/strefaspecjalisty\/wp-content\/uploads\/2021\/04\/zdrowie-psychiczne.jpeg","type":"image\/jpeg"}],"author":"Monika Piotrowska","twitter_card":"summary_large_image","twitter_misc":{"Napisane przez":"Monika Piotrowska","Szacowany czas czytania":"3 minuty"},"schema":{"@context":"https:\/\/schema.org","@graph":[{"@type":"Article","@id":"https:\/\/centrumzaburzenodzywiania.pl\/strefaspecjalisty\/emocjonalna-walka-zdrowie-psychiczne-w-nadwadze-i-otylosci-cz-1\/#article","isPartOf":{"@id":"https:\/\/centrumzaburzenodzywiania.pl\/strefaspecjalisty\/emocjonalna-walka-zdrowie-psychiczne-w-nadwadze-i-otylosci-cz-1\/"},"author":{"name":"Monika Piotrowska","@id":"https:\/\/centrumzaburzenodzywiania.pl\/strefaspecjalisty\/#\/schema\/person\/4bb57bd5e4bd7d5f41cee36db68e8395"},"headline":"\u201eEmocjonalna walka\u201d- zdrowie psychiczne w nadwadze i oty\u0142o\u015bci cz.1","datePublished":"2021-04-06T14:29:08+00:00","dateModified":"2026-01-13T07:45:49+00:00","mainEntityOfPage":{"@id":"https:\/\/centrumzaburzenodzywiania.pl\/strefaspecjalisty\/emocjonalna-walka-zdrowie-psychiczne-w-nadwadze-i-otylosci-cz-1\/"},"wordCount":540,"publisher":{"@id":"https:\/\/centrumzaburzenodzywiania.pl\/strefaspecjalisty\/#organization"},"image":{"@id":"https:\/\/centrumzaburzenodzywiania.pl\/strefaspecjalisty\/emocjonalna-walka-zdrowie-psychiczne-w-nadwadze-i-otylosci-cz-1\/#primaryimage"},"thumbnailUrl":"https:\/\/centrumzaburzenodzywiania.pl\/strefaspecjalisty\/wp-content\/uploads\/2021\/04\/zdrowie-psychiczne.jpeg","articleSection":["Blog"],"inLanguage":"pl-PL"},{"@type":"WebPage","@id":"https:\/\/centrumzaburzenodzywiania.pl\/strefaspecjalisty\/emocjonalna-walka-zdrowie-psychiczne-w-nadwadze-i-otylosci-cz-1\/","url":"https:\/\/centrumzaburzenodzywiania.pl\/strefaspecjalisty\/emocjonalna-walka-zdrowie-psychiczne-w-nadwadze-i-otylosci-cz-1\/","name":"Zdrowie psychiczne, a nadwaga i oty\u0142o\u015b\u0107 - Strefa Specjalisty - Og\u00f3lnopolskie Centrum Zaburze\u0144 Od\u017cywiania","isPartOf":{"@id":"https:\/\/centrumzaburzenodzywiania.pl\/strefaspecjalisty\/#website"},"primaryImageOfPage":{"@id":"https:\/\/centrumzaburzenodzywiania.pl\/strefaspecjalisty\/emocjonalna-walka-zdrowie-psychiczne-w-nadwadze-i-otylosci-cz-1\/#primaryimage"},"image":{"@id":"https:\/\/centrumzaburzenodzywiania.pl\/strefaspecjalisty\/emocjonalna-walka-zdrowie-psychiczne-w-nadwadze-i-otylosci-cz-1\/#primaryimage"},"thumbnailUrl":"https:\/\/centrumzaburzenodzywiania.pl\/strefaspecjalisty\/wp-content\/uploads\/2021\/04\/zdrowie-psychiczne.jpeg","datePublished":"2021-04-06T14:29:08+00:00","dateModified":"2026-01-13T07:45:49+00:00","description":"Jaki wp\u0142yw ma stan emocjonalny i postrzeganie swojej obecnej sytuacji \u017cyciowej? Zdrowie psychiczne, a nadwaga i oty\u0142o\u015b\u0107.","breadcrumb":{"@id":"https:\/\/centrumzaburzenodzywiania.pl\/strefaspecjalisty\/emocjonalna-walka-zdrowie-psychiczne-w-nadwadze-i-otylosci-cz-1\/#breadcrumb"},"inLanguage":"pl-PL","potentialAction":[{"@type":"ReadAction","target":["https:\/\/centrumzaburzenodzywiania.pl\/strefaspecjalisty\/emocjonalna-walka-zdrowie-psychiczne-w-nadwadze-i-otylosci-cz-1\/"]}]},{"@type":"ImageObject","inLanguage":"pl-PL","@id":"https:\/\/centrumzaburzenodzywiania.pl\/strefaspecjalisty\/emocjonalna-walka-zdrowie-psychiczne-w-nadwadze-i-otylosci-cz-1\/#primaryimage","url":"https:\/\/centrumzaburzenodzywiania.pl\/strefaspecjalisty\/wp-content\/uploads\/2021\/04\/zdrowie-psychiczne.jpeg","contentUrl":"https:\/\/centrumzaburzenodzywiania.pl\/strefaspecjalisty\/wp-content\/uploads\/2021\/04\/zdrowie-psychiczne.jpeg","width":1880,"height":1253},{"@type":"BreadcrumbList","@id":"https:\/\/centrumzaburzenodzywiania.pl\/strefaspecjalisty\/emocjonalna-walka-zdrowie-psychiczne-w-nadwadze-i-otylosci-cz-1\/#breadcrumb","itemListElement":[{"@type":"ListItem","position":1,"name":"Strona g\u0142\u00f3wna","item":"https:\/\/centrumzaburzenodzywiania.pl\/strefaspecjalisty\/"},{"@type":"ListItem","position":2,"name":"\u201eEmocjonalna walka\u201d- zdrowie psychiczne w nadwadze i oty\u0142o\u015bci cz.1"}]},{"@type":"WebSite","@id":"https:\/\/centrumzaburzenodzywiania.pl\/strefaspecjalisty\/#website","url":"https:\/\/centrumzaburzenodzywiania.pl\/strefaspecjalisty\/","name":"Strefa Specjalisty - Og\u00f3lnopolskie Centrum Zaburze\u0144 Od\u017cywiania","description":"Strefa Specjalisty - Og\u00f3lnopolskie Centrum Zaburze\u0144 Od\u017cywiania","publisher":{"@id":"https:\/\/centrumzaburzenodzywiania.pl\/strefaspecjalisty\/#organization"},"potentialAction":[{"@type":"SearchAction","target":{"@type":"EntryPoint","urlTemplate":"https:\/\/centrumzaburzenodzywiania.pl\/strefaspecjalisty\/?s={search_term_string}"},"query-input":{"@type":"PropertyValueSpecification","valueRequired":true,"valueName":"search_term_string"}}],"inLanguage":"pl-PL"},{"@type":"Organization","@id":"https:\/\/centrumzaburzenodzywiania.pl\/strefaspecjalisty\/#organization","name":"Strefa Specjalisty - Og\u00f3lnopolskie Centrum Zaburze\u0144 Od\u017cywiania","url":"https:\/\/centrumzaburzenodzywiania.pl\/strefaspecjalisty\/","logo":{"@type":"ImageObject","inLanguage":"pl-PL","@id":"https:\/\/centrumzaburzenodzywiania.pl\/strefaspecjalisty\/#\/schema\/logo\/image\/","url":"https:\/\/centrumzaburzenodzywiania.pl\/strefaspecjalisty\/wp-content\/uploads\/2025\/11\/logo.png","contentUrl":"https:\/\/centrumzaburzenodzywiania.pl\/strefaspecjalisty\/wp-content\/uploads\/2025\/11\/logo.png","width":141,"height":54,"caption":"Strefa Specjalisty - Og\u00f3lnopolskie Centrum Zaburze\u0144 Od\u017cywiania"},"image":{"@id":"https:\/\/centrumzaburzenodzywiania.pl\/strefaspecjalisty\/#\/schema\/logo\/image\/"}},{"@type":"Person","@id":"https:\/\/centrumzaburzenodzywiania.pl\/strefaspecjalisty\/#\/schema\/person\/4bb57bd5e4bd7d5f41cee36db68e8395","name":"Monika Piotrowska","image":{"@type":"ImageObject","inLanguage":"pl-PL","@id":"https:\/\/secure.gravatar.com\/avatar\/f10ad2822576477d416c760a199900e38d61b307c4b95b8675199d3e39a811b3?s=96&d=mm&r=g","url":"https:\/\/secure.gravatar.com\/avatar\/f10ad2822576477d416c760a199900e38d61b307c4b95b8675199d3e39a811b3?s=96&d=mm&r=g","contentUrl":"https:\/\/secure.gravatar.com\/avatar\/f10ad2822576477d416c760a199900e38d61b307c4b95b8675199d3e39a811b3?s=96&d=mm&r=g","caption":"Monika Piotrowska"},"url":"https:\/\/centrumzaburzenodzywiania.pl\/strefaspecjalisty\/author\/piotrowska1monikagmail-com\/"}]}},"_links":{"self":[{"href":"https:\/\/centrumzaburzenodzywiania.pl\/strefaspecjalisty\/wp-json\/wp\/v2\/posts\/557","targetHints":{"allow":["GET"]}}],"collection":[{"href":"https:\/\/centrumzaburzenodzywiania.pl\/strefaspecjalisty\/wp-json\/wp\/v2\/posts"}],"about":[{"href":"https:\/\/centrumzaburzenodzywiania.pl\/strefaspecjalisty\/wp-json\/wp\/v2\/types\/post"}],"author":[{"embeddable":true,"href":"https:\/\/centrumzaburzenodzywiania.pl\/strefaspecjalisty\/wp-json\/wp\/v2\/users\/3"}],"replies":[{"embeddable":true,"href":"https:\/\/centrumzaburzenodzywiania.pl\/strefaspecjalisty\/wp-json\/wp\/v2\/comments?post=557"}],"version-history":[{"count":2,"href":"https:\/\/centrumzaburzenodzywiania.pl\/strefaspecjalisty\/wp-json\/wp\/v2\/posts\/557\/revisions"}],"predecessor-version":[{"id":3686,"href":"https:\/\/centrumzaburzenodzywiania.pl\/strefaspecjalisty\/wp-json\/wp\/v2\/posts\/557\/revisions\/3686"}],"wp:featuredmedia":[{"embeddable":true,"href":"https:\/\/centrumzaburzenodzywiania.pl\/strefaspecjalisty\/wp-json\/wp\/v2\/media\/558"}],"wp:attachment":[{"href":"https:\/\/centrumzaburzenodzywiania.pl\/strefaspecjalisty\/wp-json\/wp\/v2\/media?parent=557"}],"wp:term":[{"taxonomy":"category","embeddable":true,"href":"https:\/\/centrumzaburzenodzywiania.pl\/strefaspecjalisty\/wp-json\/wp\/v2\/categories?post=557"},{"taxonomy":"post_tag","embeddable":true,"href":"https:\/\/centrumzaburzenodzywiania.pl\/strefaspecjalisty\/wp-json\/wp\/v2\/tags?post=557"}],"curies":[{"name":"wp","href":"https:\/\/api.w.org\/{rel}","templated":true}]}}