{"id":533,"date":"2021-04-06T16:07:27","date_gmt":"2021-04-06T14:07:27","guid":{"rendered":"https:\/\/centrumzaburzenodzywiania.pl\/strefaspecjalisty\/?p=533"},"modified":"2026-01-13T09:08:17","modified_gmt":"2026-01-13T08:08:17","slug":"kiedy-kilogramow-zaczyna-przybywac-o-zwiazku-miedzy-wzrostem-wagi-ciala-a-psychika-pacjentow-z-anoreksja","status":"publish","type":"post","link":"https:\/\/centrumzaburzenodzywiania.pl\/strefaspecjalisty\/kiedy-kilogramow-zaczyna-przybywac-o-zwiazku-miedzy-wzrostem-wagi-ciala-a-psychika-pacjentow-z-anoreksja\/","title":{"rendered":"Kiedy kilogram\u00f3w zaczyna przybywa\u0107. O zwi\u0105zku mi\u0119dzy wzrostem wagi cia\u0142a a psychik\u0105 pacjent\u00f3w z anoreksj\u0105."},"content":{"rendered":"\n<p><strong>O zwi\u0105zku mi\u0119dzy wzrostem wagi cia\u0142a, a kondycj\u0105 psychiczn\u0105 pacjent\u00f3w z anoreksj\u0105. Pr\u00f3ba odpowiedzi na pytanie: czy wystarczy przyty\u0107 by by\u0107 zdrowszym?<\/strong><\/p>\n\n\n\n<p>Bardzo cz\u0119sto osoby, kt\u00f3re maj\u0105 w swoim otoczeniu anorektyczk\u0119\/ anorektyka staraj\u0105 si\u0119 zaoferowa\u0107 jej pomoc, zahamowa\u0107 chorob\u0119 w podobny spos\u00f3b. Ta ,,domowa\u2019\u2019 metoda to dokarmianie chorego, serwowanie obiad\u00f3w, zach\u0119canie do skosztowania smako\u0142yk\u00f3w. ,, No niech wreszcie zacznie je\u015b\u0107!\u2019\u2019 te s\u0142owa nie wydaj\u0105 si\u0119 obce. Za wszelk\u0105 cen\u0119 bliscy pragn\u0105 by osoba jad\u0142a i ty\u0142a. Warto zastanowi\u0107 si\u0119, czy samo jedzenie wystarczy, czy przyrost wagi to objaw zdrowia?<\/p>\n\n\n\n<p>Do niedawna jad\u0142owstr\u0119t psychiczny opiera\u0142 si\u0119 na jednowymiarowym paradygmacie, m\u00f3wi\u0105cym o tym, i\u017c g\u0142\u00f3wnym powodem szczup\u0142o\u015bci jest odchudzanie. Przyty\u0107 oznacza\u0142o wyzdrowie\u0107. Podobnie pojmowano oty\u0142o\u015b\u0107. Jesz to tyjesz. Du\u017ce porcje jedzenia b\u0119d\u0105 powodowa\u0142y oty\u0142o\u015b\u0107.&nbsp; Obecnie wi\u0119kszo\u015b\u0107 naukowc\u00f3w nie zgadza si\u0119 ju\u017c z powy\u017csz\u0105 hipotez\u0105, dodaj\u0105c, \u017ce dokarmianie nie tylko nie gwarantuje sukcesu, a mo\u017ce tak\u017ce spowodowa\u0107 pogorszenie stanu zdrowia (Starzomska, 2006). Chorzy pragn\u0105 traci\u0107 kolejne kilogramy, nikogo nie zdziwi, \u017ce powr\u00f3t do starej sylwetki nie jest dla nich efektem po\u017c\u0105danym. Jednak nie ulega w\u0105tpliwo\u015bci, \u017ce to w\u0142a\u015bnie wzrost wagi wraz z popraw\u0105 stanu psychicznego, najcz\u0119\u015bciej dzi\u0119ki psychoterapii, ma w\u0142a\u015bciwo\u015bci lecznicze. Dodatkowe kilogramy u osoby z anoreksj\u0105 mog\u0105 poprawi\u0107 jej kondycj\u0119 poznawcz\u0105, a tak\u017ce zmianie mog\u0105 ulec relacje z innymi lud\u017ami. Jednak wartym podkre\u015blenia jest fakt, i\u017c sam przyrost wagi nie oznacza ko\u0144ca walki z jad\u0142owstr\u0119tem.<\/p>\n\n\n\n<p>Najnowsze badania wskazuj\u0105, \u017ce dodatkowe kilogramy mog\u0105 mie\u0107 korzystny wp\u0142yw na symptomy fizjologiczne, natomiast nie musi mie\u0107 to zwi\u0105zku z popraw\u0105 stanu zdrowia psychicznego pacjent\u00f3w (MacDonald za Starzomska 2006). Bez pomocy psychoterapeuty, osoby hospitalizowane, kt\u00f3rych leczenie opiera si\u0119 jedynie na wzro\u015bcie wagi nie mog\u0105 m\u00f3wi\u0107 o wyzdrowieniu. Taki przypadki mog\u0105 sko\u0144czy\u0107 si\u0119 \u015bmierci\u0105 albo znacznym pogorszeniem samopoczucia (Gowers za Starzomska 2006). M\u00f3wi si\u0119 nawet, \u017ce przymusowe dokarmienia to&nbsp;<em>mistreatment&nbsp;<\/em>czyli b\u0142\u0119dne lecznie. Jak wynika z bada\u0144, kobiety z anoreksj\u0105 po przyro\u015bcie wagi okre\u015bla\u0142y swoj\u0105 kobieco\u015b\u0107 jako mniej atrakcyjn\u0105 i&nbsp; brudniejsz\u0105. (Firoureh Mehran za Starzomska 2006).<\/p>\n\n\n\n<p>Leczenie zaburze\u0144 od\u017cywiania to najcz\u0119\u015bciej z\u0142o\u017cony, przebiegaj\u0105cy w kilku etapach, proces oparty na wsp\u00f3\u0142pracy lekarzy r\u00f3\u017cnych specjalizacji, psycholog\u00f3w i dietetyk\u00f3w. W pierwszej fazie leczenie faktycznie pomoc opiera si\u0119 g\u0142\u00f3wnie na przywr\u00f3ceniu prawid\u0142owej masy cia\u0142a, nierzadko odbywa si\u0119 to w obecno\u015bci farmakoterapii. Kiedy spadek masy cia\u0142a jest wi\u0119kszy ni\u017c 15% prawid\u0142owej wagi konieczne jest leczenie szpitalne. Kolejny etap to przeciwdzia\u0142anie powik\u0142aniom i nawrotom choroby. G\u0142\u00f3wn\u0105 rol\u0119 w tym momencie odgrywa pomoc psychoterapeuty. W trakcie terapii pacjent buduje pozytywny obraz siebie, w\u0142asnego cia\u0142a, ale tak\u017ce uczy si\u0119 pozytywnego stosunku do leczenia i prawid\u0142owej masy cia\u0142a (Zi\u00f3\u0142kowska 2014). Du\u017cy wp\u0142yw na efekt ko\u0144cowy leczenia ma motywacja chorego. Ch\u0119\u0107 zmiany swojego \u017cycia, w tym m.in. nawyk\u00f3w \u017cywieniowych to wa\u017cny aspekt w leczeniu.<\/p>\n\n\n\n<p>Wzrost masy cia\u0142a to dla anorektyk\u00f3w ci\u0119\u017ckie prze\u017cycie. To wa\u017cne by chory nie zosta\u0142 sam z faktem zmieniaj\u0105cej si\u0119 sylwetki, konieczne jest wsparcie ze strony otoczenia po\u0142\u0105czone z opiek\u0105 terapeuty. Osobom z zaburzeniami od\u017cywiania towarzyszy specyficzny spos\u00f3b my\u015blenia, dlatego to on powinien by\u0107 w du\u017cym stopniu obszarem interwencji. O r\u00f3wnowadze mo\u017cna m\u00f3wi\u0107, kiedy zdrowe b\u0119dzie nie tylko cia\u0142o, ale przede wszystkim dusza.<\/p>\n\n\n\n<p><em>\u0179r\u00f3d\u0142o:<\/em><\/p>\n\n\n\n<p><em>Starzomska M., Anoreksja. Trudne pytania, Oficyna Wydawnicza ,,Impuls\u2019\u2019, Krak\u00f3w 2006<\/em><\/p>\n\n\n\n<p><em>Zi\u00f3\u0142kowska B., Psychospo\u0142eczne aspekty nienormatywnej masy cia\u0142a, Wydawnictwo Naukowe UAM, Pozna\u0144 2014<\/em><\/p>\n\n\n\n<p><em>autor: Natasza Doiczman<\/em><\/p>\n","protected":false},"excerpt":{"rendered":"<p>O zwi\u0105zku mi\u0119dzy wzrostem wagi cia\u0142a, a kondycj\u0105 psychiczn\u0105 pacjent\u00f3w z anoreksj\u0105. Pr\u00f3ba odpowiedzi na pytanie: czy wystarczy przyty\u0107 by by\u0107 zdrowszym? Bardzo cz\u0119sto osoby, kt\u00f3re maj\u0105 w swoim otoczeniu anorektyczk\u0119\/ anorektyka staraj\u0105 si\u0119 zaoferowa\u0107 jej pomoc, zahamowa\u0107 chorob\u0119 w podobny spos\u00f3b. Ta ,,domowa\u2019\u2019 metoda to dokarmianie chorego, serwowanie obiad\u00f3w, zach\u0119canie do skosztowania smako\u0142yk\u00f3w. ,, [&hellip;]<\/p>\n","protected":false},"author":3,"featured_media":534,"comment_status":"closed","ping_status":"closed","sticky":false,"template":"","format":"standard","meta":{"_acf_changed":false,"inline_featured_image":false,"footnotes":""},"categories":[2],"tags":[],"class_list":["post-533","post","type-post","status-publish","format-standard","has-post-thumbnail","hentry","category-blog"],"acf":[],"yoast_head":"<!-- This site is optimized with the Yoast SEO plugin v27.4 - https:\/\/yoast.com\/product\/yoast-seo-wordpress\/ -->\n<title>Czy wystarczy przyty\u0107 by by\u0107 zdrowszym? Wzrost wagi pacjent\u00f3w. - Strefa Specjalisty - Og\u00f3lnopolskie Centrum Zaburze\u0144 Od\u017cywiania<\/title>\n<meta name=\"description\" content=\"O zwi\u0105zku mi\u0119dzy wzrostem masy cia\u0142a, a kondycj\u0105 psychiczn\u0105 pacjent\u00f3w z anoreksj\u0105. Pr\u00f3ba odpowiedzi, czy wystarczy przyty\u0107 by by\u0107 zdrowszym?\" \/>\n<meta name=\"robots\" content=\"index, follow, max-snippet:-1, max-image-preview:large, max-video-preview:-1\" \/>\n<link rel=\"canonical\" href=\"https:\/\/centrumzaburzenodzywiania.pl\/strefaspecjalisty\/kiedy-kilogramow-zaczyna-przybywac-o-zwiazku-miedzy-wzrostem-wagi-ciala-a-psychika-pacjentow-z-anoreksja\/\" \/>\n<meta property=\"og:locale\" content=\"pl_PL\" \/>\n<meta property=\"og:type\" content=\"article\" \/>\n<meta property=\"og:title\" content=\"Czy wystarczy przyty\u0107 by by\u0107 zdrowszym? Wzrost wagi pacjent\u00f3w. - Strefa Specjalisty - Og\u00f3lnopolskie Centrum Zaburze\u0144 Od\u017cywiania\" \/>\n<meta property=\"og:description\" content=\"O zwi\u0105zku mi\u0119dzy wzrostem masy cia\u0142a, a kondycj\u0105 psychiczn\u0105 pacjent\u00f3w z anoreksj\u0105. Pr\u00f3ba odpowiedzi, czy wystarczy przyty\u0107 by by\u0107 zdrowszym?\" \/>\n<meta property=\"og:url\" content=\"https:\/\/centrumzaburzenodzywiania.pl\/strefaspecjalisty\/kiedy-kilogramow-zaczyna-przybywac-o-zwiazku-miedzy-wzrostem-wagi-ciala-a-psychika-pacjentow-z-anoreksja\/\" \/>\n<meta property=\"og:site_name\" content=\"Strefa Specjalisty - Og\u00f3lnopolskie Centrum Zaburze\u0144 Od\u017cywiania\" \/>\n<meta property=\"article:published_time\" content=\"2021-04-06T14:07:27+00:00\" \/>\n<meta property=\"article:modified_time\" content=\"2026-01-13T08:08:17+00:00\" \/>\n<meta property=\"og:image\" content=\"https:\/\/centrumzaburzenodzywiania.pl\/strefaspecjalisty\/wp-content\/uploads\/2021\/04\/Kiedy-kilogramow-zaczyna-przybywac.jpeg\" \/>\n\t<meta property=\"og:image:width\" content=\"1880\" \/>\n\t<meta property=\"og:image:height\" content=\"1250\" \/>\n\t<meta property=\"og:image:type\" content=\"image\/jpeg\" \/>\n<meta name=\"author\" content=\"Monika Piotrowska\" \/>\n<meta name=\"twitter:card\" content=\"summary_large_image\" \/>\n<meta name=\"twitter:label1\" content=\"Napisane przez\" \/>\n\t<meta name=\"twitter:data1\" content=\"Monika Piotrowska\" \/>\n\t<meta name=\"twitter:label2\" content=\"Szacowany czas czytania\" \/>\n\t<meta name=\"twitter:data2\" content=\"4 minuty\" \/>\n<script type=\"application\/ld+json\" class=\"yoast-schema-graph\">{\"@context\":\"https:\\\/\\\/schema.org\",\"@graph\":[{\"@type\":\"Article\",\"@id\":\"https:\\\/\\\/centrumzaburzenodzywiania.pl\\\/strefaspecjalisty\\\/kiedy-kilogramow-zaczyna-przybywac-o-zwiazku-miedzy-wzrostem-wagi-ciala-a-psychika-pacjentow-z-anoreksja\\\/#article\",\"isPartOf\":{\"@id\":\"https:\\\/\\\/centrumzaburzenodzywiania.pl\\\/strefaspecjalisty\\\/kiedy-kilogramow-zaczyna-przybywac-o-zwiazku-miedzy-wzrostem-wagi-ciala-a-psychika-pacjentow-z-anoreksja\\\/\"},\"author\":{\"name\":\"Monika Piotrowska\",\"@id\":\"https:\\\/\\\/centrumzaburzenodzywiania.pl\\\/strefaspecjalisty\\\/#\\\/schema\\\/person\\\/4bb57bd5e4bd7d5f41cee36db68e8395\"},\"headline\":\"Kiedy kilogram\u00f3w zaczyna przybywa\u0107. O zwi\u0105zku mi\u0119dzy wzrostem wagi cia\u0142a a psychik\u0105 pacjent\u00f3w z anoreksj\u0105.\",\"datePublished\":\"2021-04-06T14:07:27+00:00\",\"dateModified\":\"2026-01-13T08:08:17+00:00\",\"mainEntityOfPage\":{\"@id\":\"https:\\\/\\\/centrumzaburzenodzywiania.pl\\\/strefaspecjalisty\\\/kiedy-kilogramow-zaczyna-przybywac-o-zwiazku-miedzy-wzrostem-wagi-ciala-a-psychika-pacjentow-z-anoreksja\\\/\"},\"wordCount\":656,\"publisher\":{\"@id\":\"https:\\\/\\\/centrumzaburzenodzywiania.pl\\\/strefaspecjalisty\\\/#organization\"},\"image\":{\"@id\":\"https:\\\/\\\/centrumzaburzenodzywiania.pl\\\/strefaspecjalisty\\\/kiedy-kilogramow-zaczyna-przybywac-o-zwiazku-miedzy-wzrostem-wagi-ciala-a-psychika-pacjentow-z-anoreksja\\\/#primaryimage\"},\"thumbnailUrl\":\"https:\\\/\\\/centrumzaburzenodzywiania.pl\\\/strefaspecjalisty\\\/wp-content\\\/uploads\\\/2021\\\/04\\\/Kiedy-kilogramow-zaczyna-przybywac.jpeg\",\"articleSection\":[\"Blog\"],\"inLanguage\":\"pl-PL\"},{\"@type\":\"WebPage\",\"@id\":\"https:\\\/\\\/centrumzaburzenodzywiania.pl\\\/strefaspecjalisty\\\/kiedy-kilogramow-zaczyna-przybywac-o-zwiazku-miedzy-wzrostem-wagi-ciala-a-psychika-pacjentow-z-anoreksja\\\/\",\"url\":\"https:\\\/\\\/centrumzaburzenodzywiania.pl\\\/strefaspecjalisty\\\/kiedy-kilogramow-zaczyna-przybywac-o-zwiazku-miedzy-wzrostem-wagi-ciala-a-psychika-pacjentow-z-anoreksja\\\/\",\"name\":\"Czy wystarczy przyty\u0107 by by\u0107 zdrowszym? Wzrost wagi pacjent\u00f3w. - Strefa Specjalisty - Og\u00f3lnopolskie Centrum Zaburze\u0144 Od\u017cywiania\",\"isPartOf\":{\"@id\":\"https:\\\/\\\/centrumzaburzenodzywiania.pl\\\/strefaspecjalisty\\\/#website\"},\"primaryImageOfPage\":{\"@id\":\"https:\\\/\\\/centrumzaburzenodzywiania.pl\\\/strefaspecjalisty\\\/kiedy-kilogramow-zaczyna-przybywac-o-zwiazku-miedzy-wzrostem-wagi-ciala-a-psychika-pacjentow-z-anoreksja\\\/#primaryimage\"},\"image\":{\"@id\":\"https:\\\/\\\/centrumzaburzenodzywiania.pl\\\/strefaspecjalisty\\\/kiedy-kilogramow-zaczyna-przybywac-o-zwiazku-miedzy-wzrostem-wagi-ciala-a-psychika-pacjentow-z-anoreksja\\\/#primaryimage\"},\"thumbnailUrl\":\"https:\\\/\\\/centrumzaburzenodzywiania.pl\\\/strefaspecjalisty\\\/wp-content\\\/uploads\\\/2021\\\/04\\\/Kiedy-kilogramow-zaczyna-przybywac.jpeg\",\"datePublished\":\"2021-04-06T14:07:27+00:00\",\"dateModified\":\"2026-01-13T08:08:17+00:00\",\"description\":\"O zwi\u0105zku mi\u0119dzy wzrostem masy cia\u0142a, a kondycj\u0105 psychiczn\u0105 pacjent\u00f3w z anoreksj\u0105. Pr\u00f3ba odpowiedzi, czy wystarczy przyty\u0107 by by\u0107 zdrowszym?\",\"breadcrumb\":{\"@id\":\"https:\\\/\\\/centrumzaburzenodzywiania.pl\\\/strefaspecjalisty\\\/kiedy-kilogramow-zaczyna-przybywac-o-zwiazku-miedzy-wzrostem-wagi-ciala-a-psychika-pacjentow-z-anoreksja\\\/#breadcrumb\"},\"inLanguage\":\"pl-PL\",\"potentialAction\":[{\"@type\":\"ReadAction\",\"target\":[\"https:\\\/\\\/centrumzaburzenodzywiania.pl\\\/strefaspecjalisty\\\/kiedy-kilogramow-zaczyna-przybywac-o-zwiazku-miedzy-wzrostem-wagi-ciala-a-psychika-pacjentow-z-anoreksja\\\/\"]}]},{\"@type\":\"ImageObject\",\"inLanguage\":\"pl-PL\",\"@id\":\"https:\\\/\\\/centrumzaburzenodzywiania.pl\\\/strefaspecjalisty\\\/kiedy-kilogramow-zaczyna-przybywac-o-zwiazku-miedzy-wzrostem-wagi-ciala-a-psychika-pacjentow-z-anoreksja\\\/#primaryimage\",\"url\":\"https:\\\/\\\/centrumzaburzenodzywiania.pl\\\/strefaspecjalisty\\\/wp-content\\\/uploads\\\/2021\\\/04\\\/Kiedy-kilogramow-zaczyna-przybywac.jpeg\",\"contentUrl\":\"https:\\\/\\\/centrumzaburzenodzywiania.pl\\\/strefaspecjalisty\\\/wp-content\\\/uploads\\\/2021\\\/04\\\/Kiedy-kilogramow-zaczyna-przybywac.jpeg\",\"width\":1880,\"height\":1250},{\"@type\":\"BreadcrumbList\",\"@id\":\"https:\\\/\\\/centrumzaburzenodzywiania.pl\\\/strefaspecjalisty\\\/kiedy-kilogramow-zaczyna-przybywac-o-zwiazku-miedzy-wzrostem-wagi-ciala-a-psychika-pacjentow-z-anoreksja\\\/#breadcrumb\",\"itemListElement\":[{\"@type\":\"ListItem\",\"position\":1,\"name\":\"Strona g\u0142\u00f3wna\",\"item\":\"https:\\\/\\\/centrumzaburzenodzywiania.pl\\\/strefaspecjalisty\\\/\"},{\"@type\":\"ListItem\",\"position\":2,\"name\":\"Kiedy kilogram\u00f3w zaczyna przybywa\u0107. O zwi\u0105zku mi\u0119dzy wzrostem wagi cia\u0142a a psychik\u0105 pacjent\u00f3w z anoreksj\u0105.\"}]},{\"@type\":\"WebSite\",\"@id\":\"https:\\\/\\\/centrumzaburzenodzywiania.pl\\\/strefaspecjalisty\\\/#website\",\"url\":\"https:\\\/\\\/centrumzaburzenodzywiania.pl\\\/strefaspecjalisty\\\/\",\"name\":\"Strefa Specjalisty - Og\u00f3lnopolskie Centrum Zaburze\u0144 Od\u017cywiania\",\"description\":\"Strefa Specjalisty - Og\u00f3lnopolskie Centrum Zaburze\u0144 Od\u017cywiania\",\"publisher\":{\"@id\":\"https:\\\/\\\/centrumzaburzenodzywiania.pl\\\/strefaspecjalisty\\\/#organization\"},\"potentialAction\":[{\"@type\":\"SearchAction\",\"target\":{\"@type\":\"EntryPoint\",\"urlTemplate\":\"https:\\\/\\\/centrumzaburzenodzywiania.pl\\\/strefaspecjalisty\\\/?s={search_term_string}\"},\"query-input\":{\"@type\":\"PropertyValueSpecification\",\"valueRequired\":true,\"valueName\":\"search_term_string\"}}],\"inLanguage\":\"pl-PL\"},{\"@type\":\"Organization\",\"@id\":\"https:\\\/\\\/centrumzaburzenodzywiania.pl\\\/strefaspecjalisty\\\/#organization\",\"name\":\"Strefa Specjalisty - Og\u00f3lnopolskie Centrum Zaburze\u0144 Od\u017cywiania\",\"url\":\"https:\\\/\\\/centrumzaburzenodzywiania.pl\\\/strefaspecjalisty\\\/\",\"logo\":{\"@type\":\"ImageObject\",\"inLanguage\":\"pl-PL\",\"@id\":\"https:\\\/\\\/centrumzaburzenodzywiania.pl\\\/strefaspecjalisty\\\/#\\\/schema\\\/logo\\\/image\\\/\",\"url\":\"https:\\\/\\\/centrumzaburzenodzywiania.pl\\\/strefaspecjalisty\\\/wp-content\\\/uploads\\\/2025\\\/11\\\/logo.png\",\"contentUrl\":\"https:\\\/\\\/centrumzaburzenodzywiania.pl\\\/strefaspecjalisty\\\/wp-content\\\/uploads\\\/2025\\\/11\\\/logo.png\",\"width\":141,\"height\":54,\"caption\":\"Strefa Specjalisty - Og\u00f3lnopolskie Centrum Zaburze\u0144 Od\u017cywiania\"},\"image\":{\"@id\":\"https:\\\/\\\/centrumzaburzenodzywiania.pl\\\/strefaspecjalisty\\\/#\\\/schema\\\/logo\\\/image\\\/\"}},{\"@type\":\"Person\",\"@id\":\"https:\\\/\\\/centrumzaburzenodzywiania.pl\\\/strefaspecjalisty\\\/#\\\/schema\\\/person\\\/4bb57bd5e4bd7d5f41cee36db68e8395\",\"name\":\"Monika Piotrowska\",\"image\":{\"@type\":\"ImageObject\",\"inLanguage\":\"pl-PL\",\"@id\":\"https:\\\/\\\/secure.gravatar.com\\\/avatar\\\/f10ad2822576477d416c760a199900e38d61b307c4b95b8675199d3e39a811b3?s=96&d=mm&r=g\",\"url\":\"https:\\\/\\\/secure.gravatar.com\\\/avatar\\\/f10ad2822576477d416c760a199900e38d61b307c4b95b8675199d3e39a811b3?s=96&d=mm&r=g\",\"contentUrl\":\"https:\\\/\\\/secure.gravatar.com\\\/avatar\\\/f10ad2822576477d416c760a199900e38d61b307c4b95b8675199d3e39a811b3?s=96&d=mm&r=g\",\"caption\":\"Monika Piotrowska\"},\"url\":\"https:\\\/\\\/centrumzaburzenodzywiania.pl\\\/strefaspecjalisty\\\/author\\\/piotrowska1monikagmail-com\\\/\"}]}<\/script>\n<!-- \/ Yoast SEO plugin. -->","yoast_head_json":{"title":"Czy wystarczy przyty\u0107 by by\u0107 zdrowszym? Wzrost wagi pacjent\u00f3w. - Strefa Specjalisty - Og\u00f3lnopolskie Centrum Zaburze\u0144 Od\u017cywiania","description":"O zwi\u0105zku mi\u0119dzy wzrostem masy cia\u0142a, a kondycj\u0105 psychiczn\u0105 pacjent\u00f3w z anoreksj\u0105. Pr\u00f3ba odpowiedzi, czy wystarczy przyty\u0107 by by\u0107 zdrowszym?","robots":{"index":"index","follow":"follow","max-snippet":"max-snippet:-1","max-image-preview":"max-image-preview:large","max-video-preview":"max-video-preview:-1"},"canonical":"https:\/\/centrumzaburzenodzywiania.pl\/strefaspecjalisty\/kiedy-kilogramow-zaczyna-przybywac-o-zwiazku-miedzy-wzrostem-wagi-ciala-a-psychika-pacjentow-z-anoreksja\/","og_locale":"pl_PL","og_type":"article","og_title":"Czy wystarczy przyty\u0107 by by\u0107 zdrowszym? Wzrost wagi pacjent\u00f3w. - Strefa Specjalisty - Og\u00f3lnopolskie Centrum Zaburze\u0144 Od\u017cywiania","og_description":"O zwi\u0105zku mi\u0119dzy wzrostem masy cia\u0142a, a kondycj\u0105 psychiczn\u0105 pacjent\u00f3w z anoreksj\u0105. Pr\u00f3ba odpowiedzi, czy wystarczy przyty\u0107 by by\u0107 zdrowszym?","og_url":"https:\/\/centrumzaburzenodzywiania.pl\/strefaspecjalisty\/kiedy-kilogramow-zaczyna-przybywac-o-zwiazku-miedzy-wzrostem-wagi-ciala-a-psychika-pacjentow-z-anoreksja\/","og_site_name":"Strefa Specjalisty - Og\u00f3lnopolskie Centrum Zaburze\u0144 Od\u017cywiania","article_published_time":"2021-04-06T14:07:27+00:00","article_modified_time":"2026-01-13T08:08:17+00:00","og_image":[{"width":1880,"height":1250,"url":"https:\/\/centrumzaburzenodzywiania.pl\/strefaspecjalisty\/wp-content\/uploads\/2021\/04\/Kiedy-kilogramow-zaczyna-przybywac.jpeg","type":"image\/jpeg"}],"author":"Monika Piotrowska","twitter_card":"summary_large_image","twitter_misc":{"Napisane przez":"Monika Piotrowska","Szacowany czas czytania":"4 minuty"},"schema":{"@context":"https:\/\/schema.org","@graph":[{"@type":"Article","@id":"https:\/\/centrumzaburzenodzywiania.pl\/strefaspecjalisty\/kiedy-kilogramow-zaczyna-przybywac-o-zwiazku-miedzy-wzrostem-wagi-ciala-a-psychika-pacjentow-z-anoreksja\/#article","isPartOf":{"@id":"https:\/\/centrumzaburzenodzywiania.pl\/strefaspecjalisty\/kiedy-kilogramow-zaczyna-przybywac-o-zwiazku-miedzy-wzrostem-wagi-ciala-a-psychika-pacjentow-z-anoreksja\/"},"author":{"name":"Monika Piotrowska","@id":"https:\/\/centrumzaburzenodzywiania.pl\/strefaspecjalisty\/#\/schema\/person\/4bb57bd5e4bd7d5f41cee36db68e8395"},"headline":"Kiedy kilogram\u00f3w zaczyna przybywa\u0107. O zwi\u0105zku mi\u0119dzy wzrostem wagi cia\u0142a a psychik\u0105 pacjent\u00f3w z anoreksj\u0105.","datePublished":"2021-04-06T14:07:27+00:00","dateModified":"2026-01-13T08:08:17+00:00","mainEntityOfPage":{"@id":"https:\/\/centrumzaburzenodzywiania.pl\/strefaspecjalisty\/kiedy-kilogramow-zaczyna-przybywac-o-zwiazku-miedzy-wzrostem-wagi-ciala-a-psychika-pacjentow-z-anoreksja\/"},"wordCount":656,"publisher":{"@id":"https:\/\/centrumzaburzenodzywiania.pl\/strefaspecjalisty\/#organization"},"image":{"@id":"https:\/\/centrumzaburzenodzywiania.pl\/strefaspecjalisty\/kiedy-kilogramow-zaczyna-przybywac-o-zwiazku-miedzy-wzrostem-wagi-ciala-a-psychika-pacjentow-z-anoreksja\/#primaryimage"},"thumbnailUrl":"https:\/\/centrumzaburzenodzywiania.pl\/strefaspecjalisty\/wp-content\/uploads\/2021\/04\/Kiedy-kilogramow-zaczyna-przybywac.jpeg","articleSection":["Blog"],"inLanguage":"pl-PL"},{"@type":"WebPage","@id":"https:\/\/centrumzaburzenodzywiania.pl\/strefaspecjalisty\/kiedy-kilogramow-zaczyna-przybywac-o-zwiazku-miedzy-wzrostem-wagi-ciala-a-psychika-pacjentow-z-anoreksja\/","url":"https:\/\/centrumzaburzenodzywiania.pl\/strefaspecjalisty\/kiedy-kilogramow-zaczyna-przybywac-o-zwiazku-miedzy-wzrostem-wagi-ciala-a-psychika-pacjentow-z-anoreksja\/","name":"Czy wystarczy przyty\u0107 by by\u0107 zdrowszym? Wzrost wagi pacjent\u00f3w. - Strefa Specjalisty - Og\u00f3lnopolskie Centrum Zaburze\u0144 Od\u017cywiania","isPartOf":{"@id":"https:\/\/centrumzaburzenodzywiania.pl\/strefaspecjalisty\/#website"},"primaryImageOfPage":{"@id":"https:\/\/centrumzaburzenodzywiania.pl\/strefaspecjalisty\/kiedy-kilogramow-zaczyna-przybywac-o-zwiazku-miedzy-wzrostem-wagi-ciala-a-psychika-pacjentow-z-anoreksja\/#primaryimage"},"image":{"@id":"https:\/\/centrumzaburzenodzywiania.pl\/strefaspecjalisty\/kiedy-kilogramow-zaczyna-przybywac-o-zwiazku-miedzy-wzrostem-wagi-ciala-a-psychika-pacjentow-z-anoreksja\/#primaryimage"},"thumbnailUrl":"https:\/\/centrumzaburzenodzywiania.pl\/strefaspecjalisty\/wp-content\/uploads\/2021\/04\/Kiedy-kilogramow-zaczyna-przybywac.jpeg","datePublished":"2021-04-06T14:07:27+00:00","dateModified":"2026-01-13T08:08:17+00:00","description":"O zwi\u0105zku mi\u0119dzy wzrostem masy cia\u0142a, a kondycj\u0105 psychiczn\u0105 pacjent\u00f3w z anoreksj\u0105. Pr\u00f3ba odpowiedzi, czy wystarczy przyty\u0107 by by\u0107 zdrowszym?","breadcrumb":{"@id":"https:\/\/centrumzaburzenodzywiania.pl\/strefaspecjalisty\/kiedy-kilogramow-zaczyna-przybywac-o-zwiazku-miedzy-wzrostem-wagi-ciala-a-psychika-pacjentow-z-anoreksja\/#breadcrumb"},"inLanguage":"pl-PL","potentialAction":[{"@type":"ReadAction","target":["https:\/\/centrumzaburzenodzywiania.pl\/strefaspecjalisty\/kiedy-kilogramow-zaczyna-przybywac-o-zwiazku-miedzy-wzrostem-wagi-ciala-a-psychika-pacjentow-z-anoreksja\/"]}]},{"@type":"ImageObject","inLanguage":"pl-PL","@id":"https:\/\/centrumzaburzenodzywiania.pl\/strefaspecjalisty\/kiedy-kilogramow-zaczyna-przybywac-o-zwiazku-miedzy-wzrostem-wagi-ciala-a-psychika-pacjentow-z-anoreksja\/#primaryimage","url":"https:\/\/centrumzaburzenodzywiania.pl\/strefaspecjalisty\/wp-content\/uploads\/2021\/04\/Kiedy-kilogramow-zaczyna-przybywac.jpeg","contentUrl":"https:\/\/centrumzaburzenodzywiania.pl\/strefaspecjalisty\/wp-content\/uploads\/2021\/04\/Kiedy-kilogramow-zaczyna-przybywac.jpeg","width":1880,"height":1250},{"@type":"BreadcrumbList","@id":"https:\/\/centrumzaburzenodzywiania.pl\/strefaspecjalisty\/kiedy-kilogramow-zaczyna-przybywac-o-zwiazku-miedzy-wzrostem-wagi-ciala-a-psychika-pacjentow-z-anoreksja\/#breadcrumb","itemListElement":[{"@type":"ListItem","position":1,"name":"Strona g\u0142\u00f3wna","item":"https:\/\/centrumzaburzenodzywiania.pl\/strefaspecjalisty\/"},{"@type":"ListItem","position":2,"name":"Kiedy kilogram\u00f3w zaczyna przybywa\u0107. O zwi\u0105zku mi\u0119dzy wzrostem wagi cia\u0142a a psychik\u0105 pacjent\u00f3w z anoreksj\u0105."}]},{"@type":"WebSite","@id":"https:\/\/centrumzaburzenodzywiania.pl\/strefaspecjalisty\/#website","url":"https:\/\/centrumzaburzenodzywiania.pl\/strefaspecjalisty\/","name":"Strefa Specjalisty - Og\u00f3lnopolskie Centrum Zaburze\u0144 Od\u017cywiania","description":"Strefa Specjalisty - Og\u00f3lnopolskie Centrum Zaburze\u0144 Od\u017cywiania","publisher":{"@id":"https:\/\/centrumzaburzenodzywiania.pl\/strefaspecjalisty\/#organization"},"potentialAction":[{"@type":"SearchAction","target":{"@type":"EntryPoint","urlTemplate":"https:\/\/centrumzaburzenodzywiania.pl\/strefaspecjalisty\/?s={search_term_string}"},"query-input":{"@type":"PropertyValueSpecification","valueRequired":true,"valueName":"search_term_string"}}],"inLanguage":"pl-PL"},{"@type":"Organization","@id":"https:\/\/centrumzaburzenodzywiania.pl\/strefaspecjalisty\/#organization","name":"Strefa Specjalisty - Og\u00f3lnopolskie Centrum Zaburze\u0144 Od\u017cywiania","url":"https:\/\/centrumzaburzenodzywiania.pl\/strefaspecjalisty\/","logo":{"@type":"ImageObject","inLanguage":"pl-PL","@id":"https:\/\/centrumzaburzenodzywiania.pl\/strefaspecjalisty\/#\/schema\/logo\/image\/","url":"https:\/\/centrumzaburzenodzywiania.pl\/strefaspecjalisty\/wp-content\/uploads\/2025\/11\/logo.png","contentUrl":"https:\/\/centrumzaburzenodzywiania.pl\/strefaspecjalisty\/wp-content\/uploads\/2025\/11\/logo.png","width":141,"height":54,"caption":"Strefa Specjalisty - Og\u00f3lnopolskie Centrum Zaburze\u0144 Od\u017cywiania"},"image":{"@id":"https:\/\/centrumzaburzenodzywiania.pl\/strefaspecjalisty\/#\/schema\/logo\/image\/"}},{"@type":"Person","@id":"https:\/\/centrumzaburzenodzywiania.pl\/strefaspecjalisty\/#\/schema\/person\/4bb57bd5e4bd7d5f41cee36db68e8395","name":"Monika Piotrowska","image":{"@type":"ImageObject","inLanguage":"pl-PL","@id":"https:\/\/secure.gravatar.com\/avatar\/f10ad2822576477d416c760a199900e38d61b307c4b95b8675199d3e39a811b3?s=96&d=mm&r=g","url":"https:\/\/secure.gravatar.com\/avatar\/f10ad2822576477d416c760a199900e38d61b307c4b95b8675199d3e39a811b3?s=96&d=mm&r=g","contentUrl":"https:\/\/secure.gravatar.com\/avatar\/f10ad2822576477d416c760a199900e38d61b307c4b95b8675199d3e39a811b3?s=96&d=mm&r=g","caption":"Monika Piotrowska"},"url":"https:\/\/centrumzaburzenodzywiania.pl\/strefaspecjalisty\/author\/piotrowska1monikagmail-com\/"}]}},"_links":{"self":[{"href":"https:\/\/centrumzaburzenodzywiania.pl\/strefaspecjalisty\/wp-json\/wp\/v2\/posts\/533","targetHints":{"allow":["GET"]}}],"collection":[{"href":"https:\/\/centrumzaburzenodzywiania.pl\/strefaspecjalisty\/wp-json\/wp\/v2\/posts"}],"about":[{"href":"https:\/\/centrumzaburzenodzywiania.pl\/strefaspecjalisty\/wp-json\/wp\/v2\/types\/post"}],"author":[{"embeddable":true,"href":"https:\/\/centrumzaburzenodzywiania.pl\/strefaspecjalisty\/wp-json\/wp\/v2\/users\/3"}],"replies":[{"embeddable":true,"href":"https:\/\/centrumzaburzenodzywiania.pl\/strefaspecjalisty\/wp-json\/wp\/v2\/comments?post=533"}],"version-history":[{"count":2,"href":"https:\/\/centrumzaburzenodzywiania.pl\/strefaspecjalisty\/wp-json\/wp\/v2\/posts\/533\/revisions"}],"predecessor-version":[{"id":3694,"href":"https:\/\/centrumzaburzenodzywiania.pl\/strefaspecjalisty\/wp-json\/wp\/v2\/posts\/533\/revisions\/3694"}],"wp:featuredmedia":[{"embeddable":true,"href":"https:\/\/centrumzaburzenodzywiania.pl\/strefaspecjalisty\/wp-json\/wp\/v2\/media\/534"}],"wp:attachment":[{"href":"https:\/\/centrumzaburzenodzywiania.pl\/strefaspecjalisty\/wp-json\/wp\/v2\/media?parent=533"}],"wp:term":[{"taxonomy":"category","embeddable":true,"href":"https:\/\/centrumzaburzenodzywiania.pl\/strefaspecjalisty\/wp-json\/wp\/v2\/categories?post=533"},{"taxonomy":"post_tag","embeddable":true,"href":"https:\/\/centrumzaburzenodzywiania.pl\/strefaspecjalisty\/wp-json\/wp\/v2\/tags?post=533"}],"curies":[{"name":"wp","href":"https:\/\/api.w.org\/{rel}","templated":true}]}}