{"id":500,"date":"2021-04-06T15:25:52","date_gmt":"2021-04-06T13:25:52","guid":{"rendered":"https:\/\/centrumzaburzenodzywiania.pl\/strefaspecjalisty\/?p=500"},"modified":"2026-01-13T14:40:45","modified_gmt":"2026-01-13T13:40:45","slug":"zaburzenia-obrazu-wlasnego-ciala-w-swietle-problematyki-osobowosci-typu-borderline","status":"publish","type":"post","link":"https:\/\/centrumzaburzenodzywiania.pl\/strefaspecjalisty\/zaburzenia-obrazu-wlasnego-ciala-w-swietle-problematyki-osobowosci-typu-borderline\/","title":{"rendered":"Zaburzenia obrazu w\u0142asnego cia\u0142a w \u015bwietle problematyki osobowo\u015bci typu borderline."},"content":{"rendered":"\n<p><strong>Szacuje si\u0119, \u017ce diagnoza osobowo\u015bci typu borderline dotyczy ok. 2% populacji, w przewa\u017caj\u0105cej cz\u0119\u015bci kobiet. W\u015br\u00f3d chorych rozpoznaje si\u0119 cz\u0119sto inne zaburzenia, mi\u0119dzy innymi problemy skoncentrowane wok\u00f3\u0142 tematyki do\u015bwiadczania w\u0142asnego cia\u0142a, w tym zaburzenia od\u017cywiania. W literaturze zacz\u0119\u0142o funkcjonowa\u0107 okre\u015blenie \u201eosobowo\u015b\u0107 wieloimpulsywna\u201d, wskazuj\u0105ce na cechy wsp\u00f3lne os\u00f3b z bulimi\u0105 i osobowo\u015bci\u0105 borderline.<\/strong><\/p>\n\n\n\n<p>Czym charakteryzuje si\u0119 zaburzenie osobowo\u015bci typu borderline?<\/p>\n\n\n\n<p>Zgodnie z definicj\u0105 Ameryka\u0144skiego Towarzystwa Psychiatrycznego, zaburzenie osobowo\u015bci typu borderline charakteryzuje si\u0119 przynajmniej pi\u0119cioma spo\u015br\u00f3d wymienionych cech: niestabilne, skrajnie biegunowe i intensywne relacje z innymi; impulsywno\u015b\u0107 przejawiaj\u0105ca si\u0119 w obszarach takich jak: nadu\u017cywanie substancji psychoaktywnych, hazard, seks, od\u017cywianie; chwiejno\u015b\u0107 emocjonalna; do\u015bwiadczanie nieadekwatnej z\u0142o\u015bci i gniewu; zachowania samob\u00f3jcze i samouszkodzenia; zaburzenia to\u017csamo\u015bci, w tym obrazu w\u0142asnego cia\u0142a, poczucia w\u0142asnej warto\u015bci; poczucie pustki; l\u0119k przed porzuceniem oraz podejmowanie wszelkich wysi\u0142k\u00f3w maj\u0105cych temu zapobiec.<\/p>\n\n\n\n<p>Rozw\u00f3j postawy wobec cia\u0142a a kszta\u0142towanie osobowo\u015bci borderline.<\/p>\n\n\n\n<p>Reprezentacja i postawa wobec cia\u0142a kszta\u0142tuje si\u0119 u dziecka ok. sz\u00f3stego roku \u017cycia. Na kszta\u0142towanie Ja cielesnego oraz obrazu cia\u0142a wp\u0142ywaj\u0105 interakcje z opiekunami z okresu dzieci\u0144stwa, zwi\u0105zane z kontaktem fizycznym, blisko\u015bci\u0105 emocjonaln\u0105, responsywno\u015bci\u0105 opiekuna na zachowania dziecka. Badania przeprowadzone w\u015br\u00f3d os\u00f3b z diagnoz\u0105 osobowo\u015bci borderline wskazuj\u0105 na negatywn\u0105 postaw\u0119 wobec w\u0142asnego cia\u0142a u tych os\u00f3b, kt\u00f3ra mo\u017ce wynika\u0107 z uraz\u00f3w psychicznych z okresu dzieci\u0144stwa, w\u0142\u0105czaj\u0105c w to przemoc fizyczn\u0105 i psychiczn\u0105, zaniedbania zwi\u0105zane z cia\u0142em, np. deficyt dotyku lub kontakty intruzywne \u2013 naruszaj\u0105ce granice cielesno\u015bci, do\u015bwiadczenie poni\u017cania i wy\u015bmiewania, w tym szydzenia z wygl\u0105du dziecka \u2013 co prowadzi\u0107 mo\u017ce do wstydu, kt\u00f3ry \u2013 zapisany w pami\u0119ci emocjonalne dziecka \u2013 z biegiem lat do\u015bwiadczany jest w odniesieniu do wygl\u0105du swojego cia\u0142a, przez co osoby takie do\u015bwiadczaj\u0105 dyskomfortu w zwi\u0105zku z tym, jak wygl\u0105daj\u0105. Z kolei nieprzewidywalne reakcje i zachowania opiekun\u00f3w mog\u0105 z kolei wp\u0142yn\u0105\u0107 na ukszta\u0142towanie si\u0119 niestabilnego obrazu swojego cia\u0142a.<\/p>\n\n\n\n<p>Wsp\u00f3\u0142wyst\u0119powanie osobowo\u015bci typu borderline z zaburzeniami od\u017cywiania.<\/p>\n\n\n\n<p>Wyniki bada\u0144 potwierdzaj\u0105 r\u00f3wnie\u017c wsp\u00f3\u0142wyst\u0119powanie zaburze\u0144 osobowo\u015bci typu borderline z zaburzeniami od\u017cywiania \u2013 anoreksj\u0105 i bulimi\u0105. W grupie os\u00f3b z bulimi\u0105 oraz o osobowo\u015bci borderline zaobserwowano tak\u017ce trudno\u015bci zwi\u0105zane z regulacj\u0105 emocji, samoregulacj\u0105, kontrol\u0105 impuls\u00f3w. W literaturze przedmiotu, w kontek\u015bcie os\u00f3b z bulimi\u0105 funkcjonuje termin osobowo\u015b\u0107 wieloimpulsywna, dla kt\u00f3rej charakterystyczna jest impulsywno\u015b\u0107 dotycz\u0105ca obszar\u00f3w takich jak uzale\u017cnienia od substancji psychoaktywnych, seks, kradzie\u017ce, samouszkodzenia, pr\u00f3by samob\u00f3jcze. Na uwag\u0119 zas\u0142uguje fakt, \u017ce cechy osobowo\u015bci wieloimpulsywnej wpisuj\u0105 si\u0119 w charakterystyk\u0119 zaburzenia osobowo\u015bci borderline.<\/p>\n\n\n\n<p><a><\/a>Natomiast w historii \u017cycia os\u00f3b choruj\u0105cych na anoreksj\u0119 oraz o osobowo\u015bci borderline \u2013 jak wynika z bada\u0144 \u2013 odnale\u017a\u0107 mo\u017cna w\u0105tek nadu\u017cycia fizycznego. Co wi\u0119cej, wspomniane wcze\u015bniej nadu\u017cycia fizyczne, prowadzi\u0107 mog\u0105 do zburze\u0144 w zakresie percepcji granic swojego cia\u0142a, jego rozmiaru \u2013 co skutkowa\u0107 mo\u017ce podejmowaniem wysi\u0142k\u00f3w maj\u0105cych na celu jego kontrol\u0119, np. poprzez \u0107wiczenia fizyczne, stosowanie diet.<\/p>\n\n\n\n<p>Bibliografia:<\/p>\n\n\n\n<p>Dyer, A., Borgmann, E., Feldman, R. E., Kleindienst, N., Priebe, K., Bohus, M., Vock, S. (2013). Body image disturbance in patients with borderline personality disorder: Impact of eating disorders and perceived childhood sexual abuse<em>. Body Image, (10),<\/em>&nbsp;&nbsp;220 \u2013 225.<\/p>\n\n\n\n<p>Kernberg, O. F., Selzer, M.A., Koenigsberg, H.W., Carr, A.C., Appelbaum, A.H. (2007).&nbsp;<em>Psychodynamiczna terapia pacjent\u00f3w borderline.<\/em>&nbsp;Warszawa: GWP.<\/p>\n\n\n\n<p>Sansone, R. A., Wiederman M.W., Monteith, D. (2001). Obesity, Borderline Personality Symptomatology, and Body Image Among Women in a Psychiatric Outpatient Setting.&nbsp;<em>International Journal of Eating Disorders, 29(1),<\/em>&nbsp;76 \u2013 79.<\/p>\n\n\n\n<p>Schier, K. (2010). Rozegrane w ciele \u2013 obraz cia\u0142a u os\u00f3b ze struktur\u0105 osobowo\u015bci borderline. W: Brytek \u2013 Matera, A. (red.),&nbsp;<em>Cia\u0142o w dobie wsp\u00f3\u0142czesno\u015bci. Wybrane zagadnienia z problematyki obrazu w\u0142asnego cia\u0142a&nbsp;<\/em>(ss. 9 \u2013 27). Warszawa: Diffin.<\/p>\n\n\n\n<p>Szpietowska, A. (2014).Percepcja w\u0142asnego cia\u0142a u kobiet z zaburzeniem osobowo\u015bci typu borderline \u2013 badania pilota\u017cowe.&nbsp;<em>Psychiatria i Psychologia Kliniczna, 14 (1),<\/em>&nbsp;29\u201336.<\/p>\n\n\n\n<p>Wyszogrodzka-Kucharska, A., Remlinger-Molenda, A. (2005). Wsp\u00f3\u0142wyst\u0119powanie zaburze\u0144 osobowo\u015bci i zaburze\u0144 od\u017cywiania \u2013 opis przypadku pacjentki z bulimi\u0105 i osobowo\u015bci\u0105 nieprawid\u0142ow\u0105 typu borderline.&nbsp;<em>Psychiatria i Psychologia Kliniczna, 5 (2),<\/em>&nbsp;106\u2013109.<\/p>\n","protected":false},"excerpt":{"rendered":"<p>Szacuje si\u0119, \u017ce diagnoza osobowo\u015bci typu borderline dotyczy ok. 2% populacji, w przewa\u017caj\u0105cej cz\u0119\u015bci kobiet. W\u015br\u00f3d chorych rozpoznaje si\u0119 cz\u0119sto inne zaburzenia, mi\u0119dzy innymi problemy skoncentrowane wok\u00f3\u0142 tematyki do\u015bwiadczania w\u0142asnego cia\u0142a, w tym zaburzenia od\u017cywiania. W literaturze zacz\u0119\u0142o funkcjonowa\u0107 okre\u015blenie \u201eosobowo\u015b\u0107 wieloimpulsywna\u201d, wskazuj\u0105ce na cechy wsp\u00f3lne os\u00f3b z bulimi\u0105 i osobowo\u015bci\u0105 borderline. Czym charakteryzuje si\u0119 [&hellip;]<\/p>\n","protected":false},"author":3,"featured_media":501,"comment_status":"closed","ping_status":"closed","sticky":false,"template":"","format":"standard","meta":{"_acf_changed":false,"inline_featured_image":false,"footnotes":""},"categories":[2],"tags":[],"class_list":["post-500","post","type-post","status-publish","format-standard","has-post-thumbnail","hentry","category-blog"],"acf":[],"yoast_head":"<!-- This site is optimized with the Yoast SEO plugin v27.4 - https:\/\/yoast.com\/product\/yoast-seo-wordpress\/ -->\n<title>Zaburzenia osobowo\u015bci borderline a obraz w\u0142asnego cia\u0142a - Blog - Strefa Specjalisty - Og\u00f3lnopolskie Centrum Zaburze\u0144 Od\u017cywiania<\/title>\n<meta name=\"description\" content=\"Dowiedz si\u0119, jak wi\u0105\u017c\u0105 si\u0119 zaburzenia osobowo\u015bci typu borderline z zaburzeniami obrazu w\u0142asnego cia\u0142a. Wiedza od ekspert\u00f3w.\" \/>\n<meta name=\"robots\" content=\"index, follow, max-snippet:-1, max-image-preview:large, max-video-preview:-1\" \/>\n<link rel=\"canonical\" href=\"https:\/\/centrumzaburzenodzywiania.pl\/strefaspecjalisty\/zaburzenia-obrazu-wlasnego-ciala-w-swietle-problematyki-osobowosci-typu-borderline\/\" \/>\n<meta property=\"og:locale\" content=\"pl_PL\" \/>\n<meta property=\"og:type\" content=\"article\" \/>\n<meta property=\"og:title\" content=\"Zaburzenia osobowo\u015bci borderline a obraz w\u0142asnego cia\u0142a - Blog - Strefa Specjalisty - Og\u00f3lnopolskie Centrum Zaburze\u0144 Od\u017cywiania\" \/>\n<meta property=\"og:description\" content=\"Dowiedz si\u0119, jak wi\u0105\u017c\u0105 si\u0119 zaburzenia osobowo\u015bci typu borderline z zaburzeniami obrazu w\u0142asnego cia\u0142a. Wiedza od ekspert\u00f3w.\" \/>\n<meta property=\"og:url\" content=\"https:\/\/centrumzaburzenodzywiania.pl\/strefaspecjalisty\/zaburzenia-obrazu-wlasnego-ciala-w-swietle-problematyki-osobowosci-typu-borderline\/\" \/>\n<meta property=\"og:site_name\" content=\"Strefa Specjalisty - Og\u00f3lnopolskie Centrum Zaburze\u0144 Od\u017cywiania\" \/>\n<meta property=\"article:published_time\" content=\"2021-04-06T13:25:52+00:00\" \/>\n<meta property=\"article:modified_time\" content=\"2026-01-13T13:40:45+00:00\" \/>\n<meta property=\"og:image\" content=\"https:\/\/centrumzaburzenodzywiania.pl\/strefaspecjalisty\/wp-content\/uploads\/2021\/04\/Zaburzenia-obrazu-wlasnego-ciala-w-swietle-problematyki-osobowosci-typu-borderline.jpeg\" \/>\n\t<meta property=\"og:image:width\" content=\"2248\" \/>\n\t<meta property=\"og:image:height\" content=\"1500\" \/>\n\t<meta property=\"og:image:type\" content=\"image\/jpeg\" \/>\n<meta name=\"author\" content=\"Monika Piotrowska\" \/>\n<meta name=\"twitter:card\" content=\"summary_large_image\" \/>\n<meta name=\"twitter:label1\" content=\"Napisane przez\" \/>\n\t<meta name=\"twitter:data1\" content=\"Monika Piotrowska\" \/>\n\t<meta name=\"twitter:label2\" content=\"Szacowany czas czytania\" \/>\n\t<meta name=\"twitter:data2\" content=\"4 minuty\" \/>\n<script type=\"application\/ld+json\" class=\"yoast-schema-graph\">{\"@context\":\"https:\\\/\\\/schema.org\",\"@graph\":[{\"@type\":\"Article\",\"@id\":\"https:\\\/\\\/centrumzaburzenodzywiania.pl\\\/strefaspecjalisty\\\/zaburzenia-obrazu-wlasnego-ciala-w-swietle-problematyki-osobowosci-typu-borderline\\\/#article\",\"isPartOf\":{\"@id\":\"https:\\\/\\\/centrumzaburzenodzywiania.pl\\\/strefaspecjalisty\\\/zaburzenia-obrazu-wlasnego-ciala-w-swietle-problematyki-osobowosci-typu-borderline\\\/\"},\"author\":{\"name\":\"Monika Piotrowska\",\"@id\":\"https:\\\/\\\/centrumzaburzenodzywiania.pl\\\/strefaspecjalisty\\\/#\\\/schema\\\/person\\\/4bb57bd5e4bd7d5f41cee36db68e8395\"},\"headline\":\"Zaburzenia obrazu w\u0142asnego cia\u0142a w \u015bwietle problematyki osobowo\u015bci typu borderline.\",\"datePublished\":\"2021-04-06T13:25:52+00:00\",\"dateModified\":\"2026-01-13T13:40:45+00:00\",\"mainEntityOfPage\":{\"@id\":\"https:\\\/\\\/centrumzaburzenodzywiania.pl\\\/strefaspecjalisty\\\/zaburzenia-obrazu-wlasnego-ciala-w-swietle-problematyki-osobowosci-typu-borderline\\\/\"},\"wordCount\":757,\"publisher\":{\"@id\":\"https:\\\/\\\/centrumzaburzenodzywiania.pl\\\/strefaspecjalisty\\\/#organization\"},\"image\":{\"@id\":\"https:\\\/\\\/centrumzaburzenodzywiania.pl\\\/strefaspecjalisty\\\/zaburzenia-obrazu-wlasnego-ciala-w-swietle-problematyki-osobowosci-typu-borderline\\\/#primaryimage\"},\"thumbnailUrl\":\"https:\\\/\\\/centrumzaburzenodzywiania.pl\\\/strefaspecjalisty\\\/wp-content\\\/uploads\\\/2021\\\/04\\\/Zaburzenia-obrazu-wlasnego-ciala-w-swietle-problematyki-osobowosci-typu-borderline.jpeg\",\"articleSection\":[\"Blog\"],\"inLanguage\":\"pl-PL\"},{\"@type\":\"WebPage\",\"@id\":\"https:\\\/\\\/centrumzaburzenodzywiania.pl\\\/strefaspecjalisty\\\/zaburzenia-obrazu-wlasnego-ciala-w-swietle-problematyki-osobowosci-typu-borderline\\\/\",\"url\":\"https:\\\/\\\/centrumzaburzenodzywiania.pl\\\/strefaspecjalisty\\\/zaburzenia-obrazu-wlasnego-ciala-w-swietle-problematyki-osobowosci-typu-borderline\\\/\",\"name\":\"Zaburzenia osobowo\u015bci borderline a obraz w\u0142asnego cia\u0142a - Blog - Strefa Specjalisty - Og\u00f3lnopolskie Centrum Zaburze\u0144 Od\u017cywiania\",\"isPartOf\":{\"@id\":\"https:\\\/\\\/centrumzaburzenodzywiania.pl\\\/strefaspecjalisty\\\/#website\"},\"primaryImageOfPage\":{\"@id\":\"https:\\\/\\\/centrumzaburzenodzywiania.pl\\\/strefaspecjalisty\\\/zaburzenia-obrazu-wlasnego-ciala-w-swietle-problematyki-osobowosci-typu-borderline\\\/#primaryimage\"},\"image\":{\"@id\":\"https:\\\/\\\/centrumzaburzenodzywiania.pl\\\/strefaspecjalisty\\\/zaburzenia-obrazu-wlasnego-ciala-w-swietle-problematyki-osobowosci-typu-borderline\\\/#primaryimage\"},\"thumbnailUrl\":\"https:\\\/\\\/centrumzaburzenodzywiania.pl\\\/strefaspecjalisty\\\/wp-content\\\/uploads\\\/2021\\\/04\\\/Zaburzenia-obrazu-wlasnego-ciala-w-swietle-problematyki-osobowosci-typu-borderline.jpeg\",\"datePublished\":\"2021-04-06T13:25:52+00:00\",\"dateModified\":\"2026-01-13T13:40:45+00:00\",\"description\":\"Dowiedz si\u0119, jak wi\u0105\u017c\u0105 si\u0119 zaburzenia osobowo\u015bci typu borderline z zaburzeniami obrazu w\u0142asnego cia\u0142a. Wiedza od ekspert\u00f3w.\",\"breadcrumb\":{\"@id\":\"https:\\\/\\\/centrumzaburzenodzywiania.pl\\\/strefaspecjalisty\\\/zaburzenia-obrazu-wlasnego-ciala-w-swietle-problematyki-osobowosci-typu-borderline\\\/#breadcrumb\"},\"inLanguage\":\"pl-PL\",\"potentialAction\":[{\"@type\":\"ReadAction\",\"target\":[\"https:\\\/\\\/centrumzaburzenodzywiania.pl\\\/strefaspecjalisty\\\/zaburzenia-obrazu-wlasnego-ciala-w-swietle-problematyki-osobowosci-typu-borderline\\\/\"]}]},{\"@type\":\"ImageObject\",\"inLanguage\":\"pl-PL\",\"@id\":\"https:\\\/\\\/centrumzaburzenodzywiania.pl\\\/strefaspecjalisty\\\/zaburzenia-obrazu-wlasnego-ciala-w-swietle-problematyki-osobowosci-typu-borderline\\\/#primaryimage\",\"url\":\"https:\\\/\\\/centrumzaburzenodzywiania.pl\\\/strefaspecjalisty\\\/wp-content\\\/uploads\\\/2021\\\/04\\\/Zaburzenia-obrazu-wlasnego-ciala-w-swietle-problematyki-osobowosci-typu-borderline.jpeg\",\"contentUrl\":\"https:\\\/\\\/centrumzaburzenodzywiania.pl\\\/strefaspecjalisty\\\/wp-content\\\/uploads\\\/2021\\\/04\\\/Zaburzenia-obrazu-wlasnego-ciala-w-swietle-problematyki-osobowosci-typu-borderline.jpeg\",\"width\":2248,\"height\":1500},{\"@type\":\"BreadcrumbList\",\"@id\":\"https:\\\/\\\/centrumzaburzenodzywiania.pl\\\/strefaspecjalisty\\\/zaburzenia-obrazu-wlasnego-ciala-w-swietle-problematyki-osobowosci-typu-borderline\\\/#breadcrumb\",\"itemListElement\":[{\"@type\":\"ListItem\",\"position\":1,\"name\":\"Strona g\u0142\u00f3wna\",\"item\":\"https:\\\/\\\/centrumzaburzenodzywiania.pl\\\/strefaspecjalisty\\\/\"},{\"@type\":\"ListItem\",\"position\":2,\"name\":\"Zaburzenia obrazu w\u0142asnego cia\u0142a w \u015bwietle problematyki osobowo\u015bci typu borderline.\"}]},{\"@type\":\"WebSite\",\"@id\":\"https:\\\/\\\/centrumzaburzenodzywiania.pl\\\/strefaspecjalisty\\\/#website\",\"url\":\"https:\\\/\\\/centrumzaburzenodzywiania.pl\\\/strefaspecjalisty\\\/\",\"name\":\"Strefa Specjalisty - Og\u00f3lnopolskie Centrum Zaburze\u0144 Od\u017cywiania\",\"description\":\"Strefa Specjalisty - Og\u00f3lnopolskie Centrum Zaburze\u0144 Od\u017cywiania\",\"publisher\":{\"@id\":\"https:\\\/\\\/centrumzaburzenodzywiania.pl\\\/strefaspecjalisty\\\/#organization\"},\"potentialAction\":[{\"@type\":\"SearchAction\",\"target\":{\"@type\":\"EntryPoint\",\"urlTemplate\":\"https:\\\/\\\/centrumzaburzenodzywiania.pl\\\/strefaspecjalisty\\\/?s={search_term_string}\"},\"query-input\":{\"@type\":\"PropertyValueSpecification\",\"valueRequired\":true,\"valueName\":\"search_term_string\"}}],\"inLanguage\":\"pl-PL\"},{\"@type\":\"Organization\",\"@id\":\"https:\\\/\\\/centrumzaburzenodzywiania.pl\\\/strefaspecjalisty\\\/#organization\",\"name\":\"Strefa Specjalisty - Og\u00f3lnopolskie Centrum Zaburze\u0144 Od\u017cywiania\",\"url\":\"https:\\\/\\\/centrumzaburzenodzywiania.pl\\\/strefaspecjalisty\\\/\",\"logo\":{\"@type\":\"ImageObject\",\"inLanguage\":\"pl-PL\",\"@id\":\"https:\\\/\\\/centrumzaburzenodzywiania.pl\\\/strefaspecjalisty\\\/#\\\/schema\\\/logo\\\/image\\\/\",\"url\":\"https:\\\/\\\/centrumzaburzenodzywiania.pl\\\/strefaspecjalisty\\\/wp-content\\\/uploads\\\/2025\\\/11\\\/logo.png\",\"contentUrl\":\"https:\\\/\\\/centrumzaburzenodzywiania.pl\\\/strefaspecjalisty\\\/wp-content\\\/uploads\\\/2025\\\/11\\\/logo.png\",\"width\":141,\"height\":54,\"caption\":\"Strefa Specjalisty - Og\u00f3lnopolskie Centrum Zaburze\u0144 Od\u017cywiania\"},\"image\":{\"@id\":\"https:\\\/\\\/centrumzaburzenodzywiania.pl\\\/strefaspecjalisty\\\/#\\\/schema\\\/logo\\\/image\\\/\"}},{\"@type\":\"Person\",\"@id\":\"https:\\\/\\\/centrumzaburzenodzywiania.pl\\\/strefaspecjalisty\\\/#\\\/schema\\\/person\\\/4bb57bd5e4bd7d5f41cee36db68e8395\",\"name\":\"Monika Piotrowska\",\"image\":{\"@type\":\"ImageObject\",\"inLanguage\":\"pl-PL\",\"@id\":\"https:\\\/\\\/secure.gravatar.com\\\/avatar\\\/f10ad2822576477d416c760a199900e38d61b307c4b95b8675199d3e39a811b3?s=96&d=mm&r=g\",\"url\":\"https:\\\/\\\/secure.gravatar.com\\\/avatar\\\/f10ad2822576477d416c760a199900e38d61b307c4b95b8675199d3e39a811b3?s=96&d=mm&r=g\",\"contentUrl\":\"https:\\\/\\\/secure.gravatar.com\\\/avatar\\\/f10ad2822576477d416c760a199900e38d61b307c4b95b8675199d3e39a811b3?s=96&d=mm&r=g\",\"caption\":\"Monika Piotrowska\"},\"url\":\"https:\\\/\\\/centrumzaburzenodzywiania.pl\\\/strefaspecjalisty\\\/author\\\/piotrowska1monikagmail-com\\\/\"}]}<\/script>\n<!-- \/ Yoast SEO plugin. -->","yoast_head_json":{"title":"Zaburzenia osobowo\u015bci borderline a obraz w\u0142asnego cia\u0142a - Blog - Strefa Specjalisty - Og\u00f3lnopolskie Centrum Zaburze\u0144 Od\u017cywiania","description":"Dowiedz si\u0119, jak wi\u0105\u017c\u0105 si\u0119 zaburzenia osobowo\u015bci typu borderline z zaburzeniami obrazu w\u0142asnego cia\u0142a. Wiedza od ekspert\u00f3w.","robots":{"index":"index","follow":"follow","max-snippet":"max-snippet:-1","max-image-preview":"max-image-preview:large","max-video-preview":"max-video-preview:-1"},"canonical":"https:\/\/centrumzaburzenodzywiania.pl\/strefaspecjalisty\/zaburzenia-obrazu-wlasnego-ciala-w-swietle-problematyki-osobowosci-typu-borderline\/","og_locale":"pl_PL","og_type":"article","og_title":"Zaburzenia osobowo\u015bci borderline a obraz w\u0142asnego cia\u0142a - Blog - Strefa Specjalisty - Og\u00f3lnopolskie Centrum Zaburze\u0144 Od\u017cywiania","og_description":"Dowiedz si\u0119, jak wi\u0105\u017c\u0105 si\u0119 zaburzenia osobowo\u015bci typu borderline z zaburzeniami obrazu w\u0142asnego cia\u0142a. Wiedza od ekspert\u00f3w.","og_url":"https:\/\/centrumzaburzenodzywiania.pl\/strefaspecjalisty\/zaburzenia-obrazu-wlasnego-ciala-w-swietle-problematyki-osobowosci-typu-borderline\/","og_site_name":"Strefa Specjalisty - Og\u00f3lnopolskie Centrum Zaburze\u0144 Od\u017cywiania","article_published_time":"2021-04-06T13:25:52+00:00","article_modified_time":"2026-01-13T13:40:45+00:00","og_image":[{"width":2248,"height":1500,"url":"https:\/\/centrumzaburzenodzywiania.pl\/strefaspecjalisty\/wp-content\/uploads\/2021\/04\/Zaburzenia-obrazu-wlasnego-ciala-w-swietle-problematyki-osobowosci-typu-borderline.jpeg","type":"image\/jpeg"}],"author":"Monika Piotrowska","twitter_card":"summary_large_image","twitter_misc":{"Napisane przez":"Monika Piotrowska","Szacowany czas czytania":"4 minuty"},"schema":{"@context":"https:\/\/schema.org","@graph":[{"@type":"Article","@id":"https:\/\/centrumzaburzenodzywiania.pl\/strefaspecjalisty\/zaburzenia-obrazu-wlasnego-ciala-w-swietle-problematyki-osobowosci-typu-borderline\/#article","isPartOf":{"@id":"https:\/\/centrumzaburzenodzywiania.pl\/strefaspecjalisty\/zaburzenia-obrazu-wlasnego-ciala-w-swietle-problematyki-osobowosci-typu-borderline\/"},"author":{"name":"Monika Piotrowska","@id":"https:\/\/centrumzaburzenodzywiania.pl\/strefaspecjalisty\/#\/schema\/person\/4bb57bd5e4bd7d5f41cee36db68e8395"},"headline":"Zaburzenia obrazu w\u0142asnego cia\u0142a w \u015bwietle problematyki osobowo\u015bci typu borderline.","datePublished":"2021-04-06T13:25:52+00:00","dateModified":"2026-01-13T13:40:45+00:00","mainEntityOfPage":{"@id":"https:\/\/centrumzaburzenodzywiania.pl\/strefaspecjalisty\/zaburzenia-obrazu-wlasnego-ciala-w-swietle-problematyki-osobowosci-typu-borderline\/"},"wordCount":757,"publisher":{"@id":"https:\/\/centrumzaburzenodzywiania.pl\/strefaspecjalisty\/#organization"},"image":{"@id":"https:\/\/centrumzaburzenodzywiania.pl\/strefaspecjalisty\/zaburzenia-obrazu-wlasnego-ciala-w-swietle-problematyki-osobowosci-typu-borderline\/#primaryimage"},"thumbnailUrl":"https:\/\/centrumzaburzenodzywiania.pl\/strefaspecjalisty\/wp-content\/uploads\/2021\/04\/Zaburzenia-obrazu-wlasnego-ciala-w-swietle-problematyki-osobowosci-typu-borderline.jpeg","articleSection":["Blog"],"inLanguage":"pl-PL"},{"@type":"WebPage","@id":"https:\/\/centrumzaburzenodzywiania.pl\/strefaspecjalisty\/zaburzenia-obrazu-wlasnego-ciala-w-swietle-problematyki-osobowosci-typu-borderline\/","url":"https:\/\/centrumzaburzenodzywiania.pl\/strefaspecjalisty\/zaburzenia-obrazu-wlasnego-ciala-w-swietle-problematyki-osobowosci-typu-borderline\/","name":"Zaburzenia osobowo\u015bci borderline a obraz w\u0142asnego cia\u0142a - Blog - Strefa Specjalisty - Og\u00f3lnopolskie Centrum Zaburze\u0144 Od\u017cywiania","isPartOf":{"@id":"https:\/\/centrumzaburzenodzywiania.pl\/strefaspecjalisty\/#website"},"primaryImageOfPage":{"@id":"https:\/\/centrumzaburzenodzywiania.pl\/strefaspecjalisty\/zaburzenia-obrazu-wlasnego-ciala-w-swietle-problematyki-osobowosci-typu-borderline\/#primaryimage"},"image":{"@id":"https:\/\/centrumzaburzenodzywiania.pl\/strefaspecjalisty\/zaburzenia-obrazu-wlasnego-ciala-w-swietle-problematyki-osobowosci-typu-borderline\/#primaryimage"},"thumbnailUrl":"https:\/\/centrumzaburzenodzywiania.pl\/strefaspecjalisty\/wp-content\/uploads\/2021\/04\/Zaburzenia-obrazu-wlasnego-ciala-w-swietle-problematyki-osobowosci-typu-borderline.jpeg","datePublished":"2021-04-06T13:25:52+00:00","dateModified":"2026-01-13T13:40:45+00:00","description":"Dowiedz si\u0119, jak wi\u0105\u017c\u0105 si\u0119 zaburzenia osobowo\u015bci typu borderline z zaburzeniami obrazu w\u0142asnego cia\u0142a. Wiedza od ekspert\u00f3w.","breadcrumb":{"@id":"https:\/\/centrumzaburzenodzywiania.pl\/strefaspecjalisty\/zaburzenia-obrazu-wlasnego-ciala-w-swietle-problematyki-osobowosci-typu-borderline\/#breadcrumb"},"inLanguage":"pl-PL","potentialAction":[{"@type":"ReadAction","target":["https:\/\/centrumzaburzenodzywiania.pl\/strefaspecjalisty\/zaburzenia-obrazu-wlasnego-ciala-w-swietle-problematyki-osobowosci-typu-borderline\/"]}]},{"@type":"ImageObject","inLanguage":"pl-PL","@id":"https:\/\/centrumzaburzenodzywiania.pl\/strefaspecjalisty\/zaburzenia-obrazu-wlasnego-ciala-w-swietle-problematyki-osobowosci-typu-borderline\/#primaryimage","url":"https:\/\/centrumzaburzenodzywiania.pl\/strefaspecjalisty\/wp-content\/uploads\/2021\/04\/Zaburzenia-obrazu-wlasnego-ciala-w-swietle-problematyki-osobowosci-typu-borderline.jpeg","contentUrl":"https:\/\/centrumzaburzenodzywiania.pl\/strefaspecjalisty\/wp-content\/uploads\/2021\/04\/Zaburzenia-obrazu-wlasnego-ciala-w-swietle-problematyki-osobowosci-typu-borderline.jpeg","width":2248,"height":1500},{"@type":"BreadcrumbList","@id":"https:\/\/centrumzaburzenodzywiania.pl\/strefaspecjalisty\/zaburzenia-obrazu-wlasnego-ciala-w-swietle-problematyki-osobowosci-typu-borderline\/#breadcrumb","itemListElement":[{"@type":"ListItem","position":1,"name":"Strona g\u0142\u00f3wna","item":"https:\/\/centrumzaburzenodzywiania.pl\/strefaspecjalisty\/"},{"@type":"ListItem","position":2,"name":"Zaburzenia obrazu w\u0142asnego cia\u0142a w \u015bwietle problematyki osobowo\u015bci typu borderline."}]},{"@type":"WebSite","@id":"https:\/\/centrumzaburzenodzywiania.pl\/strefaspecjalisty\/#website","url":"https:\/\/centrumzaburzenodzywiania.pl\/strefaspecjalisty\/","name":"Strefa Specjalisty - Og\u00f3lnopolskie Centrum Zaburze\u0144 Od\u017cywiania","description":"Strefa Specjalisty - Og\u00f3lnopolskie Centrum Zaburze\u0144 Od\u017cywiania","publisher":{"@id":"https:\/\/centrumzaburzenodzywiania.pl\/strefaspecjalisty\/#organization"},"potentialAction":[{"@type":"SearchAction","target":{"@type":"EntryPoint","urlTemplate":"https:\/\/centrumzaburzenodzywiania.pl\/strefaspecjalisty\/?s={search_term_string}"},"query-input":{"@type":"PropertyValueSpecification","valueRequired":true,"valueName":"search_term_string"}}],"inLanguage":"pl-PL"},{"@type":"Organization","@id":"https:\/\/centrumzaburzenodzywiania.pl\/strefaspecjalisty\/#organization","name":"Strefa Specjalisty - Og\u00f3lnopolskie Centrum Zaburze\u0144 Od\u017cywiania","url":"https:\/\/centrumzaburzenodzywiania.pl\/strefaspecjalisty\/","logo":{"@type":"ImageObject","inLanguage":"pl-PL","@id":"https:\/\/centrumzaburzenodzywiania.pl\/strefaspecjalisty\/#\/schema\/logo\/image\/","url":"https:\/\/centrumzaburzenodzywiania.pl\/strefaspecjalisty\/wp-content\/uploads\/2025\/11\/logo.png","contentUrl":"https:\/\/centrumzaburzenodzywiania.pl\/strefaspecjalisty\/wp-content\/uploads\/2025\/11\/logo.png","width":141,"height":54,"caption":"Strefa Specjalisty - Og\u00f3lnopolskie Centrum Zaburze\u0144 Od\u017cywiania"},"image":{"@id":"https:\/\/centrumzaburzenodzywiania.pl\/strefaspecjalisty\/#\/schema\/logo\/image\/"}},{"@type":"Person","@id":"https:\/\/centrumzaburzenodzywiania.pl\/strefaspecjalisty\/#\/schema\/person\/4bb57bd5e4bd7d5f41cee36db68e8395","name":"Monika Piotrowska","image":{"@type":"ImageObject","inLanguage":"pl-PL","@id":"https:\/\/secure.gravatar.com\/avatar\/f10ad2822576477d416c760a199900e38d61b307c4b95b8675199d3e39a811b3?s=96&d=mm&r=g","url":"https:\/\/secure.gravatar.com\/avatar\/f10ad2822576477d416c760a199900e38d61b307c4b95b8675199d3e39a811b3?s=96&d=mm&r=g","contentUrl":"https:\/\/secure.gravatar.com\/avatar\/f10ad2822576477d416c760a199900e38d61b307c4b95b8675199d3e39a811b3?s=96&d=mm&r=g","caption":"Monika Piotrowska"},"url":"https:\/\/centrumzaburzenodzywiania.pl\/strefaspecjalisty\/author\/piotrowska1monikagmail-com\/"}]}},"_links":{"self":[{"href":"https:\/\/centrumzaburzenodzywiania.pl\/strefaspecjalisty\/wp-json\/wp\/v2\/posts\/500","targetHints":{"allow":["GET"]}}],"collection":[{"href":"https:\/\/centrumzaburzenodzywiania.pl\/strefaspecjalisty\/wp-json\/wp\/v2\/posts"}],"about":[{"href":"https:\/\/centrumzaburzenodzywiania.pl\/strefaspecjalisty\/wp-json\/wp\/v2\/types\/post"}],"author":[{"embeddable":true,"href":"https:\/\/centrumzaburzenodzywiania.pl\/strefaspecjalisty\/wp-json\/wp\/v2\/users\/3"}],"replies":[{"embeddable":true,"href":"https:\/\/centrumzaburzenodzywiania.pl\/strefaspecjalisty\/wp-json\/wp\/v2\/comments?post=500"}],"version-history":[{"count":2,"href":"https:\/\/centrumzaburzenodzywiania.pl\/strefaspecjalisty\/wp-json\/wp\/v2\/posts\/500\/revisions"}],"predecessor-version":[{"id":3705,"href":"https:\/\/centrumzaburzenodzywiania.pl\/strefaspecjalisty\/wp-json\/wp\/v2\/posts\/500\/revisions\/3705"}],"wp:featuredmedia":[{"embeddable":true,"href":"https:\/\/centrumzaburzenodzywiania.pl\/strefaspecjalisty\/wp-json\/wp\/v2\/media\/501"}],"wp:attachment":[{"href":"https:\/\/centrumzaburzenodzywiania.pl\/strefaspecjalisty\/wp-json\/wp\/v2\/media?parent=500"}],"wp:term":[{"taxonomy":"category","embeddable":true,"href":"https:\/\/centrumzaburzenodzywiania.pl\/strefaspecjalisty\/wp-json\/wp\/v2\/categories?post=500"},{"taxonomy":"post_tag","embeddable":true,"href":"https:\/\/centrumzaburzenodzywiania.pl\/strefaspecjalisty\/wp-json\/wp\/v2\/tags?post=500"}],"curies":[{"name":"wp","href":"https:\/\/api.w.org\/{rel}","templated":true}]}}