{"id":494,"date":"2021-04-06T15:22:55","date_gmt":"2021-04-06T13:22:55","guid":{"rendered":"https:\/\/centrumzaburzenodzywiania.pl\/strefaspecjalisty\/?p=494"},"modified":"2026-01-13T14:47:01","modified_gmt":"2026-01-13T13:47:01","slug":"ja-kontra-moje-cialo-o-obrazie-siebie-w-zaburzeniach-odzywiania","status":"publish","type":"post","link":"https:\/\/centrumzaburzenodzywiania.pl\/strefaspecjalisty\/ja-kontra-moje-cialo-o-obrazie-siebie-w-zaburzeniach-odzywiania\/","title":{"rendered":"Ja kontra moje cia\u0142o. O obrazie siebie w zaburzeniach od\u017cywiania."},"content":{"rendered":"\n<p>Osoby choruj\u0105ce na zaburzenia od\u017cywiania, wyra\u017anie oddzielaj\u0105ce sw\u00f3j umys\u0142 od cia\u0142a, z kt\u00f3rym tocz\u0105 nieustann\u0105 walk\u0119, s\u0105 bardziej od os\u00f3b zdrowych podatne za zaburzenia komunikacji cia\u0142a i psychiki. Objawiaj\u0105 si\u0119 one trudno\u015bciami w rozpoznawaniu sygna\u0142\u00f3w p\u0142yn\u0105cych z wn\u0119trza cia\u0142a i z otoczenia, w ocenie ich si\u0142y oraz w regulacji stan\u00f3w, w jakich cia\u0142o si\u0119 znajduje. Taki wniosek p\u0142ynie z bada\u0144 przeprowadzonych na m\u0142odych kobietach choruj\u0105cych na anoreksj\u0119, bulimi\u0119 lub inne zaburzenia jedzenia oraz na zdrowej grupie kontrolnej.<\/p>\n\n\n\n<p>W literaturze fachowej mo\u017cna znale\u017a\u0107 tez\u0119 o doznawaniu w\u0142asnego cia\u0142a jako obcego u os\u00f3b choruj\u0105cych na zaburzenia od\u017cywania si\u0119 . Oznacza to, \u017ce osoby te nie odbieraj\u0105 swojego cia\u0142a jako integralnej cz\u0119\u015bci siebie, ale jako co\u015b roz\u0142\u0105cznego od ich \u201eJa\u201d, kt\u00f3re stanowi umys\u0142.<\/p>\n\n\n\n<p>Niekt\u00f3re teorie psychologiczne sugeruj\u0105, \u017ce jedn\u0105 z przyczyn zaburze\u0144 od\u017cywiania mog\u0105 by\u0107 wstrz\u0105saj\u0105ce do\u015bwiadczenia z dzieci\u0144stwa, a cia\u0142o, jako obiekt lub \u015bwiadek tych prze\u017cy\u0107, w opinii cierpi\u0105cych na anoreksj\u0119, nale\u017cy zniszczy\u0107. Jeszcze inne g\u0142osz\u0105, \u017ce cia\u0142o przeszkadza osobie d\u0105\u017c\u0105cej do doskona\u0142o\u015bci poprzez rozw\u00f3j duchowy. Powo\u0142uj\u0105 si\u0119 one na wypowiedzi os\u00f3b z anoreksj\u0105 twierdz\u0105cych, \u017ce im mniej jest cia\u0142a, tym wi\u0119cej ich samych. Teorie te pozostaj\u0105 w zgodzie z oddzieleniem psychiki od cia\u0142a, cz\u0119stym u os\u00f3b choruj\u0105cych na ED, kt\u00f3re nosi nazw\u0119 dysocjacji.<\/p>\n\n\n\n<p>Badania Skiminy i Libickiej wykaza\u0142y, \u017ce m\u0142ode kobiety cierpi\u0105ce na zaburzenia od\u017cywiania przejawiaj\u0105 znacznie wi\u0119cej zaburze\u0144 w r\u00f3\u017cnych sferach komunikacji mi\u0119dzy psychik\u0105 a cia\u0142em ni\u017c ich zdrowe r\u00f3wie\u015bniczki. Zaburzenia te polegaj\u0105 na doznawaniu bod\u017ac\u00f3w odbieranych przez organizm jako silniejszych lub s\u0142abszych ni\u017c s\u0105 w rzeczywisto\u015bci, czego przyk\u0142adem mog\u0105 by\u0107 sytuacje, w kt\u00f3rych skaleczenie nie jest do\u015bwiadczane jako bolesne lub takie, kiedy kontakt sk\u00f3ry z delikatn\u0105 tkanin\u0105 sprawia b\u00f3l.<\/p>\n\n\n\n<p>Zaburzenia wyst\u0119puj\u0105 tak\u017ce na wy\u017cszych etapach przetwarzania bod\u017ac\u00f3w docieraj\u0105cych do cia\u0142a z jego wn\u0119trza lub z otoczenia: na etapie ich interpretacji oraz regulacji. Zaburzenia u os\u00f3b z ED wyst\u0119puj\u0105 zar\u00f3wno w interpretacji wra\u017ce\u0144 w kategoriach fizycznych, czyli np. odr\u00f3\u017cnianiu stan\u00f3w organizmu \u015bwiadcz\u0105cych o g\u0142odzie czy zm\u0119czeniu od innych do\u015bwiadcze\u0144, jak i interpretacji bod\u017ac\u00f3w w kategoriach emocji, czyli rozumieniu, jakich emocji si\u0119 aktualnie do\u015bwiadcza i jakie s\u0105 ich przyczyny oraz w kategoriach poczucia to\u017csamo\u015bci fizycznej, czyli odbierania cia\u0142a jako w\u0142asnego, do\u015bwiadczania harmonijnej sp\u00f3jno\u015bci cia\u0142a i umys\u0142u.<\/p>\n\n\n\n<p>Problemy w regulacji stan\u00f3w fizycznych czy emocjonalnych s\u0105 wt\u00f3rne do zaburze\u0144 w ich rozpoznawaniu. Przejawiaj\u0105 si\u0119 np. trudno\u015bciami w opanowaniu zm\u0119czenia, zaspokojeniu g\u0142odu, poprawy nastroju czy pozbycia si\u0119 napi\u0119cia, kt\u00f3rego przyczyny osoba chora si\u0119 nie domy\u015bla.<\/p>\n\n\n\n<p>Badanie to wykaza\u0142o r\u00f3wnie\u017c, \u017ce kobiety choruj\u0105ce na zaburzenia od\u017cywiania charakteryzuj\u0105 si\u0119 znacznie bardziej negatywnym stosunkiem do wygl\u0105du i sposobu funkcjonowania swojego cia\u0142a ni\u017c kobiety zdrowe.<br>Wyniki przytoczonego badania mog\u0105 stanowi\u0107 poparcie dla tezy o izolowaniu siebie od swojego cia\u0142a przez osoby choruj\u0105ce na zaburzenia jedzenia. Szczeg\u00f3lne znaczenie ma tu wyst\u0119powanie zaburze\u0144 w interpretacji dozna\u0144 w kategoriach poczucia to\u017csamo\u015bci cielesnej, kt\u00f3re sugerowa\u0142yby, \u017ce osoby z anoreksj\u0105 lub bulimi\u0105 mog\u0105 do\u015bwiadcza\u0107 w\u0142asne cia\u0142o jako co\u015b obcego. Ponadto nie s\u0105 zadowolone ze sposobu, w jaki to cia\u0142o funkcjonuje, co motywuje je do walki z nim. Z perspektywy osoby chorej w tym sposobie my\u015blenia nie ma niczego b\u0142\u0119dnego. Obiektywnie jednak, znaj\u0105c ryzyko takiej walki z w\u0142asnym cia\u0142em, kt\u00f3re, jak wiadomo, prowadzi\u0107 mo\u017ce do powa\u017cnego wyniszczenia organizmu, osoba chora osi\u0105ga efekt przeciwny do oczekiwanego- zamiast zbli\u017ca\u0107 si\u0119 do doskona\u0142o\u015bci, niszczy sam\u0105 siebie. Je\u015bli uda jej si\u0119 zupe\u0142nie pokona\u0107 swoje cia\u0142o, umrze razem z nim.<\/p>\n\n\n\n<p>Badanie to pokazuje jeszcze jedn\u0105 istotn\u0105 rzecz. Choroba ta zaburza nie tylko spos\u00f3b my\u015blenia, ale tak\u017ce funkcjonowania cia\u0142a i jego komunikacji z psychik\u0105. Cia\u0142o wysy\u0142a do umys\u0142u informacje o swoich stanach, kt\u00f3rych umys\u0142 nie potrafi rozr\u00f3\u017cni\u0107- nie wie, sk\u0105d pochodzi napi\u0119cie, nie potrafi wi\u0119c sobie z nim poradzi\u0107. Skutkuje to tym, \u017ce staraj\u0105c si\u0119 zwi\u0119ksza\u0107 kontrol\u0119 nad swoim cia\u0142em, osoba chora coraz bardziej j\u0105 traci. Rezultaty badania sugeruj\u0105 zatem potrzeb\u0119 uwzgl\u0119dnienia w terapii osoby choruj\u0105cej na zaburzenia od\u017cywiania zwi\u0119kszanie \u015bwiadomo\u015bci jej cia\u0142a, nabycie na nowo umiej\u0119tno\u015bci rozumienia go i nale\u017cytego dbania o jego potrzeby. Co oczywi\u015bcie nie b\u0119dzie mo\u017cliwe bez pogodzenia si\u0119 z my\u015bl\u0105, \u017ce moje cia\u0142o to ja; \u017ce nie jest ono wrogiem, ale sprzymierze\u0144cem i \u017ce nale\u017cy mu si\u0119 szacunek. Bo tylko wtedy mo\u017cna czu\u0107 si\u0119 naprawd\u0119 dobrze z samym sob\u0105, gdy akceptuje si\u0119 swoje cia\u0142o jako cz\u0119\u015b\u0107 siebie i troszczy o nie.<\/p>\n\n\n\n<p><em>Brytek-Matera, A. Postawy wobec cia\u0142a a obraz samych siebie u kobiet z zaburzeniami od\u017cywiania si\u0119. Badania na gruncie teorii rozbie\u017cno\u015bci Ja \u2013 Edwarda Tory Higginsa. Psychiatria Polska. 2011; XLV (5): 671-682.<\/em><\/p>\n\n\n\n<p><em>Starzomska, M. \u201eMoje cia\u0142o jest z\u0142e\u201d: historia wykorzystania seksualnego i fizycznego u dziewcz\u0105t z zaburzeniami od\u017cywiania. Dziecko Krzywdzone. Teoria Badania Praktyka. 2006; 14: 49-60.<\/em><\/p>\n\n\n\n<p><em>Skimina, E., Libicka, J. Obraz siebie i do\u015bwiadczanie w\u0142asnego cia\u0142a u m\u0142odych kobiet z zaburzeniami od\u017cywiania: w druku.<\/em><\/p>\n\n\n\n<p><em>autor: Ewa Skimina<\/em><\/p>\n","protected":false},"excerpt":{"rendered":"<p>Osoby choruj\u0105ce na zaburzenia od\u017cywiania, wyra\u017anie oddzielaj\u0105ce sw\u00f3j umys\u0142 od cia\u0142a, z kt\u00f3rym tocz\u0105 nieustann\u0105 walk\u0119, s\u0105 bardziej od os\u00f3b zdrowych podatne za zaburzenia komunikacji cia\u0142a i psychiki. Objawiaj\u0105 si\u0119 one trudno\u015bciami w rozpoznawaniu sygna\u0142\u00f3w p\u0142yn\u0105cych z wn\u0119trza cia\u0142a i z otoczenia, w ocenie ich si\u0142y oraz w regulacji stan\u00f3w, w jakich cia\u0142o si\u0119 znajduje. [&hellip;]<\/p>\n","protected":false},"author":3,"featured_media":495,"comment_status":"closed","ping_status":"closed","sticky":false,"template":"","format":"standard","meta":{"_acf_changed":false,"inline_featured_image":false,"footnotes":""},"categories":[2],"tags":[],"class_list":["post-494","post","type-post","status-publish","format-standard","has-post-thumbnail","hentry","category-blog"],"acf":[],"yoast_head":"<!-- This site is optimized with the Yoast SEO plugin v27.4 - https:\/\/yoast.com\/product\/yoast-seo-wordpress\/ -->\n<title>Ja kontra moje cia\u0142o. O obrazie siebie w zaburzeniach od\u017cywiania. - Strefa Specjalisty - Og\u00f3lnopolskie Centrum Zaburze\u0144 Od\u017cywiania<\/title>\n<meta name=\"description\" content=\"Jaki obraz siebie maj\u0105 osoby z zaburzeniami od\u017cywiania? Jak do\u015bwiadczaj\u0105 swojego cia\u0142a i jaki jest zwi\u0105zek mi\u0119dzy psychik\u0105 a cia\u0142em?\" \/>\n<meta name=\"robots\" content=\"index, follow, max-snippet:-1, max-image-preview:large, max-video-preview:-1\" \/>\n<link rel=\"canonical\" href=\"https:\/\/centrumzaburzenodzywiania.pl\/strefaspecjalisty\/ja-kontra-moje-cialo-o-obrazie-siebie-w-zaburzeniach-odzywiania\/\" \/>\n<meta property=\"og:locale\" content=\"pl_PL\" \/>\n<meta property=\"og:type\" content=\"article\" \/>\n<meta property=\"og:title\" content=\"Ja kontra moje cia\u0142o. O obrazie siebie w zaburzeniach od\u017cywiania. - Strefa Specjalisty - Og\u00f3lnopolskie Centrum Zaburze\u0144 Od\u017cywiania\" \/>\n<meta property=\"og:description\" content=\"Jaki obraz siebie maj\u0105 osoby z zaburzeniami od\u017cywiania? Jak do\u015bwiadczaj\u0105 swojego cia\u0142a i jaki jest zwi\u0105zek mi\u0119dzy psychik\u0105 a cia\u0142em?\" \/>\n<meta property=\"og:url\" content=\"https:\/\/centrumzaburzenodzywiania.pl\/strefaspecjalisty\/ja-kontra-moje-cialo-o-obrazie-siebie-w-zaburzeniach-odzywiania\/\" \/>\n<meta property=\"og:site_name\" content=\"Strefa Specjalisty - Og\u00f3lnopolskie Centrum Zaburze\u0144 Od\u017cywiania\" \/>\n<meta property=\"article:published_time\" content=\"2021-04-06T13:22:55+00:00\" \/>\n<meta property=\"article:modified_time\" content=\"2026-01-13T13:47:01+00:00\" \/>\n<meta property=\"og:image\" content=\"https:\/\/centrumzaburzenodzywiania.pl\/strefaspecjalisty\/wp-content\/uploads\/2021\/04\/ja-kontra.jpeg\" \/>\n\t<meta property=\"og:image:width\" content=\"1880\" \/>\n\t<meta property=\"og:image:height\" content=\"1253\" \/>\n\t<meta property=\"og:image:type\" content=\"image\/jpeg\" \/>\n<meta name=\"author\" content=\"Monika Piotrowska\" \/>\n<meta name=\"twitter:card\" content=\"summary_large_image\" \/>\n<meta name=\"twitter:label1\" content=\"Napisane przez\" \/>\n\t<meta name=\"twitter:data1\" content=\"Monika Piotrowska\" \/>\n\t<meta name=\"twitter:label2\" content=\"Szacowany czas czytania\" \/>\n\t<meta name=\"twitter:data2\" content=\"5 minut\" \/>\n<script type=\"application\/ld+json\" class=\"yoast-schema-graph\">{\"@context\":\"https:\\\/\\\/schema.org\",\"@graph\":[{\"@type\":\"Article\",\"@id\":\"https:\\\/\\\/centrumzaburzenodzywiania.pl\\\/strefaspecjalisty\\\/ja-kontra-moje-cialo-o-obrazie-siebie-w-zaburzeniach-odzywiania\\\/#article\",\"isPartOf\":{\"@id\":\"https:\\\/\\\/centrumzaburzenodzywiania.pl\\\/strefaspecjalisty\\\/ja-kontra-moje-cialo-o-obrazie-siebie-w-zaburzeniach-odzywiania\\\/\"},\"author\":{\"name\":\"Monika Piotrowska\",\"@id\":\"https:\\\/\\\/centrumzaburzenodzywiania.pl\\\/strefaspecjalisty\\\/#\\\/schema\\\/person\\\/4bb57bd5e4bd7d5f41cee36db68e8395\"},\"headline\":\"Ja kontra moje cia\u0142o. O obrazie siebie w zaburzeniach od\u017cywiania.\",\"datePublished\":\"2021-04-06T13:22:55+00:00\",\"dateModified\":\"2026-01-13T13:47:01+00:00\",\"mainEntityOfPage\":{\"@id\":\"https:\\\/\\\/centrumzaburzenodzywiania.pl\\\/strefaspecjalisty\\\/ja-kontra-moje-cialo-o-obrazie-siebie-w-zaburzeniach-odzywiania\\\/\"},\"wordCount\":962,\"publisher\":{\"@id\":\"https:\\\/\\\/centrumzaburzenodzywiania.pl\\\/strefaspecjalisty\\\/#organization\"},\"image\":{\"@id\":\"https:\\\/\\\/centrumzaburzenodzywiania.pl\\\/strefaspecjalisty\\\/ja-kontra-moje-cialo-o-obrazie-siebie-w-zaburzeniach-odzywiania\\\/#primaryimage\"},\"thumbnailUrl\":\"https:\\\/\\\/centrumzaburzenodzywiania.pl\\\/strefaspecjalisty\\\/wp-content\\\/uploads\\\/2021\\\/04\\\/ja-kontra.jpeg\",\"articleSection\":[\"Blog\"],\"inLanguage\":\"pl-PL\"},{\"@type\":\"WebPage\",\"@id\":\"https:\\\/\\\/centrumzaburzenodzywiania.pl\\\/strefaspecjalisty\\\/ja-kontra-moje-cialo-o-obrazie-siebie-w-zaburzeniach-odzywiania\\\/\",\"url\":\"https:\\\/\\\/centrumzaburzenodzywiania.pl\\\/strefaspecjalisty\\\/ja-kontra-moje-cialo-o-obrazie-siebie-w-zaburzeniach-odzywiania\\\/\",\"name\":\"Ja kontra moje cia\u0142o. O obrazie siebie w zaburzeniach od\u017cywiania. - Strefa Specjalisty - Og\u00f3lnopolskie Centrum Zaburze\u0144 Od\u017cywiania\",\"isPartOf\":{\"@id\":\"https:\\\/\\\/centrumzaburzenodzywiania.pl\\\/strefaspecjalisty\\\/#website\"},\"primaryImageOfPage\":{\"@id\":\"https:\\\/\\\/centrumzaburzenodzywiania.pl\\\/strefaspecjalisty\\\/ja-kontra-moje-cialo-o-obrazie-siebie-w-zaburzeniach-odzywiania\\\/#primaryimage\"},\"image\":{\"@id\":\"https:\\\/\\\/centrumzaburzenodzywiania.pl\\\/strefaspecjalisty\\\/ja-kontra-moje-cialo-o-obrazie-siebie-w-zaburzeniach-odzywiania\\\/#primaryimage\"},\"thumbnailUrl\":\"https:\\\/\\\/centrumzaburzenodzywiania.pl\\\/strefaspecjalisty\\\/wp-content\\\/uploads\\\/2021\\\/04\\\/ja-kontra.jpeg\",\"datePublished\":\"2021-04-06T13:22:55+00:00\",\"dateModified\":\"2026-01-13T13:47:01+00:00\",\"description\":\"Jaki obraz siebie maj\u0105 osoby z zaburzeniami od\u017cywiania? Jak do\u015bwiadczaj\u0105 swojego cia\u0142a i jaki jest zwi\u0105zek mi\u0119dzy psychik\u0105 a cia\u0142em?\",\"breadcrumb\":{\"@id\":\"https:\\\/\\\/centrumzaburzenodzywiania.pl\\\/strefaspecjalisty\\\/ja-kontra-moje-cialo-o-obrazie-siebie-w-zaburzeniach-odzywiania\\\/#breadcrumb\"},\"inLanguage\":\"pl-PL\",\"potentialAction\":[{\"@type\":\"ReadAction\",\"target\":[\"https:\\\/\\\/centrumzaburzenodzywiania.pl\\\/strefaspecjalisty\\\/ja-kontra-moje-cialo-o-obrazie-siebie-w-zaburzeniach-odzywiania\\\/\"]}]},{\"@type\":\"ImageObject\",\"inLanguage\":\"pl-PL\",\"@id\":\"https:\\\/\\\/centrumzaburzenodzywiania.pl\\\/strefaspecjalisty\\\/ja-kontra-moje-cialo-o-obrazie-siebie-w-zaburzeniach-odzywiania\\\/#primaryimage\",\"url\":\"https:\\\/\\\/centrumzaburzenodzywiania.pl\\\/strefaspecjalisty\\\/wp-content\\\/uploads\\\/2021\\\/04\\\/ja-kontra.jpeg\",\"contentUrl\":\"https:\\\/\\\/centrumzaburzenodzywiania.pl\\\/strefaspecjalisty\\\/wp-content\\\/uploads\\\/2021\\\/04\\\/ja-kontra.jpeg\",\"width\":1880,\"height\":1253},{\"@type\":\"BreadcrumbList\",\"@id\":\"https:\\\/\\\/centrumzaburzenodzywiania.pl\\\/strefaspecjalisty\\\/ja-kontra-moje-cialo-o-obrazie-siebie-w-zaburzeniach-odzywiania\\\/#breadcrumb\",\"itemListElement\":[{\"@type\":\"ListItem\",\"position\":1,\"name\":\"Strona g\u0142\u00f3wna\",\"item\":\"https:\\\/\\\/centrumzaburzenodzywiania.pl\\\/strefaspecjalisty\\\/\"},{\"@type\":\"ListItem\",\"position\":2,\"name\":\"Ja kontra moje cia\u0142o. O obrazie siebie w zaburzeniach od\u017cywiania.\"}]},{\"@type\":\"WebSite\",\"@id\":\"https:\\\/\\\/centrumzaburzenodzywiania.pl\\\/strefaspecjalisty\\\/#website\",\"url\":\"https:\\\/\\\/centrumzaburzenodzywiania.pl\\\/strefaspecjalisty\\\/\",\"name\":\"Strefa Specjalisty - Og\u00f3lnopolskie Centrum Zaburze\u0144 Od\u017cywiania\",\"description\":\"Strefa Specjalisty - Og\u00f3lnopolskie Centrum Zaburze\u0144 Od\u017cywiania\",\"publisher\":{\"@id\":\"https:\\\/\\\/centrumzaburzenodzywiania.pl\\\/strefaspecjalisty\\\/#organization\"},\"potentialAction\":[{\"@type\":\"SearchAction\",\"target\":{\"@type\":\"EntryPoint\",\"urlTemplate\":\"https:\\\/\\\/centrumzaburzenodzywiania.pl\\\/strefaspecjalisty\\\/?s={search_term_string}\"},\"query-input\":{\"@type\":\"PropertyValueSpecification\",\"valueRequired\":true,\"valueName\":\"search_term_string\"}}],\"inLanguage\":\"pl-PL\"},{\"@type\":\"Organization\",\"@id\":\"https:\\\/\\\/centrumzaburzenodzywiania.pl\\\/strefaspecjalisty\\\/#organization\",\"name\":\"Strefa Specjalisty - Og\u00f3lnopolskie Centrum Zaburze\u0144 Od\u017cywiania\",\"url\":\"https:\\\/\\\/centrumzaburzenodzywiania.pl\\\/strefaspecjalisty\\\/\",\"logo\":{\"@type\":\"ImageObject\",\"inLanguage\":\"pl-PL\",\"@id\":\"https:\\\/\\\/centrumzaburzenodzywiania.pl\\\/strefaspecjalisty\\\/#\\\/schema\\\/logo\\\/image\\\/\",\"url\":\"https:\\\/\\\/centrumzaburzenodzywiania.pl\\\/strefaspecjalisty\\\/wp-content\\\/uploads\\\/2025\\\/11\\\/logo.png\",\"contentUrl\":\"https:\\\/\\\/centrumzaburzenodzywiania.pl\\\/strefaspecjalisty\\\/wp-content\\\/uploads\\\/2025\\\/11\\\/logo.png\",\"width\":141,\"height\":54,\"caption\":\"Strefa Specjalisty - Og\u00f3lnopolskie Centrum Zaburze\u0144 Od\u017cywiania\"},\"image\":{\"@id\":\"https:\\\/\\\/centrumzaburzenodzywiania.pl\\\/strefaspecjalisty\\\/#\\\/schema\\\/logo\\\/image\\\/\"}},{\"@type\":\"Person\",\"@id\":\"https:\\\/\\\/centrumzaburzenodzywiania.pl\\\/strefaspecjalisty\\\/#\\\/schema\\\/person\\\/4bb57bd5e4bd7d5f41cee36db68e8395\",\"name\":\"Monika Piotrowska\",\"image\":{\"@type\":\"ImageObject\",\"inLanguage\":\"pl-PL\",\"@id\":\"https:\\\/\\\/secure.gravatar.com\\\/avatar\\\/f10ad2822576477d416c760a199900e38d61b307c4b95b8675199d3e39a811b3?s=96&d=mm&r=g\",\"url\":\"https:\\\/\\\/secure.gravatar.com\\\/avatar\\\/f10ad2822576477d416c760a199900e38d61b307c4b95b8675199d3e39a811b3?s=96&d=mm&r=g\",\"contentUrl\":\"https:\\\/\\\/secure.gravatar.com\\\/avatar\\\/f10ad2822576477d416c760a199900e38d61b307c4b95b8675199d3e39a811b3?s=96&d=mm&r=g\",\"caption\":\"Monika Piotrowska\"},\"url\":\"https:\\\/\\\/centrumzaburzenodzywiania.pl\\\/strefaspecjalisty\\\/author\\\/piotrowska1monikagmail-com\\\/\"}]}<\/script>\n<!-- \/ Yoast SEO plugin. -->","yoast_head_json":{"title":"Ja kontra moje cia\u0142o. O obrazie siebie w zaburzeniach od\u017cywiania. - Strefa Specjalisty - Og\u00f3lnopolskie Centrum Zaburze\u0144 Od\u017cywiania","description":"Jaki obraz siebie maj\u0105 osoby z zaburzeniami od\u017cywiania? Jak do\u015bwiadczaj\u0105 swojego cia\u0142a i jaki jest zwi\u0105zek mi\u0119dzy psychik\u0105 a cia\u0142em?","robots":{"index":"index","follow":"follow","max-snippet":"max-snippet:-1","max-image-preview":"max-image-preview:large","max-video-preview":"max-video-preview:-1"},"canonical":"https:\/\/centrumzaburzenodzywiania.pl\/strefaspecjalisty\/ja-kontra-moje-cialo-o-obrazie-siebie-w-zaburzeniach-odzywiania\/","og_locale":"pl_PL","og_type":"article","og_title":"Ja kontra moje cia\u0142o. O obrazie siebie w zaburzeniach od\u017cywiania. - Strefa Specjalisty - Og\u00f3lnopolskie Centrum Zaburze\u0144 Od\u017cywiania","og_description":"Jaki obraz siebie maj\u0105 osoby z zaburzeniami od\u017cywiania? Jak do\u015bwiadczaj\u0105 swojego cia\u0142a i jaki jest zwi\u0105zek mi\u0119dzy psychik\u0105 a cia\u0142em?","og_url":"https:\/\/centrumzaburzenodzywiania.pl\/strefaspecjalisty\/ja-kontra-moje-cialo-o-obrazie-siebie-w-zaburzeniach-odzywiania\/","og_site_name":"Strefa Specjalisty - Og\u00f3lnopolskie Centrum Zaburze\u0144 Od\u017cywiania","article_published_time":"2021-04-06T13:22:55+00:00","article_modified_time":"2026-01-13T13:47:01+00:00","og_image":[{"width":1880,"height":1253,"url":"https:\/\/centrumzaburzenodzywiania.pl\/strefaspecjalisty\/wp-content\/uploads\/2021\/04\/ja-kontra.jpeg","type":"image\/jpeg"}],"author":"Monika Piotrowska","twitter_card":"summary_large_image","twitter_misc":{"Napisane przez":"Monika Piotrowska","Szacowany czas czytania":"5 minut"},"schema":{"@context":"https:\/\/schema.org","@graph":[{"@type":"Article","@id":"https:\/\/centrumzaburzenodzywiania.pl\/strefaspecjalisty\/ja-kontra-moje-cialo-o-obrazie-siebie-w-zaburzeniach-odzywiania\/#article","isPartOf":{"@id":"https:\/\/centrumzaburzenodzywiania.pl\/strefaspecjalisty\/ja-kontra-moje-cialo-o-obrazie-siebie-w-zaburzeniach-odzywiania\/"},"author":{"name":"Monika Piotrowska","@id":"https:\/\/centrumzaburzenodzywiania.pl\/strefaspecjalisty\/#\/schema\/person\/4bb57bd5e4bd7d5f41cee36db68e8395"},"headline":"Ja kontra moje cia\u0142o. O obrazie siebie w zaburzeniach od\u017cywiania.","datePublished":"2021-04-06T13:22:55+00:00","dateModified":"2026-01-13T13:47:01+00:00","mainEntityOfPage":{"@id":"https:\/\/centrumzaburzenodzywiania.pl\/strefaspecjalisty\/ja-kontra-moje-cialo-o-obrazie-siebie-w-zaburzeniach-odzywiania\/"},"wordCount":962,"publisher":{"@id":"https:\/\/centrumzaburzenodzywiania.pl\/strefaspecjalisty\/#organization"},"image":{"@id":"https:\/\/centrumzaburzenodzywiania.pl\/strefaspecjalisty\/ja-kontra-moje-cialo-o-obrazie-siebie-w-zaburzeniach-odzywiania\/#primaryimage"},"thumbnailUrl":"https:\/\/centrumzaburzenodzywiania.pl\/strefaspecjalisty\/wp-content\/uploads\/2021\/04\/ja-kontra.jpeg","articleSection":["Blog"],"inLanguage":"pl-PL"},{"@type":"WebPage","@id":"https:\/\/centrumzaburzenodzywiania.pl\/strefaspecjalisty\/ja-kontra-moje-cialo-o-obrazie-siebie-w-zaburzeniach-odzywiania\/","url":"https:\/\/centrumzaburzenodzywiania.pl\/strefaspecjalisty\/ja-kontra-moje-cialo-o-obrazie-siebie-w-zaburzeniach-odzywiania\/","name":"Ja kontra moje cia\u0142o. O obrazie siebie w zaburzeniach od\u017cywiania. - Strefa Specjalisty - Og\u00f3lnopolskie Centrum Zaburze\u0144 Od\u017cywiania","isPartOf":{"@id":"https:\/\/centrumzaburzenodzywiania.pl\/strefaspecjalisty\/#website"},"primaryImageOfPage":{"@id":"https:\/\/centrumzaburzenodzywiania.pl\/strefaspecjalisty\/ja-kontra-moje-cialo-o-obrazie-siebie-w-zaburzeniach-odzywiania\/#primaryimage"},"image":{"@id":"https:\/\/centrumzaburzenodzywiania.pl\/strefaspecjalisty\/ja-kontra-moje-cialo-o-obrazie-siebie-w-zaburzeniach-odzywiania\/#primaryimage"},"thumbnailUrl":"https:\/\/centrumzaburzenodzywiania.pl\/strefaspecjalisty\/wp-content\/uploads\/2021\/04\/ja-kontra.jpeg","datePublished":"2021-04-06T13:22:55+00:00","dateModified":"2026-01-13T13:47:01+00:00","description":"Jaki obraz siebie maj\u0105 osoby z zaburzeniami od\u017cywiania? Jak do\u015bwiadczaj\u0105 swojego cia\u0142a i jaki jest zwi\u0105zek mi\u0119dzy psychik\u0105 a cia\u0142em?","breadcrumb":{"@id":"https:\/\/centrumzaburzenodzywiania.pl\/strefaspecjalisty\/ja-kontra-moje-cialo-o-obrazie-siebie-w-zaburzeniach-odzywiania\/#breadcrumb"},"inLanguage":"pl-PL","potentialAction":[{"@type":"ReadAction","target":["https:\/\/centrumzaburzenodzywiania.pl\/strefaspecjalisty\/ja-kontra-moje-cialo-o-obrazie-siebie-w-zaburzeniach-odzywiania\/"]}]},{"@type":"ImageObject","inLanguage":"pl-PL","@id":"https:\/\/centrumzaburzenodzywiania.pl\/strefaspecjalisty\/ja-kontra-moje-cialo-o-obrazie-siebie-w-zaburzeniach-odzywiania\/#primaryimage","url":"https:\/\/centrumzaburzenodzywiania.pl\/strefaspecjalisty\/wp-content\/uploads\/2021\/04\/ja-kontra.jpeg","contentUrl":"https:\/\/centrumzaburzenodzywiania.pl\/strefaspecjalisty\/wp-content\/uploads\/2021\/04\/ja-kontra.jpeg","width":1880,"height":1253},{"@type":"BreadcrumbList","@id":"https:\/\/centrumzaburzenodzywiania.pl\/strefaspecjalisty\/ja-kontra-moje-cialo-o-obrazie-siebie-w-zaburzeniach-odzywiania\/#breadcrumb","itemListElement":[{"@type":"ListItem","position":1,"name":"Strona g\u0142\u00f3wna","item":"https:\/\/centrumzaburzenodzywiania.pl\/strefaspecjalisty\/"},{"@type":"ListItem","position":2,"name":"Ja kontra moje cia\u0142o. O obrazie siebie w zaburzeniach od\u017cywiania."}]},{"@type":"WebSite","@id":"https:\/\/centrumzaburzenodzywiania.pl\/strefaspecjalisty\/#website","url":"https:\/\/centrumzaburzenodzywiania.pl\/strefaspecjalisty\/","name":"Strefa Specjalisty - Og\u00f3lnopolskie Centrum Zaburze\u0144 Od\u017cywiania","description":"Strefa Specjalisty - Og\u00f3lnopolskie Centrum Zaburze\u0144 Od\u017cywiania","publisher":{"@id":"https:\/\/centrumzaburzenodzywiania.pl\/strefaspecjalisty\/#organization"},"potentialAction":[{"@type":"SearchAction","target":{"@type":"EntryPoint","urlTemplate":"https:\/\/centrumzaburzenodzywiania.pl\/strefaspecjalisty\/?s={search_term_string}"},"query-input":{"@type":"PropertyValueSpecification","valueRequired":true,"valueName":"search_term_string"}}],"inLanguage":"pl-PL"},{"@type":"Organization","@id":"https:\/\/centrumzaburzenodzywiania.pl\/strefaspecjalisty\/#organization","name":"Strefa Specjalisty - Og\u00f3lnopolskie Centrum Zaburze\u0144 Od\u017cywiania","url":"https:\/\/centrumzaburzenodzywiania.pl\/strefaspecjalisty\/","logo":{"@type":"ImageObject","inLanguage":"pl-PL","@id":"https:\/\/centrumzaburzenodzywiania.pl\/strefaspecjalisty\/#\/schema\/logo\/image\/","url":"https:\/\/centrumzaburzenodzywiania.pl\/strefaspecjalisty\/wp-content\/uploads\/2025\/11\/logo.png","contentUrl":"https:\/\/centrumzaburzenodzywiania.pl\/strefaspecjalisty\/wp-content\/uploads\/2025\/11\/logo.png","width":141,"height":54,"caption":"Strefa Specjalisty - Og\u00f3lnopolskie Centrum Zaburze\u0144 Od\u017cywiania"},"image":{"@id":"https:\/\/centrumzaburzenodzywiania.pl\/strefaspecjalisty\/#\/schema\/logo\/image\/"}},{"@type":"Person","@id":"https:\/\/centrumzaburzenodzywiania.pl\/strefaspecjalisty\/#\/schema\/person\/4bb57bd5e4bd7d5f41cee36db68e8395","name":"Monika Piotrowska","image":{"@type":"ImageObject","inLanguage":"pl-PL","@id":"https:\/\/secure.gravatar.com\/avatar\/f10ad2822576477d416c760a199900e38d61b307c4b95b8675199d3e39a811b3?s=96&d=mm&r=g","url":"https:\/\/secure.gravatar.com\/avatar\/f10ad2822576477d416c760a199900e38d61b307c4b95b8675199d3e39a811b3?s=96&d=mm&r=g","contentUrl":"https:\/\/secure.gravatar.com\/avatar\/f10ad2822576477d416c760a199900e38d61b307c4b95b8675199d3e39a811b3?s=96&d=mm&r=g","caption":"Monika Piotrowska"},"url":"https:\/\/centrumzaburzenodzywiania.pl\/strefaspecjalisty\/author\/piotrowska1monikagmail-com\/"}]}},"_links":{"self":[{"href":"https:\/\/centrumzaburzenodzywiania.pl\/strefaspecjalisty\/wp-json\/wp\/v2\/posts\/494","targetHints":{"allow":["GET"]}}],"collection":[{"href":"https:\/\/centrumzaburzenodzywiania.pl\/strefaspecjalisty\/wp-json\/wp\/v2\/posts"}],"about":[{"href":"https:\/\/centrumzaburzenodzywiania.pl\/strefaspecjalisty\/wp-json\/wp\/v2\/types\/post"}],"author":[{"embeddable":true,"href":"https:\/\/centrumzaburzenodzywiania.pl\/strefaspecjalisty\/wp-json\/wp\/v2\/users\/3"}],"replies":[{"embeddable":true,"href":"https:\/\/centrumzaburzenodzywiania.pl\/strefaspecjalisty\/wp-json\/wp\/v2\/comments?post=494"}],"version-history":[{"count":2,"href":"https:\/\/centrumzaburzenodzywiania.pl\/strefaspecjalisty\/wp-json\/wp\/v2\/posts\/494\/revisions"}],"predecessor-version":[{"id":3707,"href":"https:\/\/centrumzaburzenodzywiania.pl\/strefaspecjalisty\/wp-json\/wp\/v2\/posts\/494\/revisions\/3707"}],"wp:featuredmedia":[{"embeddable":true,"href":"https:\/\/centrumzaburzenodzywiania.pl\/strefaspecjalisty\/wp-json\/wp\/v2\/media\/495"}],"wp:attachment":[{"href":"https:\/\/centrumzaburzenodzywiania.pl\/strefaspecjalisty\/wp-json\/wp\/v2\/media?parent=494"}],"wp:term":[{"taxonomy":"category","embeddable":true,"href":"https:\/\/centrumzaburzenodzywiania.pl\/strefaspecjalisty\/wp-json\/wp\/v2\/categories?post=494"},{"taxonomy":"post_tag","embeddable":true,"href":"https:\/\/centrumzaburzenodzywiania.pl\/strefaspecjalisty\/wp-json\/wp\/v2\/tags?post=494"}],"curies":[{"name":"wp","href":"https:\/\/api.w.org\/{rel}","templated":true}]}}