{"id":2439,"date":"2024-06-27T19:19:37","date_gmt":"2024-06-27T17:19:37","guid":{"rendered":"https:\/\/centrumzaburzenodzywiania.pl\/strefaspecjalisty\/?p=2439"},"modified":"2026-01-12T08:15:18","modified_gmt":"2026-01-12T07:15:18","slug":"co-wiemy-o-zwiazkach-zaburzen-osobowosci-z-zaburzeniami-odzywania","status":"publish","type":"post","link":"https:\/\/centrumzaburzenodzywiania.pl\/strefaspecjalisty\/co-wiemy-o-zwiazkach-zaburzen-osobowosci-z-zaburzeniami-odzywania\/","title":{"rendered":"Co wiemy o zwi\u0105zkach zaburze\u0144 osobowo\u015bci z zaburzeniami od\u017cywania?"},"content":{"rendered":"\n<p>TEKST: KAROLINA KWARCI\u0143SKA<\/p>\n\n\n\n<p>Badania pokazuj\u0105 istotne powi\u0105zania mi\u0119dzy zaburzeniami osobowo\u015bci a zaburzeniami od\u017cywiania. Zrozumienie ich wzajemnych interakcji mo\u017ce mie\u0107 szerokie implikacje dla specjalist\u00f3w, poniewa\u017c wsp\u00f3\u0142wyst\u0119powanie obu tych zaburze\u0144 z du\u017cym prawdopodobie\u0144stwem b\u0119dzie wp\u0142ywa\u0142o na d\u0142ugo\u015b\u0107 procesu leczenia, jego z\u0142o\u017cono\u015b\u0107 i wiele trudno\u015bci, kt\u00f3re pojawi\u0105 si\u0119 w trakcie.&nbsp;<\/p>\n\n\n\n<p>Zaburzenia osobowo\u015bci charakteryzuj\u0105 si\u0119 trwa\u0142ymi i nieelastycznymi wzorcami my\u015blenia, odczuwania oraz zachowania, okre\u015blaj\u0105cymi spos\u00f3b prze\u017cywania siebie i innych, a co za tym idzie, stosunek do samego siebie i otoczenia. Zaburzenia osobowo\u015bci nigdy nie s\u0105 epizodami ograniczonymi w czasie do jednego zachowania lub zdarzenia, aby je zdiagnozowa\u0107 musi by\u0107 widoczny nieadaptacyjny i wzgl\u0119dnie utrwalony schemat. Szacuje si\u0119, \u017ce wyst\u0119puj\u0105 one u ok. 12% os\u00f3b doros\u0142ych oraz u co najmniej 40% pacjent\u00f3w psychiatrycznych leczonych ambulatoryjnie, co pokazuje, o jak znacz\u0105cym (i rozpowszechnionym) zjawisku m\u00f3wimy (Cieciuch i in., 2022).&nbsp;<\/p>\n\n\n\n<p>Z bada\u0144 klinicznych oraz metaanaliz zwi\u0105zk\u00f3w mi\u0119dzy zaburzeniami osobowo\u015bci i zaburzeniami od\u017cywiania takimi jak anoreksja, anoreksja bulimiczna, ortoreksja, bulimia i zesp\u00f3\u0142 kompulsywnego objadania si\u0119 (<em>Binged Eating Disorder<\/em>), najwi\u0119ksze konotacje wykazuj\u0105: <strong>osobowo\u015b\u0107 graniczna (borderline), obsesyjno-kompulsywna, narcystyczna i unikaj\u0105ca<\/strong>.&nbsp;<\/p>\n\n\n\n<p>Wed\u0142ug kryteri\u00f3w klasyfikacji zaburze\u0144 Ameryka\u0144skiego Towarzystwa Psychiatrycznego DSM-5 (<em>Diagnostic and Statistical Manual of Mental Disorders<\/em>, 2013) osobowo\u015b\u0107 borderline i osobowo\u015b\u0107 narcystyczna nale\u017c\u0105 do tzw. wi\u0105zki B, a osobowo\u015b\u0107 obsesyjno-kompulsywna i unikaj\u0105ca nale\u017c\u0105 do tzw. wi\u0105zki C (Morrison, 2016). Cechami wsp\u00f3lnymi wi\u0105zki B s\u0105 nast\u0119puj\u0105ce charakterystyki: nadmierne okazywanie emocji, zabieganie o uwag\u0119 innych ludzi, chwiejno\u015b\u0107 emocjonalna, szybko zmieniaj\u0105ce si\u0119 nastroje, czy wchodzenie w konflikty. Typowa dla tych osobowo\u015bci jest niedostateczna kontrola impulsywno\u015bci i ekspresji. Dla wi\u0105zki C wsp\u00f3lnym mianownikiem jest l\u0119k, niska potrzeba okazywania emocji, spi\u0119cie, du\u017ca sztywno\u015b\u0107, wysoka samokontrola, wytrwa\u0142o\u015b\u0107 oraz niska impulsywno\u015b\u0107. Charakterystyki te pozwalaj\u0105 zrozumie\u0107, dlaczego i kt\u00f3re z zaburze\u0144 od\u017cywiania mog\u0105 niejako \u201ewpisa\u0107 si\u0119\u201d w te schematy.&nbsp;<\/p>\n\n\n\n<h4 class=\"wp-block-heading\"><strong>Osobowo\u015b\u0107 graniczna (borderline)<\/strong><\/h4>\n\n\n\n<p><\/p>\n\n\n\n<p>Osoby przejawiaj\u0105ce te zaburzenie cz\u0119sto do\u015bwiadczaj\u0105 intensywnych emocji, dzia\u0142aj\u0105 pod wp\u0142ywem impuls\u00f3w, nad kt\u00f3rymi czuj\u0105, \u017ce nie maj\u0105 \u017cadnej kontroli. Skutkuje to cz\u0119sto lekkomy\u015blnym, niezaplanowanym i ryzykownym dzia\u0142aniem bez brania pod uwag\u0119 potencjalnie szkodliwych konsekwencji. Emocjonalna labilno\u015b\u0107 i s\u0142aba regulacja emocji, prowadzi cz\u0119sto do intensywnych, skrajnych ekspresji nieproporcjonalnych i\/lub ma\u0142o adekwatnych do zaistnia\u0142ych sytuacji. Percepcja zdarze\u0144, postrzegania siebie i innych ludzi jest zero-jedynkowa: od idealizowania i zachwytu do momentalnego, nieuzasadnionego, ca\u0142kowitego ich podwa\u017cenia i dewaluacji. Dla osobowo\u015bci borderline charakterystyczna jest nieufno\u015b\u0107, co prowadzi do trudno\u015bci w utrzymaniu trwa\u0142ych relacji interpersonalnych. Wp\u0142ywa dwukierunkowo na nisk\u0105 samoocen\u0119 i poczucie sprawstwa, niestabilno\u015b\u0107 obrazu siebie, zachowania autodestruktywne i poczucie wewn\u0119trznej pustki. Szacuje si\u0119, \u017ce prawie 72% os\u00f3b z osobowo\u015bci\u0105 borderline cierpi na zaburzenia od\u017cywiania. Zaburzenia te mog\u0105 manifestowa\u0107 si\u0119 w postaci <strong>bulimii, anoreksji bulimicznej lub napadowego objadanie si\u0119 <\/strong>(Martinussen i in., 2017). Niestabilno\u015b\u0107 emocjonalna, impulsywno\u015b\u0107 i l\u0119k \u201enap\u0119dzaj\u0105\u201d zaburzenia, a tendencja do zachowa\u0144 autodestrukcyjnych, kierunkuje je w stron\u0119 epizod\u00f3w restrykcyjnych diet, g\u0142odzenia si\u0119, nadmiernego jedzenie i\/lub przeczyszczania si\u0119. Wsp\u00f3\u0142wyst\u0119powanie tych zaburze\u0144 komplikuje diagnoz\u0119 i leczenie, poniewa\u017c cechy osobowo\u015bci borderline oraz wymienione wy\u017cej zaburzenia od\u017cywiania wzajemnie si\u0119 wzmacniaj\u0105.&nbsp;<\/p>\n\n\n\n<h4 class=\"wp-block-heading\"><strong>Osobowo\u015b\u0107 obsesyjno-kompulsywna<\/strong><\/h4>\n\n\n\n<p><\/p>\n\n\n\n<p>Przejawia si\u0119 sk\u0142onno\u015bci\u0105 do perfekcjonizmu, nadmiernego porz\u0105dku, zaabsorbowania przestrzeganiem regu\u0142 oraz wype\u0142nianiem norm i zobowi\u0105za\u0144 spo\u0142ecznych. Charakteryzuje si\u0119 r\u00f3wnie\u017c skrupulatnym przywi\u0105zywaniem uwagi do szczeg\u00f3\u0142\u00f3w, sztywno\u015bci\u0105 oraz nadmiern\u0105 potrzeb\u0105 kontroli. Osoby te s\u0105 silne skupione na w\u0142asnych sztywnych standardach doskona\u0142o\u015bci, a tak\u017ce na dopasowywaniu w\u0142asnego zachowania do szczeg\u00f3\u0142owo okre\u015blonych wzorc\u00f3w. Wykazuj\u0105 cechy zahamowania emocjonalnego i behawioralnego (np. sztywna kontrola ekspresji emocji, up\u00f3r, nieelastyczno\u015b\u0107, perseweratywno\u015b\u0107, nadmierna rozwaga i ostro\u017cno\u015b\u0107). Wszystko to wi\u0105\u017ce si\u0119 dodatnio z tymi zaburzeniami od\u017cywiania, kt\u00f3re manifestuj\u0105 si\u0119 ograniczeniami (ilo\u015bciowo, jako cz\u0119\u015b\u0107 d\u0105\u017cenia do szczup\u0142ej sylwetki lub jako\u015bciowo, jako cz\u0119\u015b\u0107 fiksacji na temat zdrowego od\u017cywiania), a zatem z <strong>anoreksj\u0105<\/strong> (Martinussen i in., 2017) i <strong>ortoreksj\u0105<\/strong> (Stricker i in., 2022). Osoby te maj\u0105 cz\u0119sto ekstremalnie restrykcyjne nawyki \u017cywieniowe oraz s\u0105 nadmiernie skupione na szczeg\u00f3\u0142ach dotycz\u0105cych tak diety, jak i \u0107wicze\u0144 fizycznych. Wynikaj\u0105ca st\u0105d sztywno\u015b\u0107 zachowania i my\u015blenia, znacznie utrudnia zgod\u0119 na odst\u0119pstwa od po\u017c\u0105danego stanu, co b\u0119dzie odzwierciedla\u0142o si\u0119 w leczeniu i propozycjach bardziej spontanicznego, czy intuicyjnego jedzenia.<\/p>\n\n\n\n<h4 class=\"wp-block-heading\"><strong>Osobowo\u015b\u0107 narcystyczna<\/strong><\/h4>\n\n\n\n<p><\/p>\n\n\n\n<p>Z osobowo\u015bci\u0105 narcystyczn\u0105 w g\u0142\u00f3wnej mierze zosta\u0142a powi\u0105zana <strong>bulimia<\/strong> (Martinussen i in., 2017). Dla osobowo\u015bci narcystycznej zaburzenia od\u017cywania mog\u0105 sta\u0107 si\u0119 sposobem na poszukiwanie idealnej sylwetki jako \u015brodka do zdobycia podziwu i uznania innych. \u0141\u0105czony z t\u0105 osobowo\u015bci\u0105 egocentryzm (np. poszukiwanie uwagi i oczekiwanie podziwu ze strony innych), wraz z wysok\u0105 impulsywno\u015bci\u0105 (potrzeba osi\u0105gania w\u0142asnych cel\u00f3w szybko i bez wysi\u0142ku) mo\u017ce kierunkowa\u0107 w\u0142a\u015bnie w stron\u0119 tego zaburzenia.&nbsp;<\/p>\n\n\n\n<h4 class=\"wp-block-heading\"><strong>Osobowo\u015b\u0107 unikaj\u0105ca<\/strong><\/h4>\n\n\n\n<p><\/p>\n\n\n\n<p>Osobowo\u015b\u0107 unikaj\u0105ca charakteryzuje si\u0119 tendencj\u0105 do izolowania si\u0119: utrzymywania dystansu interpersonalnego (izolacja spo\u0142eczna) oraz dystansu emocjonalnego (izolacja emocjonalna), co skutkuje spo\u0142ecznym wycofaniem, oboj\u0119tno\u015bci\u0105, unikaniem zar\u00f3wno relacji intymnych, jak i bliskich przyja\u017ani. Osoby z tym typem osobowo\u015bci z obawy przed odrzuceniem staraj\u0105 si\u0119 unika\u0107 sytuacji, kt\u00f3re mog\u0105 skutkowa\u0107 dyskomfortem, domnieman\u0105 ocen\u0105 i krytyk\u0105 innych, poczuciem niedostosowania i niedopasowania. Dystans i antagonizm zosta\u0142 dodatnio skorelowany z <strong>ortoreksyjnymi zachowaniami \u017cywieniowymi<\/strong> (Stricker i in., 2022), a dodatkowo ograniczona ekspresja i kontrola emocji z cz\u0119stszym wyst\u0119powaniem <strong>anoreksji <\/strong>ni\u017c bulimii (Martinussen i in., 2017).&nbsp;<\/p>\n\n\n\n<p>Sztywno\u015b\u0107 wzorc\u00f3w osobowo\u015bciowych, czyni zaburzenia od\u017cywiania trudniejszymi do leczenia, osadzaj\u0105c je na bardziej skomplikowanym, znacznie g\u0142\u0119bszym i wieloczynnikowym pod\u0142o\u017cu. I mimo \u017ce nie ma prostej zale\u017cno\u015bci, np. ka\u017cda osoba, kt\u00f3ra ma zaburzenia od\u017cywiania ma r\u00f3wnie\u017c zaburzon\u0105 osobowo\u015b\u0107 (i odwrotnie), to jednak implikacje mi\u0119dzy nimi s\u0105 widoczne i wzajemnie na siebie wp\u0142ywaj\u0105. Im d\u0142u\u017cej pozostaj\u0105 nieleczone, tym silniej si\u0119 ze sob\u0105 wi\u0105\u017c\u0105, powoduj\u0105c wi\u0119ksze i bardziej dramatyczne konsekwencje. Przy wsp\u00f3\u0142wyst\u0119powaniu zaburze\u0144 osobowo\u015bci i zaburze\u0144 od\u017cywiania zalecane jest leczenie przy udziale r\u00f3\u017cnych specjalist\u00f3w. Interdyscyplinarne podej\u015bcie, \u0142\u0105cz\u0105ce psychoterapi\u0119, farmakoterapi\u0119 oraz wsparcie dietetyczne, przynosi na ten moment, najlepsze rezultaty.<\/p>\n\n\n\n<h5 class=\"wp-block-heading\"><strong>Bibliografia:<\/strong><\/h5>\n\n\n\n<p><\/p>\n\n\n\n<p>Cieciuch, J., \u0141akuta, P., Strus, W., Oltmanns, J.R., Widiger, T. (2022). Pomiar zaburze\u0144 osobowo\u015bci w systemie diagnostycznym ICD-11: Polska adaptacja Inwentarza osobowo\u015bci PiCD. Psychiatria Polska, 56(6), 1185\u20131202. DOI: 10.12740\/PP\/OnlineFirst\/138563<\/p>\n\n\n\n<p>Martinussen, M., Friborg, O., Schmierer, P. i. in. (2017). The comorbidity of personality disorders in eating disorders: a meta-analysis. <em>Eating and Weight Disorders<\/em>, <em>22<\/em>, 201\u2013209. DOI: <a href=\"https:\/\/doi.org\/10.1007\/s40519-016-0345-x\">10.1007\/s40519-016-0345-x<\/a><\/p>\n\n\n\n<p>Morrison, J. (2016). <em>DSM-5 bez tajemnic. Praktyczny przewodnik dla klinicyst\u00f3w<\/em>. Krak\u00f3w: Wydawnictwo Uniwersytetu Jagiello\u0144skiego.<\/p>\n\n\n\n<p>Stricker, J., Barthels, F., M\u00fcller, R., Pietrowsky, R. (2022). An exploratory study of associations between the ICD-11 personality disorder model and eating pathology. <em>Journal of Eating Disorders<\/em> <em>10<\/em>(130).<\/p>\n\n\n\n<p>Photo by <a href=\"https:\/\/unsplash.com\/@soymeraki?utm_content=creditCopyText&amp;utm_medium=referral&amp;utm_source=unsplash\">Javier Allegue Barros<\/a> on <a href=\"https:\/\/unsplash.com\/photos\/silhouette-of-road-signage-during-golden-hour-C7B-ExXpOIE?utm_content=creditCopyText&amp;utm_medium=referral&amp;utm_source=unsplash\">Unsplash<\/a><\/p>\n\n\n\n<p><strong>Je\u015bli chcesz w gronie praktyk\u00f3w pracuj\u0105cych z pacjentami choruj\u0105cymi na zaburzenia od\u017cywiania poszerza\u0107 swoj\u0105 wiedz\u0119 i do\u015bwiadczenie, by w procesie uwzgl\u0119dnia\u0107 r\u00f3\u017cne zale\u017cno\u015bci (r\u00f3wnie\u017c z zaburzeniami osobowo\u015bci), zapraszam Ci\u0119 na &nbsp;Studium leczenia zaburze\u0144 od\u017cywiania WERSJA PRO.<\/strong><\/p>\n\n\n\n<p><a href=\"https:\/\/lp.centrumzaburzenodzywiania.pl\/studiumPRO\"><strong>TUTAJ mo\u017cesz zapisa\u0107 si\u0119 na STUDIUM PRO<\/strong><\/a><\/p>\n","protected":false},"excerpt":{"rendered":"<p>TEKST: KAROLINA KWARCI\u0143SKA Badania pokazuj\u0105 istotne powi\u0105zania mi\u0119dzy zaburzeniami osobowo\u015bci a zaburzeniami od\u017cywiania. Zrozumienie ich wzajemnych interakcji mo\u017ce mie\u0107 szerokie implikacje dla specjalist\u00f3w, poniewa\u017c wsp\u00f3\u0142wyst\u0119powanie obu tych zaburze\u0144 z du\u017cym prawdopodobie\u0144stwem b\u0119dzie wp\u0142ywa\u0142o na d\u0142ugo\u015b\u0107 procesu leczenia, jego z\u0142o\u017cono\u015b\u0107 i wiele trudno\u015bci, kt\u00f3re pojawi\u0105 si\u0119 w trakcie.&nbsp; Zaburzenia osobowo\u015bci charakteryzuj\u0105 si\u0119 trwa\u0142ymi i nieelastycznymi wzorcami [&hellip;]<\/p>\n","protected":false},"author":3,"featured_media":2440,"comment_status":"closed","ping_status":"closed","sticky":false,"template":"","format":"standard","meta":{"_acf_changed":false,"inline_featured_image":false,"footnotes":""},"categories":[2],"tags":[],"class_list":["post-2439","post","type-post","status-publish","format-standard","has-post-thumbnail","hentry","category-blog"],"acf":[],"yoast_head":"<!-- This site is optimized with the Yoast SEO plugin v27.4 - https:\/\/yoast.com\/product\/yoast-seo-wordpress\/ -->\n<title>Zaburzenia osobowo\u015bci a zaburzenia od\u017cywiania - Strefa Specjalisty - Og\u00f3lnopolskie Centrum Zaburze\u0144 Od\u017cywiania<\/title>\n<meta name=\"description\" content=\"Jak zaburzenia osobowo\u015bci wp\u0142ywaj\u0105 na zaburzenia od\u017cywiania? Wyja\u015bniamy zale\u017cno\u015bci, objawy i znaczenie terapii.\" \/>\n<meta name=\"robots\" content=\"index, follow, max-snippet:-1, max-image-preview:large, max-video-preview:-1\" \/>\n<link rel=\"canonical\" href=\"https:\/\/centrumzaburzenodzywiania.pl\/strefaspecjalisty\/co-wiemy-o-zwiazkach-zaburzen-osobowosci-z-zaburzeniami-odzywania\/\" \/>\n<meta property=\"og:locale\" content=\"pl_PL\" \/>\n<meta property=\"og:type\" content=\"article\" \/>\n<meta property=\"og:title\" content=\"Zwi\u0105zki zaburze\u0144 osobowo\u015bci z zaburzeniami od\u017cywiania - blog\" \/>\n<meta property=\"og:description\" content=\"Jak zaburzenia osobowo\u015bci wp\u0142ywaj\u0105 na zaburzenia od\u017cywiania? Wyja\u015bniamy zale\u017cno\u015bci, objawy i znaczenie terapii.\" \/>\n<meta property=\"og:url\" content=\"https:\/\/centrumzaburzenodzywiania.pl\/strefaspecjalisty\/co-wiemy-o-zwiazkach-zaburzen-osobowosci-z-zaburzeniami-odzywania\/\" \/>\n<meta property=\"og:site_name\" content=\"Strefa Specjalisty - Og\u00f3lnopolskie Centrum Zaburze\u0144 Od\u017cywiania\" \/>\n<meta property=\"article:published_time\" content=\"2024-06-27T17:19:37+00:00\" \/>\n<meta property=\"article:modified_time\" content=\"2026-01-12T07:15:18+00:00\" \/>\n<meta property=\"og:image\" content=\"https:\/\/centrumzaburzenodzywiania.pl\/strefaspecjalisty\/wp-content\/uploads\/2024\/06\/javier-allegue-barros-C7B-ExXpOIE-unsplash-scaled.jpg\" \/>\n\t<meta property=\"og:image:width\" content=\"2560\" \/>\n\t<meta property=\"og:image:height\" content=\"1707\" \/>\n\t<meta property=\"og:image:type\" content=\"image\/jpeg\" \/>\n<meta name=\"author\" content=\"Monika Piotrowska\" \/>\n<meta name=\"twitter:card\" content=\"summary_large_image\" \/>\n<meta name=\"twitter:label1\" content=\"Napisane przez\" \/>\n\t<meta name=\"twitter:data1\" content=\"Monika Piotrowska\" \/>\n\t<meta name=\"twitter:label2\" content=\"Szacowany czas czytania\" \/>\n\t<meta name=\"twitter:data2\" content=\"7 minut\" \/>\n<script type=\"application\/ld+json\" class=\"yoast-schema-graph\">{\"@context\":\"https:\\\/\\\/schema.org\",\"@graph\":[{\"@type\":\"Article\",\"@id\":\"https:\\\/\\\/centrumzaburzenodzywiania.pl\\\/strefaspecjalisty\\\/co-wiemy-o-zwiazkach-zaburzen-osobowosci-z-zaburzeniami-odzywania\\\/#article\",\"isPartOf\":{\"@id\":\"https:\\\/\\\/centrumzaburzenodzywiania.pl\\\/strefaspecjalisty\\\/co-wiemy-o-zwiazkach-zaburzen-osobowosci-z-zaburzeniami-odzywania\\\/\"},\"author\":{\"name\":\"Monika Piotrowska\",\"@id\":\"https:\\\/\\\/centrumzaburzenodzywiania.pl\\\/strefaspecjalisty\\\/#\\\/schema\\\/person\\\/4bb57bd5e4bd7d5f41cee36db68e8395\"},\"headline\":\"Co wiemy o zwi\u0105zkach zaburze\u0144 osobowo\u015bci z zaburzeniami od\u017cywania?\",\"datePublished\":\"2024-06-27T17:19:37+00:00\",\"dateModified\":\"2026-01-12T07:15:18+00:00\",\"mainEntityOfPage\":{\"@id\":\"https:\\\/\\\/centrumzaburzenodzywiania.pl\\\/strefaspecjalisty\\\/co-wiemy-o-zwiazkach-zaburzen-osobowosci-z-zaburzeniami-odzywania\\\/\"},\"wordCount\":1242,\"publisher\":{\"@id\":\"https:\\\/\\\/centrumzaburzenodzywiania.pl\\\/strefaspecjalisty\\\/#organization\"},\"image\":{\"@id\":\"https:\\\/\\\/centrumzaburzenodzywiania.pl\\\/strefaspecjalisty\\\/co-wiemy-o-zwiazkach-zaburzen-osobowosci-z-zaburzeniami-odzywania\\\/#primaryimage\"},\"thumbnailUrl\":\"https:\\\/\\\/centrumzaburzenodzywiania.pl\\\/strefaspecjalisty\\\/wp-content\\\/uploads\\\/2024\\\/06\\\/javier-allegue-barros-C7B-ExXpOIE-unsplash-scaled.jpg\",\"articleSection\":[\"Blog\"],\"inLanguage\":\"pl-PL\"},{\"@type\":\"WebPage\",\"@id\":\"https:\\\/\\\/centrumzaburzenodzywiania.pl\\\/strefaspecjalisty\\\/co-wiemy-o-zwiazkach-zaburzen-osobowosci-z-zaburzeniami-odzywania\\\/\",\"url\":\"https:\\\/\\\/centrumzaburzenodzywiania.pl\\\/strefaspecjalisty\\\/co-wiemy-o-zwiazkach-zaburzen-osobowosci-z-zaburzeniami-odzywania\\\/\",\"name\":\"Zaburzenia osobowo\u015bci a zaburzenia od\u017cywiania - Strefa Specjalisty - Og\u00f3lnopolskie Centrum Zaburze\u0144 Od\u017cywiania\",\"isPartOf\":{\"@id\":\"https:\\\/\\\/centrumzaburzenodzywiania.pl\\\/strefaspecjalisty\\\/#website\"},\"primaryImageOfPage\":{\"@id\":\"https:\\\/\\\/centrumzaburzenodzywiania.pl\\\/strefaspecjalisty\\\/co-wiemy-o-zwiazkach-zaburzen-osobowosci-z-zaburzeniami-odzywania\\\/#primaryimage\"},\"image\":{\"@id\":\"https:\\\/\\\/centrumzaburzenodzywiania.pl\\\/strefaspecjalisty\\\/co-wiemy-o-zwiazkach-zaburzen-osobowosci-z-zaburzeniami-odzywania\\\/#primaryimage\"},\"thumbnailUrl\":\"https:\\\/\\\/centrumzaburzenodzywiania.pl\\\/strefaspecjalisty\\\/wp-content\\\/uploads\\\/2024\\\/06\\\/javier-allegue-barros-C7B-ExXpOIE-unsplash-scaled.jpg\",\"datePublished\":\"2024-06-27T17:19:37+00:00\",\"dateModified\":\"2026-01-12T07:15:18+00:00\",\"description\":\"Jak zaburzenia osobowo\u015bci wp\u0142ywaj\u0105 na zaburzenia od\u017cywiania? Wyja\u015bniamy zale\u017cno\u015bci, objawy i znaczenie terapii.\",\"breadcrumb\":{\"@id\":\"https:\\\/\\\/centrumzaburzenodzywiania.pl\\\/strefaspecjalisty\\\/co-wiemy-o-zwiazkach-zaburzen-osobowosci-z-zaburzeniami-odzywania\\\/#breadcrumb\"},\"inLanguage\":\"pl-PL\",\"potentialAction\":[{\"@type\":\"ReadAction\",\"target\":[\"https:\\\/\\\/centrumzaburzenodzywiania.pl\\\/strefaspecjalisty\\\/co-wiemy-o-zwiazkach-zaburzen-osobowosci-z-zaburzeniami-odzywania\\\/\"]}]},{\"@type\":\"ImageObject\",\"inLanguage\":\"pl-PL\",\"@id\":\"https:\\\/\\\/centrumzaburzenodzywiania.pl\\\/strefaspecjalisty\\\/co-wiemy-o-zwiazkach-zaburzen-osobowosci-z-zaburzeniami-odzywania\\\/#primaryimage\",\"url\":\"https:\\\/\\\/centrumzaburzenodzywiania.pl\\\/strefaspecjalisty\\\/wp-content\\\/uploads\\\/2024\\\/06\\\/javier-allegue-barros-C7B-ExXpOIE-unsplash-scaled.jpg\",\"contentUrl\":\"https:\\\/\\\/centrumzaburzenodzywiania.pl\\\/strefaspecjalisty\\\/wp-content\\\/uploads\\\/2024\\\/06\\\/javier-allegue-barros-C7B-ExXpOIE-unsplash-scaled.jpg\",\"width\":2560,\"height\":1707},{\"@type\":\"BreadcrumbList\",\"@id\":\"https:\\\/\\\/centrumzaburzenodzywiania.pl\\\/strefaspecjalisty\\\/co-wiemy-o-zwiazkach-zaburzen-osobowosci-z-zaburzeniami-odzywania\\\/#breadcrumb\",\"itemListElement\":[{\"@type\":\"ListItem\",\"position\":1,\"name\":\"Strona g\u0142\u00f3wna\",\"item\":\"https:\\\/\\\/centrumzaburzenodzywiania.pl\\\/strefaspecjalisty\\\/\"},{\"@type\":\"ListItem\",\"position\":2,\"name\":\"Co wiemy o zwi\u0105zkach zaburze\u0144 osobowo\u015bci z zaburzeniami od\u017cywania?\"}]},{\"@type\":\"WebSite\",\"@id\":\"https:\\\/\\\/centrumzaburzenodzywiania.pl\\\/strefaspecjalisty\\\/#website\",\"url\":\"https:\\\/\\\/centrumzaburzenodzywiania.pl\\\/strefaspecjalisty\\\/\",\"name\":\"Strefa Specjalisty - Og\u00f3lnopolskie Centrum Zaburze\u0144 Od\u017cywiania\",\"description\":\"Strefa Specjalisty - Og\u00f3lnopolskie Centrum Zaburze\u0144 Od\u017cywiania\",\"publisher\":{\"@id\":\"https:\\\/\\\/centrumzaburzenodzywiania.pl\\\/strefaspecjalisty\\\/#organization\"},\"potentialAction\":[{\"@type\":\"SearchAction\",\"target\":{\"@type\":\"EntryPoint\",\"urlTemplate\":\"https:\\\/\\\/centrumzaburzenodzywiania.pl\\\/strefaspecjalisty\\\/?s={search_term_string}\"},\"query-input\":{\"@type\":\"PropertyValueSpecification\",\"valueRequired\":true,\"valueName\":\"search_term_string\"}}],\"inLanguage\":\"pl-PL\"},{\"@type\":\"Organization\",\"@id\":\"https:\\\/\\\/centrumzaburzenodzywiania.pl\\\/strefaspecjalisty\\\/#organization\",\"name\":\"Strefa Specjalisty - Og\u00f3lnopolskie Centrum Zaburze\u0144 Od\u017cywiania\",\"url\":\"https:\\\/\\\/centrumzaburzenodzywiania.pl\\\/strefaspecjalisty\\\/\",\"logo\":{\"@type\":\"ImageObject\",\"inLanguage\":\"pl-PL\",\"@id\":\"https:\\\/\\\/centrumzaburzenodzywiania.pl\\\/strefaspecjalisty\\\/#\\\/schema\\\/logo\\\/image\\\/\",\"url\":\"https:\\\/\\\/centrumzaburzenodzywiania.pl\\\/strefaspecjalisty\\\/wp-content\\\/uploads\\\/2025\\\/11\\\/logo.png\",\"contentUrl\":\"https:\\\/\\\/centrumzaburzenodzywiania.pl\\\/strefaspecjalisty\\\/wp-content\\\/uploads\\\/2025\\\/11\\\/logo.png\",\"width\":141,\"height\":54,\"caption\":\"Strefa Specjalisty - Og\u00f3lnopolskie Centrum Zaburze\u0144 Od\u017cywiania\"},\"image\":{\"@id\":\"https:\\\/\\\/centrumzaburzenodzywiania.pl\\\/strefaspecjalisty\\\/#\\\/schema\\\/logo\\\/image\\\/\"}},{\"@type\":\"Person\",\"@id\":\"https:\\\/\\\/centrumzaburzenodzywiania.pl\\\/strefaspecjalisty\\\/#\\\/schema\\\/person\\\/4bb57bd5e4bd7d5f41cee36db68e8395\",\"name\":\"Monika Piotrowska\",\"image\":{\"@type\":\"ImageObject\",\"inLanguage\":\"pl-PL\",\"@id\":\"https:\\\/\\\/secure.gravatar.com\\\/avatar\\\/f10ad2822576477d416c760a199900e38d61b307c4b95b8675199d3e39a811b3?s=96&d=mm&r=g\",\"url\":\"https:\\\/\\\/secure.gravatar.com\\\/avatar\\\/f10ad2822576477d416c760a199900e38d61b307c4b95b8675199d3e39a811b3?s=96&d=mm&r=g\",\"contentUrl\":\"https:\\\/\\\/secure.gravatar.com\\\/avatar\\\/f10ad2822576477d416c760a199900e38d61b307c4b95b8675199d3e39a811b3?s=96&d=mm&r=g\",\"caption\":\"Monika Piotrowska\"},\"url\":\"https:\\\/\\\/centrumzaburzenodzywiania.pl\\\/strefaspecjalisty\\\/author\\\/piotrowska1monikagmail-com\\\/\"}]}<\/script>\n<!-- \/ Yoast SEO plugin. -->","yoast_head_json":{"title":"Zaburzenia osobowo\u015bci a zaburzenia od\u017cywiania - Strefa Specjalisty - Og\u00f3lnopolskie Centrum Zaburze\u0144 Od\u017cywiania","description":"Jak zaburzenia osobowo\u015bci wp\u0142ywaj\u0105 na zaburzenia od\u017cywiania? Wyja\u015bniamy zale\u017cno\u015bci, objawy i znaczenie terapii.","robots":{"index":"index","follow":"follow","max-snippet":"max-snippet:-1","max-image-preview":"max-image-preview:large","max-video-preview":"max-video-preview:-1"},"canonical":"https:\/\/centrumzaburzenodzywiania.pl\/strefaspecjalisty\/co-wiemy-o-zwiazkach-zaburzen-osobowosci-z-zaburzeniami-odzywania\/","og_locale":"pl_PL","og_type":"article","og_title":"Zwi\u0105zki zaburze\u0144 osobowo\u015bci z zaburzeniami od\u017cywiania - blog","og_description":"Jak zaburzenia osobowo\u015bci wp\u0142ywaj\u0105 na zaburzenia od\u017cywiania? Wyja\u015bniamy zale\u017cno\u015bci, objawy i znaczenie terapii.","og_url":"https:\/\/centrumzaburzenodzywiania.pl\/strefaspecjalisty\/co-wiemy-o-zwiazkach-zaburzen-osobowosci-z-zaburzeniami-odzywania\/","og_site_name":"Strefa Specjalisty - Og\u00f3lnopolskie Centrum Zaburze\u0144 Od\u017cywiania","article_published_time":"2024-06-27T17:19:37+00:00","article_modified_time":"2026-01-12T07:15:18+00:00","og_image":[{"width":2560,"height":1707,"url":"https:\/\/centrumzaburzenodzywiania.pl\/strefaspecjalisty\/wp-content\/uploads\/2024\/06\/javier-allegue-barros-C7B-ExXpOIE-unsplash-scaled.jpg","type":"image\/jpeg"}],"author":"Monika Piotrowska","twitter_card":"summary_large_image","twitter_misc":{"Napisane przez":"Monika Piotrowska","Szacowany czas czytania":"7 minut"},"schema":{"@context":"https:\/\/schema.org","@graph":[{"@type":"Article","@id":"https:\/\/centrumzaburzenodzywiania.pl\/strefaspecjalisty\/co-wiemy-o-zwiazkach-zaburzen-osobowosci-z-zaburzeniami-odzywania\/#article","isPartOf":{"@id":"https:\/\/centrumzaburzenodzywiania.pl\/strefaspecjalisty\/co-wiemy-o-zwiazkach-zaburzen-osobowosci-z-zaburzeniami-odzywania\/"},"author":{"name":"Monika Piotrowska","@id":"https:\/\/centrumzaburzenodzywiania.pl\/strefaspecjalisty\/#\/schema\/person\/4bb57bd5e4bd7d5f41cee36db68e8395"},"headline":"Co wiemy o zwi\u0105zkach zaburze\u0144 osobowo\u015bci z zaburzeniami od\u017cywania?","datePublished":"2024-06-27T17:19:37+00:00","dateModified":"2026-01-12T07:15:18+00:00","mainEntityOfPage":{"@id":"https:\/\/centrumzaburzenodzywiania.pl\/strefaspecjalisty\/co-wiemy-o-zwiazkach-zaburzen-osobowosci-z-zaburzeniami-odzywania\/"},"wordCount":1242,"publisher":{"@id":"https:\/\/centrumzaburzenodzywiania.pl\/strefaspecjalisty\/#organization"},"image":{"@id":"https:\/\/centrumzaburzenodzywiania.pl\/strefaspecjalisty\/co-wiemy-o-zwiazkach-zaburzen-osobowosci-z-zaburzeniami-odzywania\/#primaryimage"},"thumbnailUrl":"https:\/\/centrumzaburzenodzywiania.pl\/strefaspecjalisty\/wp-content\/uploads\/2024\/06\/javier-allegue-barros-C7B-ExXpOIE-unsplash-scaled.jpg","articleSection":["Blog"],"inLanguage":"pl-PL"},{"@type":"WebPage","@id":"https:\/\/centrumzaburzenodzywiania.pl\/strefaspecjalisty\/co-wiemy-o-zwiazkach-zaburzen-osobowosci-z-zaburzeniami-odzywania\/","url":"https:\/\/centrumzaburzenodzywiania.pl\/strefaspecjalisty\/co-wiemy-o-zwiazkach-zaburzen-osobowosci-z-zaburzeniami-odzywania\/","name":"Zaburzenia osobowo\u015bci a zaburzenia od\u017cywiania - Strefa Specjalisty - Og\u00f3lnopolskie Centrum Zaburze\u0144 Od\u017cywiania","isPartOf":{"@id":"https:\/\/centrumzaburzenodzywiania.pl\/strefaspecjalisty\/#website"},"primaryImageOfPage":{"@id":"https:\/\/centrumzaburzenodzywiania.pl\/strefaspecjalisty\/co-wiemy-o-zwiazkach-zaburzen-osobowosci-z-zaburzeniami-odzywania\/#primaryimage"},"image":{"@id":"https:\/\/centrumzaburzenodzywiania.pl\/strefaspecjalisty\/co-wiemy-o-zwiazkach-zaburzen-osobowosci-z-zaburzeniami-odzywania\/#primaryimage"},"thumbnailUrl":"https:\/\/centrumzaburzenodzywiania.pl\/strefaspecjalisty\/wp-content\/uploads\/2024\/06\/javier-allegue-barros-C7B-ExXpOIE-unsplash-scaled.jpg","datePublished":"2024-06-27T17:19:37+00:00","dateModified":"2026-01-12T07:15:18+00:00","description":"Jak zaburzenia osobowo\u015bci wp\u0142ywaj\u0105 na zaburzenia od\u017cywiania? Wyja\u015bniamy zale\u017cno\u015bci, objawy i znaczenie terapii.","breadcrumb":{"@id":"https:\/\/centrumzaburzenodzywiania.pl\/strefaspecjalisty\/co-wiemy-o-zwiazkach-zaburzen-osobowosci-z-zaburzeniami-odzywania\/#breadcrumb"},"inLanguage":"pl-PL","potentialAction":[{"@type":"ReadAction","target":["https:\/\/centrumzaburzenodzywiania.pl\/strefaspecjalisty\/co-wiemy-o-zwiazkach-zaburzen-osobowosci-z-zaburzeniami-odzywania\/"]}]},{"@type":"ImageObject","inLanguage":"pl-PL","@id":"https:\/\/centrumzaburzenodzywiania.pl\/strefaspecjalisty\/co-wiemy-o-zwiazkach-zaburzen-osobowosci-z-zaburzeniami-odzywania\/#primaryimage","url":"https:\/\/centrumzaburzenodzywiania.pl\/strefaspecjalisty\/wp-content\/uploads\/2024\/06\/javier-allegue-barros-C7B-ExXpOIE-unsplash-scaled.jpg","contentUrl":"https:\/\/centrumzaburzenodzywiania.pl\/strefaspecjalisty\/wp-content\/uploads\/2024\/06\/javier-allegue-barros-C7B-ExXpOIE-unsplash-scaled.jpg","width":2560,"height":1707},{"@type":"BreadcrumbList","@id":"https:\/\/centrumzaburzenodzywiania.pl\/strefaspecjalisty\/co-wiemy-o-zwiazkach-zaburzen-osobowosci-z-zaburzeniami-odzywania\/#breadcrumb","itemListElement":[{"@type":"ListItem","position":1,"name":"Strona g\u0142\u00f3wna","item":"https:\/\/centrumzaburzenodzywiania.pl\/strefaspecjalisty\/"},{"@type":"ListItem","position":2,"name":"Co wiemy o zwi\u0105zkach zaburze\u0144 osobowo\u015bci z zaburzeniami od\u017cywania?"}]},{"@type":"WebSite","@id":"https:\/\/centrumzaburzenodzywiania.pl\/strefaspecjalisty\/#website","url":"https:\/\/centrumzaburzenodzywiania.pl\/strefaspecjalisty\/","name":"Strefa Specjalisty - Og\u00f3lnopolskie Centrum Zaburze\u0144 Od\u017cywiania","description":"Strefa Specjalisty - Og\u00f3lnopolskie Centrum Zaburze\u0144 Od\u017cywiania","publisher":{"@id":"https:\/\/centrumzaburzenodzywiania.pl\/strefaspecjalisty\/#organization"},"potentialAction":[{"@type":"SearchAction","target":{"@type":"EntryPoint","urlTemplate":"https:\/\/centrumzaburzenodzywiania.pl\/strefaspecjalisty\/?s={search_term_string}"},"query-input":{"@type":"PropertyValueSpecification","valueRequired":true,"valueName":"search_term_string"}}],"inLanguage":"pl-PL"},{"@type":"Organization","@id":"https:\/\/centrumzaburzenodzywiania.pl\/strefaspecjalisty\/#organization","name":"Strefa Specjalisty - Og\u00f3lnopolskie Centrum Zaburze\u0144 Od\u017cywiania","url":"https:\/\/centrumzaburzenodzywiania.pl\/strefaspecjalisty\/","logo":{"@type":"ImageObject","inLanguage":"pl-PL","@id":"https:\/\/centrumzaburzenodzywiania.pl\/strefaspecjalisty\/#\/schema\/logo\/image\/","url":"https:\/\/centrumzaburzenodzywiania.pl\/strefaspecjalisty\/wp-content\/uploads\/2025\/11\/logo.png","contentUrl":"https:\/\/centrumzaburzenodzywiania.pl\/strefaspecjalisty\/wp-content\/uploads\/2025\/11\/logo.png","width":141,"height":54,"caption":"Strefa Specjalisty - Og\u00f3lnopolskie Centrum Zaburze\u0144 Od\u017cywiania"},"image":{"@id":"https:\/\/centrumzaburzenodzywiania.pl\/strefaspecjalisty\/#\/schema\/logo\/image\/"}},{"@type":"Person","@id":"https:\/\/centrumzaburzenodzywiania.pl\/strefaspecjalisty\/#\/schema\/person\/4bb57bd5e4bd7d5f41cee36db68e8395","name":"Monika Piotrowska","image":{"@type":"ImageObject","inLanguage":"pl-PL","@id":"https:\/\/secure.gravatar.com\/avatar\/f10ad2822576477d416c760a199900e38d61b307c4b95b8675199d3e39a811b3?s=96&d=mm&r=g","url":"https:\/\/secure.gravatar.com\/avatar\/f10ad2822576477d416c760a199900e38d61b307c4b95b8675199d3e39a811b3?s=96&d=mm&r=g","contentUrl":"https:\/\/secure.gravatar.com\/avatar\/f10ad2822576477d416c760a199900e38d61b307c4b95b8675199d3e39a811b3?s=96&d=mm&r=g","caption":"Monika Piotrowska"},"url":"https:\/\/centrumzaburzenodzywiania.pl\/strefaspecjalisty\/author\/piotrowska1monikagmail-com\/"}]}},"_links":{"self":[{"href":"https:\/\/centrumzaburzenodzywiania.pl\/strefaspecjalisty\/wp-json\/wp\/v2\/posts\/2439","targetHints":{"allow":["GET"]}}],"collection":[{"href":"https:\/\/centrumzaburzenodzywiania.pl\/strefaspecjalisty\/wp-json\/wp\/v2\/posts"}],"about":[{"href":"https:\/\/centrumzaburzenodzywiania.pl\/strefaspecjalisty\/wp-json\/wp\/v2\/types\/post"}],"author":[{"embeddable":true,"href":"https:\/\/centrumzaburzenodzywiania.pl\/strefaspecjalisty\/wp-json\/wp\/v2\/users\/3"}],"replies":[{"embeddable":true,"href":"https:\/\/centrumzaburzenodzywiania.pl\/strefaspecjalisty\/wp-json\/wp\/v2\/comments?post=2439"}],"version-history":[{"count":4,"href":"https:\/\/centrumzaburzenodzywiania.pl\/strefaspecjalisty\/wp-json\/wp\/v2\/posts\/2439\/revisions"}],"predecessor-version":[{"id":4058,"href":"https:\/\/centrumzaburzenodzywiania.pl\/strefaspecjalisty\/wp-json\/wp\/v2\/posts\/2439\/revisions\/4058"}],"wp:featuredmedia":[{"embeddable":true,"href":"https:\/\/centrumzaburzenodzywiania.pl\/strefaspecjalisty\/wp-json\/wp\/v2\/media\/2440"}],"wp:attachment":[{"href":"https:\/\/centrumzaburzenodzywiania.pl\/strefaspecjalisty\/wp-json\/wp\/v2\/media?parent=2439"}],"wp:term":[{"taxonomy":"category","embeddable":true,"href":"https:\/\/centrumzaburzenodzywiania.pl\/strefaspecjalisty\/wp-json\/wp\/v2\/categories?post=2439"},{"taxonomy":"post_tag","embeddable":true,"href":"https:\/\/centrumzaburzenodzywiania.pl\/strefaspecjalisty\/wp-json\/wp\/v2\/tags?post=2439"}],"curies":[{"name":"wp","href":"https:\/\/api.w.org\/{rel}","templated":true}]}}