{"id":177,"date":"2021-02-28T12:09:47","date_gmt":"2021-02-28T11:09:47","guid":{"rendered":"https:\/\/centrumzaburzenodzywiania.pl\/strefaspecjalisty\/?p=177"},"modified":"2026-01-13T15:09:47","modified_gmt":"2026-01-13T14:09:47","slug":"teoria-psychicznej-reprezentacji-emocji-aleksytymia-i-ich-powiazania-z-anoreksja","status":"publish","type":"post","link":"https:\/\/centrumzaburzenodzywiania.pl\/strefaspecjalisty\/teoria-psychicznej-reprezentacji-emocji-aleksytymia-i-ich-powiazania-z-anoreksja\/","title":{"rendered":"Teoria psychicznej reprezentacji emocji, aleksytymia i ich powi\u0105zania z anoreksj\u0105."},"content":{"rendered":"\n<p>O czym m\u00f3wi teoria psychicznej reprezentacji emocji ? Czym jest aleksytymia ? I jaki jest ich zwi\u0105zek z anoreksj\u0105 ?<\/p>\n\n\n\n<p><strong>Teoria psychicznej reprezentacji emocji<\/strong><\/p>\n\n\n\n<p>Jest to teoria wyja\u015bniaj\u0105ca zale\u017cno\u015b\u0107 mi\u0119dzy procesami emocjonalnymi a poznawczymi stworzona przez T. Maruszewskiego i E. \u015aciga\u0142\u0119. Emocja jest rozumiana tutaj jako system z\u0142o\u017cony z element\u00f3w: neurofizjologicznych, motoryczno-behawioralnych oraz poznawczo-doznaniowych.&nbsp; Koncepcja ta m\u00f3wi o tworzeniu psychicznej reprezentacji emocji. Informacje zapisywane s\u0105 w trzech r\u00f3\u017cnych kodach wsp\u00f3\u0142tworz\u0105cych reprezentacj\u0119 danej emocji w psychice: obrazowym, werbalnym i abstrakcyjnym. Odbywa si\u0119 to cyklicznie, a przekodowywanie informacji z jednego kodu na kolejny prowadzi do lepszego zrozumienia w\u0142asnych stan\u00f3w emocjonalnych oraz wzrostu z\u0142o\u017cono\u015bci reprezentacji.<\/p>\n\n\n\n<p><em>Kod obrazowy<\/em>&nbsp;\u2013 najbardziej podstawowy poziom reprezentacji emocji. W jego obr\u0119bie zapisywane s\u0105 informacje co do wyraz\u00f3w mimicznych, pantomimicznych, obiekt\u00f3w i sytuacji, kt\u00f3re zosta\u0142y nacechowane afektywnie przez podmiot. Tutaj generowane s\u0105 reakcje i pierwsze zachowania emocjonalne. Reprezentacje te s\u0105 do\u015b\u0107 \u201ep\u0142ytkie\u201d- nie podlegaj\u0105 werbalizacji- nie s\u0105 dost\u0119pne \u015bwiadomej \u201eobr\u00f3bce\u201d poznawczej, s\u0105 \u015bci\u015ble zwi\u0105zane z konkretn\u0105 sytuacj\u0105 i czasem.<\/p>\n\n\n\n<p><em>Kod werbalny \u2013&nbsp;<\/em>za pomoc\u0105 wnioskowania indukcyjnego dokonuje si\u0119 przej\u015bcie z kodu obrazowego na kod werbalny. Etykieta werbalna grupuje kody obrazowe, co u\u0142atwia odr\u00f3\u017cnianie jednej emocji od innych oraz ich komunikowanie. Werbalna reprezentacja przybiera posta\u0107 schematu- wiedza w nim zawarta jest wolna od do\u015bwiadczenia jednostki, dotyczy typowych emocji zwi\u0105zanych z dan\u0105 sytuacj\u0105, osob\u0105, reprezentacj\u0105 umys\u0142ow\u0105. To tak jakby (przyk\u0142adowo) wizerunki twarzy uporz\u0105dkowa\u0107 i w\u0142o\u017cy\u0107 do szufladek podpisanych \u201ez\u0142o\u015b\u0107\u201d, \u201erado\u015b\u0107\u201d, \u201esmutek\u201d etc.<\/p>\n\n\n\n<p><em>Kod abstrakcyjny&nbsp;<\/em>\u2013 najbogatszy a r\u00f3wnocze\u015bnie najog\u00f3lniejszy spos\u00f3b kodowania. Na tym poziomie reprezentacja staje si\u0119 poj\u0119ciem. Mo\u017cliwa jest jej interpretacja, okre\u015blenie \u017ar\u00f3d\u0142a, zwi\u0105zku z innymi stanami\u2026 Ekspresja jest symboliczna np. poprzez tworzenie sztuki.<\/p>\n\n\n\n<p>Przej\u015bcia pomi\u0119dzy kodami<\/p>\n\n\n\n<figure class=\"wp-block-table\"><table class=\"has-fixed-layout\"><tbody><tr><td>Obrazowy na werbalny \u2014 werbalizacja (nauka nazw emocji i sposob\u00f3w ich werbalnego komunikowania)&nbsp;Werbalny na obrazowy \u2014 wizualizacja (pojawia si\u0119 po opanowaniu j\u0119zyka, przekszta\u0142cenie werbalnej reprezentacji w obrazow\u0105)Werbalny na abstrakcyjny \u2014 semantyzacja (odniesienie konkretnego do\u015bwiadczenia emocjonalnego do w\u0142asnej teorii emocji)Abstrakcyjny na werbalny \u2014 desemantyzacja (pozwala na zmian\u0119 wcze\u015bniej ustalonych znacze\u0144)Obrazowy na abstrakcyjny \u2014 symbolizacja (przypisanie znaczenia zdarzeniom wyst\u0119puj\u0105cym w kodzie obrazowym)Abstrakcyjny na obrazowy \u2014 desymbolizacja (wra\u017cliwo\u015b\u0107 na symbole, znaczenia przekazywane w kodzie obrazowym np. wzruszenie na filmie)<\/td><\/tr><\/tbody><\/table><\/figure>\n\n\n\n<p>Autorzy tej teorii twierdz\u0105, \u017ce mo\u017ce ona by\u0107 wykorzystywana do wyja\u015bniania rozmaitych zaburze\u0144 emocjonalnych, np. syndromu aleksytymii, kt\u00f3remu przypisywane jest du\u017ce znaczenie np. w anoreksji.<\/p>\n\n\n\n<p>Aleksytymia- \u201ezaburzenie zar\u00f3wno w sferze proces\u00f3w afektywnych jak i poznawczych. Nie jest traktowana jako rzeczywisty zesp\u00f3\u0142 psychiatryczny, ale raczej jako og\u00f3lna charakterystyka szeregu cech(\u2026) Typowa osoba aleksytymiczna \u017ale r\u00f3\u017cnicuje swoje emocje, a w my\u015bleniu nadmiernie koncentruje si\u0119 na sprawach prozaicznych.\u201d<\/p>\n\n\n\n<p>Zachowanie wielu os\u00f3b choruj\u0105cych psychosomatycznie cechuje zesp\u00f3\u0142 objaw\u00f3w nosz\u0105cych nazw\u0119 aleksytymii. Zaliczy\u0107 do nich mo\u017cna:<\/p>\n\n\n\n<p>\u2013 Trudno\u015bci w identyfikacji emocji (zar\u00f3wno pozytywnych jak i negatywnych)<\/p>\n\n\n\n<p>\u2013 Cz\u0119ste prze\u017cywanie negatywnych emocji i nieumiej\u0119tno\u015b\u0107 wyra\u017cenia ich (co mo\u017ce prowadzi\u0107 do somatyzacji)<\/p>\n\n\n\n<p>Do pomiaru aleksytymii najcz\u0119\u015bciej u\u017cywa si\u0119 skali TAS (Toronto Alexithymia Scale). Badanie trafno\u015bci diagnostycznej polskiej adaptacji TAS nie wykaza\u0142o istotno\u015bci statystycznej dla pr\u00f3by cierpi\u0105cych na anoreksj\u0119. Jednak\u017ce gdy wyodr\u0119bniono czynniki, okaza\u0142o si\u0119, \u017ce osoby choruj\u0105ce na anoreksj\u0119 wykazuj\u0105 wi\u0119ksze trudno\u015bci w rozpoznawaniu dozna\u0144 fizycznych ni\u017c osoby zdrowe. Z drugiej strony osoby te o wiele sprawniej pos\u0142ugiwa\u0142y si\u0119 wyobra\u017ani\u0105 ni\u017c osoby zdrowe. Jest to wa\u017cnym ustaleniem przy planowaniu pomocy terapeutycznej- warto rozwa\u017cy\u0107 wykorzystywanie technik bazuj\u0105cych na wyobra\u017ani, jako \u017ce jest to dobrze rozwini\u0119ta zdolno\u015b\u0107.<\/p>\n\n\n\n<p>Objawy anoreksji zwi\u0105zane z tworzeniem reprezentacji emocji to ignorowanie dozna\u0144 cielesnych (kod obrazowy), trudno\u015bci w wyra\u017caniu emocji (kod obrazowy oraz kod werbalny) oraz perfekcjonizm (kod abstrakcyjny). Osoba choruj\u0105ca na anoreksj\u0119 \u017cyje w prze\u015bwiadczeniu, \u017ce powinna by\u0107 doskona\u0142a i kontrolowa\u0107 siebie na ka\u017cdym kroku. Poza przekonaniem o powinno\u015bci sprawowania kontroli nad spo\u017cywanym pokarmem i jego warto\u015bci\u0105 kaloryczn\u0105 chorzy s\u0105dz\u0105 r\u00f3wnie\u017c, \u017ce powinni panowa\u0107 nad emocjami, nie odczuwa\u0107 emocji negatywnych. Buduj\u0105 fa\u0142szywy obraz siebie, w kt\u00f3rym s\u0105 osobami nie prze\u017cywaj\u0105cymi negatywnych emocji. Informacje dotycz\u0105ce emocji negatywnych zapisane s\u0105 za pomoc\u0105 kodu abstrakcyjnego np. \u201eJa nie odczuwam negatywnych emocji\u201d. Stworzona w ten spos\u00f3b reprezentacja psychiczna emocji, sprawia, \u017ce osoba w sytuacjach emotogennych reaguje dysfunkcjonalnie. A przecie\u017c niemo\u017cliwym jest \u017cycie bez do\u015bwiadczania emocji negatywnych, tak wi\u0119c osoba choruj\u0105ca na anoreksj\u0119 wypiera je. W celu zachowania sp\u00f3jno\u015bci obrazu siebie, uruchamia zachowania podobne do aleksytymicznych czyli ignorowanie informacji o w\u0142asnych stanach wewn\u0119trznych. Procesy rekodowania nie zostaj\u0105 w og\u00f3le uruchomione, chora nie czerpie informacji z prze\u017cycia emocjonalnego, lecz nawykowo je ignoruje.<\/p>\n\n\n\n<p>Pokazuje to, jak wa\u017cna w terapii jest praca na emocjach pacjentki. Wa\u017cnym dla przywr\u00f3cenia sprawno\u015bci funkcjonowania systemowi emocjonalnemu jest uruchomienie procesu desemantyzacji czyli nadaniu nowego znaczenia swojemu do\u015bwiadczeniu oraz wizualizacji i desymbolizacji. &nbsp;aby dopu\u015bci\u0107 wypierane dotychczas prze\u017cycia, co pozwoli na do\u015bwiadczanie, akceptowanie i prze\u017cywanie wszystkich emocji.<\/p>\n\n\n\n<p><em>Na podstawie:<\/em><\/p>\n\n\n\n<p><em>Jasielska, A. (2000). Znaczenie symbolicznej ekspresji emocji w leczeniu pacjentek anorektycznych. W: A. Sucha\u0144ska (red) Podmiotowe i spo\u0142eczno-kulturowe uwarunkowania anoreksji, (s.213-235). Pozna\u0144: Wydawnictwo Fundacji Humaniora.<\/em><\/p>\n\n\n\n<p><em>Maruszewski, T., \u015aciga\u0142a, E. (2000). Teorie emocji. W: J. Strelau (red.) Psychologia. Psychologia og\u00f3lna, Tom II (s. 395-427). Gda\u0144sk: Gda\u0144skie Wydawnictwo Psychologiczne.<\/em><\/p>\n\n\n\n<p><em>Reber, A. (2002). S\u0142ownik psychologii, Warszawa: Wydawnictwo Naukowe Scholar.<\/em><\/p>\n\n\n\n<p><em>Wawrzyniak, M., (2002), Aleksytymia i neurotyzm: ro\u017cnicowanie i werbalizacja emocji podstawowych, Przegl\u0105d Psychologiczny, 45, 1, 109-122.<\/em><\/p>\n\n\n\n<p><em>Autor: Martyna Tomczak<\/em><\/p>\n","protected":false},"excerpt":{"rendered":"<p>O czym m\u00f3wi teoria psychicznej reprezentacji emocji ? Czym jest aleksytymia ? I jaki jest ich zwi\u0105zek z anoreksj\u0105 ? Teoria psychicznej reprezentacji emocji Jest to teoria wyja\u015bniaj\u0105ca zale\u017cno\u015b\u0107 mi\u0119dzy procesami emocjonalnymi a poznawczymi stworzona przez T. Maruszewskiego i E. \u015aciga\u0142\u0119. Emocja jest rozumiana tutaj jako system z\u0142o\u017cony z element\u00f3w: neurofizjologicznych, motoryczno-behawioralnych oraz poznawczo-doznaniowych.&nbsp; Koncepcja [&hellip;]<\/p>\n","protected":false},"author":3,"featured_media":178,"comment_status":"closed","ping_status":"closed","sticky":false,"template":"","format":"standard","meta":{"_acf_changed":false,"inline_featured_image":false,"footnotes":""},"categories":[2],"tags":[],"class_list":["post-177","post","type-post","status-publish","format-standard","has-post-thumbnail","hentry","category-blog"],"acf":[],"yoast_head":"<!-- This site is optimized with the Yoast SEO plugin v27.4 - https:\/\/yoast.com\/product\/yoast-seo-wordpress\/ -->\n<title>Aleksytymia i reprezentacja emocji w anoreksji - Blog - Strefa Specjalisty - Og\u00f3lnopolskie Centrum Zaburze\u0144 Od\u017cywiania<\/title>\n<meta name=\"description\" content=\"Czym jest teoria psychicznej reprezentacji emocji i aleksytymia? Powi\u0105zania z anoreksj\u0105 oraz znaczenie pracy na emocjach w terapii.\" \/>\n<meta name=\"robots\" content=\"index, follow, max-snippet:-1, max-image-preview:large, max-video-preview:-1\" \/>\n<link rel=\"canonical\" href=\"https:\/\/centrumzaburzenodzywiania.pl\/strefaspecjalisty\/teoria-psychicznej-reprezentacji-emocji-aleksytymia-i-ich-powiazania-z-anoreksja\/\" \/>\n<meta property=\"og:locale\" content=\"pl_PL\" \/>\n<meta property=\"og:type\" content=\"article\" \/>\n<meta property=\"og:title\" content=\"Aleksytymia i reprezentacja emocji w anoreksji - Blog - Strefa Specjalisty - Og\u00f3lnopolskie Centrum Zaburze\u0144 Od\u017cywiania\" \/>\n<meta property=\"og:description\" content=\"Czym jest teoria psychicznej reprezentacji emocji i aleksytymia? Powi\u0105zania z anoreksj\u0105 oraz znaczenie pracy na emocjach w terapii.\" \/>\n<meta property=\"og:url\" content=\"https:\/\/centrumzaburzenodzywiania.pl\/strefaspecjalisty\/teoria-psychicznej-reprezentacji-emocji-aleksytymia-i-ich-powiazania-z-anoreksja\/\" \/>\n<meta property=\"og:site_name\" content=\"Strefa Specjalisty - Og\u00f3lnopolskie Centrum Zaburze\u0144 Od\u017cywiania\" \/>\n<meta property=\"article:published_time\" content=\"2021-02-28T11:09:47+00:00\" \/>\n<meta property=\"article:modified_time\" content=\"2026-01-13T14:09:47+00:00\" \/>\n<meta property=\"og:image\" content=\"https:\/\/centrumzaburzenodzywiania.pl\/strefaspecjalisty\/wp-content\/uploads\/2021\/02\/teoria-psychicznej-reprezentacji-emocji-aleksytymia-i-ich-powiazania-z-anoreksja.jpeg\" \/>\n\t<meta property=\"og:image:width\" content=\"1880\" \/>\n\t<meta property=\"og:image:height\" content=\"1245\" \/>\n\t<meta property=\"og:image:type\" content=\"image\/jpeg\" \/>\n<meta name=\"author\" content=\"Monika Piotrowska\" \/>\n<meta name=\"twitter:card\" content=\"summary_large_image\" \/>\n<meta name=\"twitter:label1\" content=\"Napisane przez\" \/>\n\t<meta name=\"twitter:data1\" content=\"Monika Piotrowska\" \/>\n\t<meta name=\"twitter:label2\" content=\"Szacowany czas czytania\" \/>\n\t<meta name=\"twitter:data2\" content=\"6 minut\" \/>\n<script type=\"application\/ld+json\" class=\"yoast-schema-graph\">{\"@context\":\"https:\\\/\\\/schema.org\",\"@graph\":[{\"@type\":\"Article\",\"@id\":\"https:\\\/\\\/centrumzaburzenodzywiania.pl\\\/strefaspecjalisty\\\/teoria-psychicznej-reprezentacji-emocji-aleksytymia-i-ich-powiazania-z-anoreksja\\\/#article\",\"isPartOf\":{\"@id\":\"https:\\\/\\\/centrumzaburzenodzywiania.pl\\\/strefaspecjalisty\\\/teoria-psychicznej-reprezentacji-emocji-aleksytymia-i-ich-powiazania-z-anoreksja\\\/\"},\"author\":{\"name\":\"Monika Piotrowska\",\"@id\":\"https:\\\/\\\/centrumzaburzenodzywiania.pl\\\/strefaspecjalisty\\\/#\\\/schema\\\/person\\\/4bb57bd5e4bd7d5f41cee36db68e8395\"},\"headline\":\"Teoria psychicznej reprezentacji emocji, aleksytymia i ich powi\u0105zania z anoreksj\u0105.\",\"datePublished\":\"2021-02-28T11:09:47+00:00\",\"dateModified\":\"2026-01-13T14:09:47+00:00\",\"mainEntityOfPage\":{\"@id\":\"https:\\\/\\\/centrumzaburzenodzywiania.pl\\\/strefaspecjalisty\\\/teoria-psychicznej-reprezentacji-emocji-aleksytymia-i-ich-powiazania-z-anoreksja\\\/\"},\"wordCount\":969,\"publisher\":{\"@id\":\"https:\\\/\\\/centrumzaburzenodzywiania.pl\\\/strefaspecjalisty\\\/#organization\"},\"image\":{\"@id\":\"https:\\\/\\\/centrumzaburzenodzywiania.pl\\\/strefaspecjalisty\\\/teoria-psychicznej-reprezentacji-emocji-aleksytymia-i-ich-powiazania-z-anoreksja\\\/#primaryimage\"},\"thumbnailUrl\":\"https:\\\/\\\/centrumzaburzenodzywiania.pl\\\/strefaspecjalisty\\\/wp-content\\\/uploads\\\/2021\\\/02\\\/teoria-psychicznej-reprezentacji-emocji-aleksytymia-i-ich-powiazania-z-anoreksja.jpeg\",\"articleSection\":[\"Blog\"],\"inLanguage\":\"pl-PL\"},{\"@type\":\"WebPage\",\"@id\":\"https:\\\/\\\/centrumzaburzenodzywiania.pl\\\/strefaspecjalisty\\\/teoria-psychicznej-reprezentacji-emocji-aleksytymia-i-ich-powiazania-z-anoreksja\\\/\",\"url\":\"https:\\\/\\\/centrumzaburzenodzywiania.pl\\\/strefaspecjalisty\\\/teoria-psychicznej-reprezentacji-emocji-aleksytymia-i-ich-powiazania-z-anoreksja\\\/\",\"name\":\"Aleksytymia i reprezentacja emocji w anoreksji - Blog - Strefa Specjalisty - Og\u00f3lnopolskie Centrum Zaburze\u0144 Od\u017cywiania\",\"isPartOf\":{\"@id\":\"https:\\\/\\\/centrumzaburzenodzywiania.pl\\\/strefaspecjalisty\\\/#website\"},\"primaryImageOfPage\":{\"@id\":\"https:\\\/\\\/centrumzaburzenodzywiania.pl\\\/strefaspecjalisty\\\/teoria-psychicznej-reprezentacji-emocji-aleksytymia-i-ich-powiazania-z-anoreksja\\\/#primaryimage\"},\"image\":{\"@id\":\"https:\\\/\\\/centrumzaburzenodzywiania.pl\\\/strefaspecjalisty\\\/teoria-psychicznej-reprezentacji-emocji-aleksytymia-i-ich-powiazania-z-anoreksja\\\/#primaryimage\"},\"thumbnailUrl\":\"https:\\\/\\\/centrumzaburzenodzywiania.pl\\\/strefaspecjalisty\\\/wp-content\\\/uploads\\\/2021\\\/02\\\/teoria-psychicznej-reprezentacji-emocji-aleksytymia-i-ich-powiazania-z-anoreksja.jpeg\",\"datePublished\":\"2021-02-28T11:09:47+00:00\",\"dateModified\":\"2026-01-13T14:09:47+00:00\",\"description\":\"Czym jest teoria psychicznej reprezentacji emocji i aleksytymia? Powi\u0105zania z anoreksj\u0105 oraz znaczenie pracy na emocjach w terapii.\",\"breadcrumb\":{\"@id\":\"https:\\\/\\\/centrumzaburzenodzywiania.pl\\\/strefaspecjalisty\\\/teoria-psychicznej-reprezentacji-emocji-aleksytymia-i-ich-powiazania-z-anoreksja\\\/#breadcrumb\"},\"inLanguage\":\"pl-PL\",\"potentialAction\":[{\"@type\":\"ReadAction\",\"target\":[\"https:\\\/\\\/centrumzaburzenodzywiania.pl\\\/strefaspecjalisty\\\/teoria-psychicznej-reprezentacji-emocji-aleksytymia-i-ich-powiazania-z-anoreksja\\\/\"]}]},{\"@type\":\"ImageObject\",\"inLanguage\":\"pl-PL\",\"@id\":\"https:\\\/\\\/centrumzaburzenodzywiania.pl\\\/strefaspecjalisty\\\/teoria-psychicznej-reprezentacji-emocji-aleksytymia-i-ich-powiazania-z-anoreksja\\\/#primaryimage\",\"url\":\"https:\\\/\\\/centrumzaburzenodzywiania.pl\\\/strefaspecjalisty\\\/wp-content\\\/uploads\\\/2021\\\/02\\\/teoria-psychicznej-reprezentacji-emocji-aleksytymia-i-ich-powiazania-z-anoreksja.jpeg\",\"contentUrl\":\"https:\\\/\\\/centrumzaburzenodzywiania.pl\\\/strefaspecjalisty\\\/wp-content\\\/uploads\\\/2021\\\/02\\\/teoria-psychicznej-reprezentacji-emocji-aleksytymia-i-ich-powiazania-z-anoreksja.jpeg\",\"width\":1880,\"height\":1245},{\"@type\":\"BreadcrumbList\",\"@id\":\"https:\\\/\\\/centrumzaburzenodzywiania.pl\\\/strefaspecjalisty\\\/teoria-psychicznej-reprezentacji-emocji-aleksytymia-i-ich-powiazania-z-anoreksja\\\/#breadcrumb\",\"itemListElement\":[{\"@type\":\"ListItem\",\"position\":1,\"name\":\"Strona g\u0142\u00f3wna\",\"item\":\"https:\\\/\\\/centrumzaburzenodzywiania.pl\\\/strefaspecjalisty\\\/\"},{\"@type\":\"ListItem\",\"position\":2,\"name\":\"Teoria psychicznej reprezentacji emocji, aleksytymia i ich powi\u0105zania z anoreksj\u0105.\"}]},{\"@type\":\"WebSite\",\"@id\":\"https:\\\/\\\/centrumzaburzenodzywiania.pl\\\/strefaspecjalisty\\\/#website\",\"url\":\"https:\\\/\\\/centrumzaburzenodzywiania.pl\\\/strefaspecjalisty\\\/\",\"name\":\"Strefa Specjalisty - Og\u00f3lnopolskie Centrum Zaburze\u0144 Od\u017cywiania\",\"description\":\"Strefa Specjalisty - Og\u00f3lnopolskie Centrum Zaburze\u0144 Od\u017cywiania\",\"publisher\":{\"@id\":\"https:\\\/\\\/centrumzaburzenodzywiania.pl\\\/strefaspecjalisty\\\/#organization\"},\"potentialAction\":[{\"@type\":\"SearchAction\",\"target\":{\"@type\":\"EntryPoint\",\"urlTemplate\":\"https:\\\/\\\/centrumzaburzenodzywiania.pl\\\/strefaspecjalisty\\\/?s={search_term_string}\"},\"query-input\":{\"@type\":\"PropertyValueSpecification\",\"valueRequired\":true,\"valueName\":\"search_term_string\"}}],\"inLanguage\":\"pl-PL\"},{\"@type\":\"Organization\",\"@id\":\"https:\\\/\\\/centrumzaburzenodzywiania.pl\\\/strefaspecjalisty\\\/#organization\",\"name\":\"Strefa Specjalisty - Og\u00f3lnopolskie Centrum Zaburze\u0144 Od\u017cywiania\",\"url\":\"https:\\\/\\\/centrumzaburzenodzywiania.pl\\\/strefaspecjalisty\\\/\",\"logo\":{\"@type\":\"ImageObject\",\"inLanguage\":\"pl-PL\",\"@id\":\"https:\\\/\\\/centrumzaburzenodzywiania.pl\\\/strefaspecjalisty\\\/#\\\/schema\\\/logo\\\/image\\\/\",\"url\":\"https:\\\/\\\/centrumzaburzenodzywiania.pl\\\/strefaspecjalisty\\\/wp-content\\\/uploads\\\/2025\\\/11\\\/logo.png\",\"contentUrl\":\"https:\\\/\\\/centrumzaburzenodzywiania.pl\\\/strefaspecjalisty\\\/wp-content\\\/uploads\\\/2025\\\/11\\\/logo.png\",\"width\":141,\"height\":54,\"caption\":\"Strefa Specjalisty - Og\u00f3lnopolskie Centrum Zaburze\u0144 Od\u017cywiania\"},\"image\":{\"@id\":\"https:\\\/\\\/centrumzaburzenodzywiania.pl\\\/strefaspecjalisty\\\/#\\\/schema\\\/logo\\\/image\\\/\"}},{\"@type\":\"Person\",\"@id\":\"https:\\\/\\\/centrumzaburzenodzywiania.pl\\\/strefaspecjalisty\\\/#\\\/schema\\\/person\\\/4bb57bd5e4bd7d5f41cee36db68e8395\",\"name\":\"Monika Piotrowska\",\"image\":{\"@type\":\"ImageObject\",\"inLanguage\":\"pl-PL\",\"@id\":\"https:\\\/\\\/secure.gravatar.com\\\/avatar\\\/f10ad2822576477d416c760a199900e38d61b307c4b95b8675199d3e39a811b3?s=96&d=mm&r=g\",\"url\":\"https:\\\/\\\/secure.gravatar.com\\\/avatar\\\/f10ad2822576477d416c760a199900e38d61b307c4b95b8675199d3e39a811b3?s=96&d=mm&r=g\",\"contentUrl\":\"https:\\\/\\\/secure.gravatar.com\\\/avatar\\\/f10ad2822576477d416c760a199900e38d61b307c4b95b8675199d3e39a811b3?s=96&d=mm&r=g\",\"caption\":\"Monika Piotrowska\"},\"url\":\"https:\\\/\\\/centrumzaburzenodzywiania.pl\\\/strefaspecjalisty\\\/author\\\/piotrowska1monikagmail-com\\\/\"}]}<\/script>\n<!-- \/ Yoast SEO plugin. -->","yoast_head_json":{"title":"Aleksytymia i reprezentacja emocji w anoreksji - Blog - Strefa Specjalisty - Og\u00f3lnopolskie Centrum Zaburze\u0144 Od\u017cywiania","description":"Czym jest teoria psychicznej reprezentacji emocji i aleksytymia? Powi\u0105zania z anoreksj\u0105 oraz znaczenie pracy na emocjach w terapii.","robots":{"index":"index","follow":"follow","max-snippet":"max-snippet:-1","max-image-preview":"max-image-preview:large","max-video-preview":"max-video-preview:-1"},"canonical":"https:\/\/centrumzaburzenodzywiania.pl\/strefaspecjalisty\/teoria-psychicznej-reprezentacji-emocji-aleksytymia-i-ich-powiazania-z-anoreksja\/","og_locale":"pl_PL","og_type":"article","og_title":"Aleksytymia i reprezentacja emocji w anoreksji - Blog - Strefa Specjalisty - Og\u00f3lnopolskie Centrum Zaburze\u0144 Od\u017cywiania","og_description":"Czym jest teoria psychicznej reprezentacji emocji i aleksytymia? Powi\u0105zania z anoreksj\u0105 oraz znaczenie pracy na emocjach w terapii.","og_url":"https:\/\/centrumzaburzenodzywiania.pl\/strefaspecjalisty\/teoria-psychicznej-reprezentacji-emocji-aleksytymia-i-ich-powiazania-z-anoreksja\/","og_site_name":"Strefa Specjalisty - Og\u00f3lnopolskie Centrum Zaburze\u0144 Od\u017cywiania","article_published_time":"2021-02-28T11:09:47+00:00","article_modified_time":"2026-01-13T14:09:47+00:00","og_image":[{"width":1880,"height":1245,"url":"https:\/\/centrumzaburzenodzywiania.pl\/strefaspecjalisty\/wp-content\/uploads\/2021\/02\/teoria-psychicznej-reprezentacji-emocji-aleksytymia-i-ich-powiazania-z-anoreksja.jpeg","type":"image\/jpeg"}],"author":"Monika Piotrowska","twitter_card":"summary_large_image","twitter_misc":{"Napisane przez":"Monika Piotrowska","Szacowany czas czytania":"6 minut"},"schema":{"@context":"https:\/\/schema.org","@graph":[{"@type":"Article","@id":"https:\/\/centrumzaburzenodzywiania.pl\/strefaspecjalisty\/teoria-psychicznej-reprezentacji-emocji-aleksytymia-i-ich-powiazania-z-anoreksja\/#article","isPartOf":{"@id":"https:\/\/centrumzaburzenodzywiania.pl\/strefaspecjalisty\/teoria-psychicznej-reprezentacji-emocji-aleksytymia-i-ich-powiazania-z-anoreksja\/"},"author":{"name":"Monika Piotrowska","@id":"https:\/\/centrumzaburzenodzywiania.pl\/strefaspecjalisty\/#\/schema\/person\/4bb57bd5e4bd7d5f41cee36db68e8395"},"headline":"Teoria psychicznej reprezentacji emocji, aleksytymia i ich powi\u0105zania z anoreksj\u0105.","datePublished":"2021-02-28T11:09:47+00:00","dateModified":"2026-01-13T14:09:47+00:00","mainEntityOfPage":{"@id":"https:\/\/centrumzaburzenodzywiania.pl\/strefaspecjalisty\/teoria-psychicznej-reprezentacji-emocji-aleksytymia-i-ich-powiazania-z-anoreksja\/"},"wordCount":969,"publisher":{"@id":"https:\/\/centrumzaburzenodzywiania.pl\/strefaspecjalisty\/#organization"},"image":{"@id":"https:\/\/centrumzaburzenodzywiania.pl\/strefaspecjalisty\/teoria-psychicznej-reprezentacji-emocji-aleksytymia-i-ich-powiazania-z-anoreksja\/#primaryimage"},"thumbnailUrl":"https:\/\/centrumzaburzenodzywiania.pl\/strefaspecjalisty\/wp-content\/uploads\/2021\/02\/teoria-psychicznej-reprezentacji-emocji-aleksytymia-i-ich-powiazania-z-anoreksja.jpeg","articleSection":["Blog"],"inLanguage":"pl-PL"},{"@type":"WebPage","@id":"https:\/\/centrumzaburzenodzywiania.pl\/strefaspecjalisty\/teoria-psychicznej-reprezentacji-emocji-aleksytymia-i-ich-powiazania-z-anoreksja\/","url":"https:\/\/centrumzaburzenodzywiania.pl\/strefaspecjalisty\/teoria-psychicznej-reprezentacji-emocji-aleksytymia-i-ich-powiazania-z-anoreksja\/","name":"Aleksytymia i reprezentacja emocji w anoreksji - Blog - Strefa Specjalisty - Og\u00f3lnopolskie Centrum Zaburze\u0144 Od\u017cywiania","isPartOf":{"@id":"https:\/\/centrumzaburzenodzywiania.pl\/strefaspecjalisty\/#website"},"primaryImageOfPage":{"@id":"https:\/\/centrumzaburzenodzywiania.pl\/strefaspecjalisty\/teoria-psychicznej-reprezentacji-emocji-aleksytymia-i-ich-powiazania-z-anoreksja\/#primaryimage"},"image":{"@id":"https:\/\/centrumzaburzenodzywiania.pl\/strefaspecjalisty\/teoria-psychicznej-reprezentacji-emocji-aleksytymia-i-ich-powiazania-z-anoreksja\/#primaryimage"},"thumbnailUrl":"https:\/\/centrumzaburzenodzywiania.pl\/strefaspecjalisty\/wp-content\/uploads\/2021\/02\/teoria-psychicznej-reprezentacji-emocji-aleksytymia-i-ich-powiazania-z-anoreksja.jpeg","datePublished":"2021-02-28T11:09:47+00:00","dateModified":"2026-01-13T14:09:47+00:00","description":"Czym jest teoria psychicznej reprezentacji emocji i aleksytymia? Powi\u0105zania z anoreksj\u0105 oraz znaczenie pracy na emocjach w terapii.","breadcrumb":{"@id":"https:\/\/centrumzaburzenodzywiania.pl\/strefaspecjalisty\/teoria-psychicznej-reprezentacji-emocji-aleksytymia-i-ich-powiazania-z-anoreksja\/#breadcrumb"},"inLanguage":"pl-PL","potentialAction":[{"@type":"ReadAction","target":["https:\/\/centrumzaburzenodzywiania.pl\/strefaspecjalisty\/teoria-psychicznej-reprezentacji-emocji-aleksytymia-i-ich-powiazania-z-anoreksja\/"]}]},{"@type":"ImageObject","inLanguage":"pl-PL","@id":"https:\/\/centrumzaburzenodzywiania.pl\/strefaspecjalisty\/teoria-psychicznej-reprezentacji-emocji-aleksytymia-i-ich-powiazania-z-anoreksja\/#primaryimage","url":"https:\/\/centrumzaburzenodzywiania.pl\/strefaspecjalisty\/wp-content\/uploads\/2021\/02\/teoria-psychicznej-reprezentacji-emocji-aleksytymia-i-ich-powiazania-z-anoreksja.jpeg","contentUrl":"https:\/\/centrumzaburzenodzywiania.pl\/strefaspecjalisty\/wp-content\/uploads\/2021\/02\/teoria-psychicznej-reprezentacji-emocji-aleksytymia-i-ich-powiazania-z-anoreksja.jpeg","width":1880,"height":1245},{"@type":"BreadcrumbList","@id":"https:\/\/centrumzaburzenodzywiania.pl\/strefaspecjalisty\/teoria-psychicznej-reprezentacji-emocji-aleksytymia-i-ich-powiazania-z-anoreksja\/#breadcrumb","itemListElement":[{"@type":"ListItem","position":1,"name":"Strona g\u0142\u00f3wna","item":"https:\/\/centrumzaburzenodzywiania.pl\/strefaspecjalisty\/"},{"@type":"ListItem","position":2,"name":"Teoria psychicznej reprezentacji emocji, aleksytymia i ich powi\u0105zania z anoreksj\u0105."}]},{"@type":"WebSite","@id":"https:\/\/centrumzaburzenodzywiania.pl\/strefaspecjalisty\/#website","url":"https:\/\/centrumzaburzenodzywiania.pl\/strefaspecjalisty\/","name":"Strefa Specjalisty - Og\u00f3lnopolskie Centrum Zaburze\u0144 Od\u017cywiania","description":"Strefa Specjalisty - Og\u00f3lnopolskie Centrum Zaburze\u0144 Od\u017cywiania","publisher":{"@id":"https:\/\/centrumzaburzenodzywiania.pl\/strefaspecjalisty\/#organization"},"potentialAction":[{"@type":"SearchAction","target":{"@type":"EntryPoint","urlTemplate":"https:\/\/centrumzaburzenodzywiania.pl\/strefaspecjalisty\/?s={search_term_string}"},"query-input":{"@type":"PropertyValueSpecification","valueRequired":true,"valueName":"search_term_string"}}],"inLanguage":"pl-PL"},{"@type":"Organization","@id":"https:\/\/centrumzaburzenodzywiania.pl\/strefaspecjalisty\/#organization","name":"Strefa Specjalisty - Og\u00f3lnopolskie Centrum Zaburze\u0144 Od\u017cywiania","url":"https:\/\/centrumzaburzenodzywiania.pl\/strefaspecjalisty\/","logo":{"@type":"ImageObject","inLanguage":"pl-PL","@id":"https:\/\/centrumzaburzenodzywiania.pl\/strefaspecjalisty\/#\/schema\/logo\/image\/","url":"https:\/\/centrumzaburzenodzywiania.pl\/strefaspecjalisty\/wp-content\/uploads\/2025\/11\/logo.png","contentUrl":"https:\/\/centrumzaburzenodzywiania.pl\/strefaspecjalisty\/wp-content\/uploads\/2025\/11\/logo.png","width":141,"height":54,"caption":"Strefa Specjalisty - Og\u00f3lnopolskie Centrum Zaburze\u0144 Od\u017cywiania"},"image":{"@id":"https:\/\/centrumzaburzenodzywiania.pl\/strefaspecjalisty\/#\/schema\/logo\/image\/"}},{"@type":"Person","@id":"https:\/\/centrumzaburzenodzywiania.pl\/strefaspecjalisty\/#\/schema\/person\/4bb57bd5e4bd7d5f41cee36db68e8395","name":"Monika Piotrowska","image":{"@type":"ImageObject","inLanguage":"pl-PL","@id":"https:\/\/secure.gravatar.com\/avatar\/f10ad2822576477d416c760a199900e38d61b307c4b95b8675199d3e39a811b3?s=96&d=mm&r=g","url":"https:\/\/secure.gravatar.com\/avatar\/f10ad2822576477d416c760a199900e38d61b307c4b95b8675199d3e39a811b3?s=96&d=mm&r=g","contentUrl":"https:\/\/secure.gravatar.com\/avatar\/f10ad2822576477d416c760a199900e38d61b307c4b95b8675199d3e39a811b3?s=96&d=mm&r=g","caption":"Monika Piotrowska"},"url":"https:\/\/centrumzaburzenodzywiania.pl\/strefaspecjalisty\/author\/piotrowska1monikagmail-com\/"}]}},"_links":{"self":[{"href":"https:\/\/centrumzaburzenodzywiania.pl\/strefaspecjalisty\/wp-json\/wp\/v2\/posts\/177","targetHints":{"allow":["GET"]}}],"collection":[{"href":"https:\/\/centrumzaburzenodzywiania.pl\/strefaspecjalisty\/wp-json\/wp\/v2\/posts"}],"about":[{"href":"https:\/\/centrumzaburzenodzywiania.pl\/strefaspecjalisty\/wp-json\/wp\/v2\/types\/post"}],"author":[{"embeddable":true,"href":"https:\/\/centrumzaburzenodzywiania.pl\/strefaspecjalisty\/wp-json\/wp\/v2\/users\/3"}],"replies":[{"embeddable":true,"href":"https:\/\/centrumzaburzenodzywiania.pl\/strefaspecjalisty\/wp-json\/wp\/v2\/comments?post=177"}],"version-history":[{"count":2,"href":"https:\/\/centrumzaburzenodzywiania.pl\/strefaspecjalisty\/wp-json\/wp\/v2\/posts\/177\/revisions"}],"predecessor-version":[{"id":3711,"href":"https:\/\/centrumzaburzenodzywiania.pl\/strefaspecjalisty\/wp-json\/wp\/v2\/posts\/177\/revisions\/3711"}],"wp:featuredmedia":[{"embeddable":true,"href":"https:\/\/centrumzaburzenodzywiania.pl\/strefaspecjalisty\/wp-json\/wp\/v2\/media\/178"}],"wp:attachment":[{"href":"https:\/\/centrumzaburzenodzywiania.pl\/strefaspecjalisty\/wp-json\/wp\/v2\/media?parent=177"}],"wp:term":[{"taxonomy":"category","embeddable":true,"href":"https:\/\/centrumzaburzenodzywiania.pl\/strefaspecjalisty\/wp-json\/wp\/v2\/categories?post=177"},{"taxonomy":"post_tag","embeddable":true,"href":"https:\/\/centrumzaburzenodzywiania.pl\/strefaspecjalisty\/wp-json\/wp\/v2\/tags?post=177"}],"curies":[{"name":"wp","href":"https:\/\/api.w.org\/{rel}","templated":true}]}}