{"id":171,"date":"2021-02-28T12:07:24","date_gmt":"2021-02-28T11:07:24","guid":{"rendered":"https:\/\/centrumzaburzenodzywiania.pl\/strefaspecjalisty\/?p=171"},"modified":"2026-01-13T15:14:51","modified_gmt":"2026-01-13T14:14:51","slug":"anoreksja-choroba-smiertelna-samobojstwa","status":"publish","type":"post","link":"https:\/\/centrumzaburzenodzywiania.pl\/strefaspecjalisty\/anoreksja-choroba-smiertelna-samobojstwa\/","title":{"rendered":"Anoreksja- choroba \u015bmiertelna. Samob\u00f3jstwa."},"content":{"rendered":"\n<p><strong>W historii \u017cycia os\u00f3b z anoreksj\u0105, znale\u017a\u0107 mo\u017cna szereg czynnik\u00f3w predysponuj\u0105cych do kszta\u0142towania si\u0119 u nich tendencji samob\u00f3jczych. R\u00f3wnie\u017c do\u015bwiadczenie choroby jak\u0105 jest anoreksja mo\u017ce wp\u0142yn\u0105\u0107 na wyst\u0119powanie my\u015bli, b\u0105d\u017a podejmowanie pr\u00f3b samob\u00f3jczych. Celem prezentowanego poni\u017cej artyku\u0142u jest zwr\u00f3cenie uwagi, jakie czynniki predysponuj\u0105ce oraz zwi\u0105zane z chorob\u0105, mog\u0105 doprowadzi\u0107 do \u015bmierci samob\u00f3jczej.<\/strong><\/p>\n\n\n\n<p><strong>Dlaczego warto zaj\u0105\u0107 si\u0119 tym problemem i jakie s\u0105 jego pocz\u0105tki?<\/strong><\/p>\n\n\n\n<p>Jak wynika z bada\u0144, my\u015bli samob\u00f3jcze ujawnia ok. 54% os\u00f3b chorych na anoreksj\u0119, natomiast ok. 9% podejmuje pr\u00f3by samob\u00f3jcze. Odsetek \u015bmiertelno\u015bci z powodu samob\u00f3jstwa u chorych wynosi od 2 do 9%, co skutkuje faktem, i\u017c \u015bmier\u0107 samob\u00f3jcza stanowi 27% przyczyn wszystkich zgon\u00f3w pacjent\u00f3w z anoreksj\u0105. Do samob\u00f3jstwa prowadzi\u0107 mog\u0105 czynniki predysponuj\u0105ce, np. zwi\u0105zane z urazami z okresu dzieci\u0144stwa, czy relacjami z opiekunami, kt\u00f3re w przysz\u0142o\u015bci mog\u0105 odpowiada\u0107 za ukszta\u0142towanie tendencji samob\u00f3jczych. Z kolei w\u015br\u00f3d czynnik\u00f3w wyzwalaj\u0105cych, kryzysowych wymieni\u0107 mo\u017cna chorob\u0119 somatyczn\u0105, psychiczn\u0105, utrat\u0119 bliskiej osoby, uzale\u017cnienia od \u015brodk\u00f3w psychoaktywnych, itd. Obok wymienionych czynnik\u00f3w w literaturze przedmiotu pojawiaj\u0105 si\u0119 r\u00f3wnie\u017c zaburzenia od\u017cywiania, w tym anoreksja, a tak\u017ce zaburzenia afektywne, g\u0142\u00f3wnie depresja, kt\u00f3ra diagnozowana jest u blisko 50% chorych na anoreksj\u0119. Przygl\u0105daj\u0105c si\u0119 bli\u017cej czynnikom predysponuj\u0105cym, cechy rodzin anorektycznych, takie jak nadopieku\u0144czo\u015b\u0107, nadmierna kontrola i wymagania, sztywno\u015b\u0107, nierozwi\u0105zywanie konflikt\u00f3w, odpowiadaj\u0105 koncepcji \u201enierozwi\u0105zywalnego problemu\u201d, tzn. poczuciu niemo\u017cno\u015bci sprostania wysokim wymaganiom, bezsilno\u015bci i osamotnienia, co z kolei wp\u0142ywa na niskie poczucie w\u0142asnej warto\u015bci i kompetencji oraz my\u015blenie tunelowe, skutkiem czego osoba mo\u017ce odczuwa\u0107 awersyjny stosunek wobec \u017cycia, sprzyjaj\u0105cy tendencjom samob\u00f3jczym.<\/p>\n\n\n\n<p><strong>Anoreksja jako samob\u00f3jcza pu\u0142apka.<\/strong><\/p>\n\n\n\n<p>Natomiast w kontek\u015bcie syndromu presuicydalnego \u2013 stanu psychicznego osoby zagro\u017conej samob\u00f3jstwem \u2013 wymienia si\u0119 mi\u0119dzy innymi, stan awersyjnej samo\u015bwiadomo\u015bci, kt\u00f3ry mo\u017ce wynika\u0107 z poczucia niezrealizowania w\u0142asnych lub narzuconych standard\u00f3w. W odniesieniu do os\u00f3b z anoreksj\u0105, ich standardy dotycz\u0105ce wygl\u0105du, w szczeg\u00f3lno\u015bci masy cia\u0142a, a tak\u017ce wymagania stawiane g\u0142\u00f3wnie przez opiekun\u00f3w, odbiegaj\u0105 od realno\u015bci. Z tego powodu, niemo\u017cno\u015b\u0107 sprostania wyg\u00f3rowanym standardom, zwa\u017cywszy na fakt, \u017ce post\u0119puj\u0105ca utrata masy cia\u0142a (kt\u00f3ra nigdy nie jest satysfakcjonuj\u0105ca), stale wyniszczaj\u0105ca organizm i \u2013 o ile nie ko\u0144czy si\u0119 \u015bmierci\u0105 z wycie\u0144czenia \u2013 mo\u017ce w efekcie braku nadziei, rozczarowania doprowadzi\u0107 do samob\u00f3jstwa. Kolejnym czynnikiem ryzyka jest poddanie przymusowej hospitalizacji, co mo\u017ce prowadzi\u0107 do poczucia utraty kontroli nad w\u0142asnym \u017cyciem oraz bezradno\u015bci \u2013 kt\u00f3re to s\u0105 najcz\u0119\u015bciej wymienian\u0105 w literaturze przyczyn\u0105 targni\u0119cia si\u0119 na w\u0142asne \u017cycie. R\u00f3wnie\u017c poczucie bycia nierozumianym przez otoczenie i osamotnionym w chorobie oraz d\u0142ugi czas trwania choroby, stanowi\u0105 ryzyko pope\u0142nienia samob\u00f3jstwa.<\/p>\n\n\n\n<p><strong>Czy typ anoreksji ma znaczenie?<\/strong><\/p>\n\n\n\n<p>Ponadto, badania wskazuj\u0105, \u017ce ryzyko \u015bmierci samob\u00f3jczej jest o 50% wi\u0119ksze w przypadku os\u00f3b choruj\u0105cych na anoreksj\u0119 typu bulimicznego w stosunku do os\u00f3b z anoreksj\u0105 typu restrykcyjnego, co mo\u017ce wynika\u0107 z wi\u0119kszych u tych os\u00f3b trudno\u015bci w zakresie regulacji emocji, impulsywno\u015bci, a wraz z ni\u0105 \u2013 do\u015bwiadczenia utraty kontroli, skutkiem czego mo\u017ce by\u0107 silny, negatywny afekt, poczucie winy, prowadz\u0105ce do pr\u00f3by samob\u00f3jczej.<\/p>\n\n\n\n<p><strong>Podsumowanie<\/strong><\/p>\n\n\n\n<p>Akt samob\u00f3jczy rozumiany jest w literaturze jako alternatywne wyj\u015bcie z trudnej sytuacji, kt\u00f3r\u0105 stanowi\u0107 mo\u017ce anoreksja, b\u0105d\u017a te\u017c jako forma wo\u0142ania o pomoc i zwr\u00f3cenia na siebie uwagi, kt\u00f3rej tak cz\u0119sto nie otrzymuj\u0105 od otoczenia osoby choruj\u0105ce na anoreksj\u0119. W kontek\u015bcie tej choroby, samob\u00f3jstwo mo\u017cna r\u00f3wnie\u017c zinterpretowa\u0107 jako akt samounicestwienia, zniszczenie cia\u0142a, kt\u00f3re stale odbiega od standard\u00f3w. Niestety, jak podaje Pompili, liczba chorych na anoreksj\u0119, kt\u00f3rzy pope\u0142nili samob\u00f3jstwo jest wci\u0105\u017c zbyt nisko szacowana. Opisany w artykule problem \u015bwiadczy o tym, \u017ce niezwykle istotna jest procesie leczenia anoreksji r\u00f3wnie\u017c wsp\u00f3\u0142praca z psychoterapeut\u0105 oraz dzia\u0142ania z zakresu psychoedukacji, kt\u00f3re obejmowa\u0107 powinny zar\u00f3wno pacjenta, jak i jego rodzin\u0119.<\/p>\n\n\n\n<p>Przedstawione przez autorki opisy dw\u00f3ch najcz\u0119stszych przyczyn zgon\u00f3w w przebiegu anorexia nervosa stanowi\u0105 pr\u00f3b\u0119 u\u015bwiadomienia jak niebezpieczn\u0105 chorob\u0105 jest to zaburzenie. Sama tematyka dw\u00f3ch cz\u0119\u015bci artyku\u0142\u00f3w sugeruje, i\u017c do leczenia jad\u0142owstr\u0119tu nale\u017cy zaanga\u017cowa\u0107 wielodyscyplinarny zesp\u00f3\u0142 specjalist\u00f3w, kt\u00f3rzy czuwaliby nad bezpiecze\u0144stwem pacjenta pod k\u0105tem mo\u017cliwych komplikacji somatycznych oraz psychicznych. Pragniemy r\u00f3wnie\u017c zaapelowa\u0107 o niebagatelizowanie niepokoj\u0105cych symptom\u00f3w anoreksji, gdy\u017c jak wskazuj\u0105 dane literaturowe, ryzyko \u015bmierci pacjenta jest o wiele ni\u017csze przy szybkiej reakcji otoczenia i wdro\u017ceniu specjalistycznej interwencji terapeutycznej.<\/p>\n\n\n\n<p><em>Autorki: Aleksandra Walory, Agata Dutkiewicz<\/em><\/p>\n\n\n\n<p><strong>Bibliografia:<\/strong><\/p>\n\n\n\n<p>Kierus, K., Bia\u0142okoz-Kalinowska, I., Piotrowska-Jastrz\u0119bska, J. (2012). Zaburzenia od\u017cywiania u m\u0142odzie\u017cy.&nbsp;<em>Pediatria i Medycyna Rodzinna, 8(4),<\/em>&nbsp;293 \u2013 297<\/p>\n\n\n\n<p>Ringel, E. (1987).&nbsp;<em>Gdy \u017cycie traci sens. Rozwa\u017cania o samob\u00f3jstwie.<\/em>&nbsp;Szczecin: Glob.<\/p>\n\n\n\n<p>Sucha\u0144ska, A., Krysi\u0144ska, K. (2003).&nbsp;<em>Samob\u00f3jstwo \u2013 perspektywa psychologiczna<\/em>. Konin: PWSZ.<\/p>\n\n\n\n<p>Pompili R, Mancinelli J, Ginardi P. (2004) Suicide in anorexia nervosa: a metaanalysis.&nbsp;<em>International Journal of Eating Disorders<\/em>, 36 (1): 99-103.<\/p>\n\n\n\n<p><strong>Przeczytaj tak\u017ce:<\/strong><\/p>\n\n\n\n<p>1. Anoreksja \u2013 choroba \u015bmiertelna, cz.1 przyczyny somatyczne&nbsp;<a href=\"http:\/\/www.centrumzaburzenodzywiania.pl\/anoreksja-choroba-smiertelna-cz-1-przyczyny-somatyczne#comment-form\">http:\/\/www.centrumzaburzenodzywiania.pl\/anoreksja-choroba-smiertelna-cz-1-przyczyny-somatyczne#comment-form<\/a><\/p>\n\n\n\n<p>2. Anoreksja i bulimia \u2013 mo\u017cliwo\u015bci leczenia oferowane w Centrum&nbsp;<a href=\"http:\/\/www.centrumzaburzenodzywiania.pl\/anoreksja-i-bulimia-mozliwosci-leczenia-oferowane-w-centrum\">http:\/\/www.centrumzaburzenodzywiania.pl\/anoreksja-i-bulimia-mozliwosci-leczenia-oferowane-w-centrum<\/a><\/p>\n\n\n\n<p>3. W anorektycznym kokonie&nbsp;<a href=\"http:\/\/www.centrumzaburzenodzywiania.pl\/w-anorektycznym-kokonie\">http:\/\/www.centrumzaburzenodzywiania.pl\/w-anorektycznym-kokonie<\/a><\/p>\n","protected":false},"excerpt":{"rendered":"<p>W historii \u017cycia os\u00f3b z anoreksj\u0105, znale\u017a\u0107 mo\u017cna szereg czynnik\u00f3w predysponuj\u0105cych do kszta\u0142towania si\u0119 u nich tendencji samob\u00f3jczych. R\u00f3wnie\u017c do\u015bwiadczenie choroby jak\u0105 jest anoreksja mo\u017ce wp\u0142yn\u0105\u0107 na wyst\u0119powanie my\u015bli, b\u0105d\u017a podejmowanie pr\u00f3b samob\u00f3jczych. Celem prezentowanego poni\u017cej artyku\u0142u jest zwr\u00f3cenie uwagi, jakie czynniki predysponuj\u0105ce oraz zwi\u0105zane z chorob\u0105, mog\u0105 doprowadzi\u0107 do \u015bmierci samob\u00f3jczej. Dlaczego warto zaj\u0105\u0107 [&hellip;]<\/p>\n","protected":false},"author":3,"featured_media":172,"comment_status":"closed","ping_status":"closed","sticky":false,"template":"","format":"standard","meta":{"_acf_changed":false,"inline_featured_image":false,"footnotes":""},"categories":[2],"tags":[],"class_list":["post-171","post","type-post","status-publish","format-standard","has-post-thumbnail","hentry","category-blog"],"acf":[],"yoast_head":"<!-- This site is optimized with the Yoast SEO plugin v27.4 - https:\/\/yoast.com\/product\/yoast-seo-wordpress\/ -->\n<title>Anoreksja- choroba \u015bmiertelna. Samob\u00f3jstwa. - Strefa Specjalisty - Og\u00f3lnopolskie Centrum Zaburze\u0144 Od\u017cywiania<\/title>\n<meta name=\"description\" content=\"Dowiedz si\u0119, jaki zwi\u0105zek ma anoreksja z my\u015blami samob\u00f3jczymi i dlaczego anoreksja jest jedn\u0105 z chor\u00f3b o najwy\u017cszej \u015bmiertelno\u015bci.\" \/>\n<meta name=\"robots\" content=\"index, follow, max-snippet:-1, max-image-preview:large, max-video-preview:-1\" \/>\n<link rel=\"canonical\" href=\"https:\/\/centrumzaburzenodzywiania.pl\/strefaspecjalisty\/anoreksja-choroba-smiertelna-samobojstwa\/\" \/>\n<meta property=\"og:locale\" content=\"pl_PL\" \/>\n<meta property=\"og:type\" content=\"article\" \/>\n<meta property=\"og:title\" content=\"Anoreksja- choroba \u015bmiertelna. Samob\u00f3jstwa. - Strefa Specjalisty - Og\u00f3lnopolskie Centrum Zaburze\u0144 Od\u017cywiania\" \/>\n<meta property=\"og:description\" content=\"Dowiedz si\u0119, jaki zwi\u0105zek ma anoreksja z my\u015blami samob\u00f3jczymi i dlaczego anoreksja jest jedn\u0105 z chor\u00f3b o najwy\u017cszej \u015bmiertelno\u015bci.\" \/>\n<meta property=\"og:url\" content=\"https:\/\/centrumzaburzenodzywiania.pl\/strefaspecjalisty\/anoreksja-choroba-smiertelna-samobojstwa\/\" \/>\n<meta property=\"og:site_name\" content=\"Strefa Specjalisty - Og\u00f3lnopolskie Centrum Zaburze\u0144 Od\u017cywiania\" \/>\n<meta property=\"article:published_time\" content=\"2021-02-28T11:07:24+00:00\" \/>\n<meta property=\"article:modified_time\" content=\"2026-01-13T14:14:51+00:00\" \/>\n<meta property=\"og:image\" content=\"https:\/\/centrumzaburzenodzywiania.pl\/strefaspecjalisty\/wp-content\/uploads\/2021\/02\/anoreksja-choroba-smiertelna-samobojstwa.jpg\" \/>\n\t<meta property=\"og:image:width\" content=\"2048\" \/>\n\t<meta property=\"og:image:height\" content=\"1536\" \/>\n\t<meta property=\"og:image:type\" content=\"image\/jpeg\" \/>\n<meta name=\"author\" content=\"Monika Piotrowska\" \/>\n<meta name=\"twitter:card\" content=\"summary_large_image\" \/>\n<meta name=\"twitter:label1\" content=\"Napisane przez\" \/>\n\t<meta name=\"twitter:data1\" content=\"Monika Piotrowska\" \/>\n\t<meta name=\"twitter:label2\" content=\"Szacowany czas czytania\" \/>\n\t<meta name=\"twitter:data2\" content=\"5 minut\" \/>\n<script type=\"application\/ld+json\" class=\"yoast-schema-graph\">{\"@context\":\"https:\\\/\\\/schema.org\",\"@graph\":[{\"@type\":\"Article\",\"@id\":\"https:\\\/\\\/centrumzaburzenodzywiania.pl\\\/strefaspecjalisty\\\/anoreksja-choroba-smiertelna-samobojstwa\\\/#article\",\"isPartOf\":{\"@id\":\"https:\\\/\\\/centrumzaburzenodzywiania.pl\\\/strefaspecjalisty\\\/anoreksja-choroba-smiertelna-samobojstwa\\\/\"},\"author\":{\"name\":\"Monika Piotrowska\",\"@id\":\"https:\\\/\\\/centrumzaburzenodzywiania.pl\\\/strefaspecjalisty\\\/#\\\/schema\\\/person\\\/4bb57bd5e4bd7d5f41cee36db68e8395\"},\"headline\":\"Anoreksja- choroba \u015bmiertelna. Samob\u00f3jstwa.\",\"datePublished\":\"2021-02-28T11:07:24+00:00\",\"dateModified\":\"2026-01-13T14:14:51+00:00\",\"mainEntityOfPage\":{\"@id\":\"https:\\\/\\\/centrumzaburzenodzywiania.pl\\\/strefaspecjalisty\\\/anoreksja-choroba-smiertelna-samobojstwa\\\/\"},\"wordCount\":929,\"publisher\":{\"@id\":\"https:\\\/\\\/centrumzaburzenodzywiania.pl\\\/strefaspecjalisty\\\/#organization\"},\"image\":{\"@id\":\"https:\\\/\\\/centrumzaburzenodzywiania.pl\\\/strefaspecjalisty\\\/anoreksja-choroba-smiertelna-samobojstwa\\\/#primaryimage\"},\"thumbnailUrl\":\"https:\\\/\\\/centrumzaburzenodzywiania.pl\\\/strefaspecjalisty\\\/wp-content\\\/uploads\\\/2021\\\/02\\\/anoreksja-choroba-smiertelna-samobojstwa.jpg\",\"articleSection\":[\"Blog\"],\"inLanguage\":\"pl-PL\"},{\"@type\":\"WebPage\",\"@id\":\"https:\\\/\\\/centrumzaburzenodzywiania.pl\\\/strefaspecjalisty\\\/anoreksja-choroba-smiertelna-samobojstwa\\\/\",\"url\":\"https:\\\/\\\/centrumzaburzenodzywiania.pl\\\/strefaspecjalisty\\\/anoreksja-choroba-smiertelna-samobojstwa\\\/\",\"name\":\"Anoreksja- choroba \u015bmiertelna. Samob\u00f3jstwa. - Strefa Specjalisty - Og\u00f3lnopolskie Centrum Zaburze\u0144 Od\u017cywiania\",\"isPartOf\":{\"@id\":\"https:\\\/\\\/centrumzaburzenodzywiania.pl\\\/strefaspecjalisty\\\/#website\"},\"primaryImageOfPage\":{\"@id\":\"https:\\\/\\\/centrumzaburzenodzywiania.pl\\\/strefaspecjalisty\\\/anoreksja-choroba-smiertelna-samobojstwa\\\/#primaryimage\"},\"image\":{\"@id\":\"https:\\\/\\\/centrumzaburzenodzywiania.pl\\\/strefaspecjalisty\\\/anoreksja-choroba-smiertelna-samobojstwa\\\/#primaryimage\"},\"thumbnailUrl\":\"https:\\\/\\\/centrumzaburzenodzywiania.pl\\\/strefaspecjalisty\\\/wp-content\\\/uploads\\\/2021\\\/02\\\/anoreksja-choroba-smiertelna-samobojstwa.jpg\",\"datePublished\":\"2021-02-28T11:07:24+00:00\",\"dateModified\":\"2026-01-13T14:14:51+00:00\",\"description\":\"Dowiedz si\u0119, jaki zwi\u0105zek ma anoreksja z my\u015blami samob\u00f3jczymi i dlaczego anoreksja jest jedn\u0105 z chor\u00f3b o najwy\u017cszej \u015bmiertelno\u015bci.\",\"breadcrumb\":{\"@id\":\"https:\\\/\\\/centrumzaburzenodzywiania.pl\\\/strefaspecjalisty\\\/anoreksja-choroba-smiertelna-samobojstwa\\\/#breadcrumb\"},\"inLanguage\":\"pl-PL\",\"potentialAction\":[{\"@type\":\"ReadAction\",\"target\":[\"https:\\\/\\\/centrumzaburzenodzywiania.pl\\\/strefaspecjalisty\\\/anoreksja-choroba-smiertelna-samobojstwa\\\/\"]}]},{\"@type\":\"ImageObject\",\"inLanguage\":\"pl-PL\",\"@id\":\"https:\\\/\\\/centrumzaburzenodzywiania.pl\\\/strefaspecjalisty\\\/anoreksja-choroba-smiertelna-samobojstwa\\\/#primaryimage\",\"url\":\"https:\\\/\\\/centrumzaburzenodzywiania.pl\\\/strefaspecjalisty\\\/wp-content\\\/uploads\\\/2021\\\/02\\\/anoreksja-choroba-smiertelna-samobojstwa.jpg\",\"contentUrl\":\"https:\\\/\\\/centrumzaburzenodzywiania.pl\\\/strefaspecjalisty\\\/wp-content\\\/uploads\\\/2021\\\/02\\\/anoreksja-choroba-smiertelna-samobojstwa.jpg\",\"width\":2048,\"height\":1536},{\"@type\":\"BreadcrumbList\",\"@id\":\"https:\\\/\\\/centrumzaburzenodzywiania.pl\\\/strefaspecjalisty\\\/anoreksja-choroba-smiertelna-samobojstwa\\\/#breadcrumb\",\"itemListElement\":[{\"@type\":\"ListItem\",\"position\":1,\"name\":\"Strona g\u0142\u00f3wna\",\"item\":\"https:\\\/\\\/centrumzaburzenodzywiania.pl\\\/strefaspecjalisty\\\/\"},{\"@type\":\"ListItem\",\"position\":2,\"name\":\"Anoreksja- choroba \u015bmiertelna. Samob\u00f3jstwa.\"}]},{\"@type\":\"WebSite\",\"@id\":\"https:\\\/\\\/centrumzaburzenodzywiania.pl\\\/strefaspecjalisty\\\/#website\",\"url\":\"https:\\\/\\\/centrumzaburzenodzywiania.pl\\\/strefaspecjalisty\\\/\",\"name\":\"Strefa Specjalisty - Og\u00f3lnopolskie Centrum Zaburze\u0144 Od\u017cywiania\",\"description\":\"Strefa Specjalisty - Og\u00f3lnopolskie Centrum Zaburze\u0144 Od\u017cywiania\",\"publisher\":{\"@id\":\"https:\\\/\\\/centrumzaburzenodzywiania.pl\\\/strefaspecjalisty\\\/#organization\"},\"potentialAction\":[{\"@type\":\"SearchAction\",\"target\":{\"@type\":\"EntryPoint\",\"urlTemplate\":\"https:\\\/\\\/centrumzaburzenodzywiania.pl\\\/strefaspecjalisty\\\/?s={search_term_string}\"},\"query-input\":{\"@type\":\"PropertyValueSpecification\",\"valueRequired\":true,\"valueName\":\"search_term_string\"}}],\"inLanguage\":\"pl-PL\"},{\"@type\":\"Organization\",\"@id\":\"https:\\\/\\\/centrumzaburzenodzywiania.pl\\\/strefaspecjalisty\\\/#organization\",\"name\":\"Strefa Specjalisty - Og\u00f3lnopolskie Centrum Zaburze\u0144 Od\u017cywiania\",\"url\":\"https:\\\/\\\/centrumzaburzenodzywiania.pl\\\/strefaspecjalisty\\\/\",\"logo\":{\"@type\":\"ImageObject\",\"inLanguage\":\"pl-PL\",\"@id\":\"https:\\\/\\\/centrumzaburzenodzywiania.pl\\\/strefaspecjalisty\\\/#\\\/schema\\\/logo\\\/image\\\/\",\"url\":\"https:\\\/\\\/centrumzaburzenodzywiania.pl\\\/strefaspecjalisty\\\/wp-content\\\/uploads\\\/2025\\\/11\\\/logo.png\",\"contentUrl\":\"https:\\\/\\\/centrumzaburzenodzywiania.pl\\\/strefaspecjalisty\\\/wp-content\\\/uploads\\\/2025\\\/11\\\/logo.png\",\"width\":141,\"height\":54,\"caption\":\"Strefa Specjalisty - Og\u00f3lnopolskie Centrum Zaburze\u0144 Od\u017cywiania\"},\"image\":{\"@id\":\"https:\\\/\\\/centrumzaburzenodzywiania.pl\\\/strefaspecjalisty\\\/#\\\/schema\\\/logo\\\/image\\\/\"}},{\"@type\":\"Person\",\"@id\":\"https:\\\/\\\/centrumzaburzenodzywiania.pl\\\/strefaspecjalisty\\\/#\\\/schema\\\/person\\\/4bb57bd5e4bd7d5f41cee36db68e8395\",\"name\":\"Monika Piotrowska\",\"image\":{\"@type\":\"ImageObject\",\"inLanguage\":\"pl-PL\",\"@id\":\"https:\\\/\\\/secure.gravatar.com\\\/avatar\\\/f10ad2822576477d416c760a199900e38d61b307c4b95b8675199d3e39a811b3?s=96&d=mm&r=g\",\"url\":\"https:\\\/\\\/secure.gravatar.com\\\/avatar\\\/f10ad2822576477d416c760a199900e38d61b307c4b95b8675199d3e39a811b3?s=96&d=mm&r=g\",\"contentUrl\":\"https:\\\/\\\/secure.gravatar.com\\\/avatar\\\/f10ad2822576477d416c760a199900e38d61b307c4b95b8675199d3e39a811b3?s=96&d=mm&r=g\",\"caption\":\"Monika Piotrowska\"},\"url\":\"https:\\\/\\\/centrumzaburzenodzywiania.pl\\\/strefaspecjalisty\\\/author\\\/piotrowska1monikagmail-com\\\/\"}]}<\/script>\n<!-- \/ Yoast SEO plugin. -->","yoast_head_json":{"title":"Anoreksja- choroba \u015bmiertelna. Samob\u00f3jstwa. - Strefa Specjalisty - Og\u00f3lnopolskie Centrum Zaburze\u0144 Od\u017cywiania","description":"Dowiedz si\u0119, jaki zwi\u0105zek ma anoreksja z my\u015blami samob\u00f3jczymi i dlaczego anoreksja jest jedn\u0105 z chor\u00f3b o najwy\u017cszej \u015bmiertelno\u015bci.","robots":{"index":"index","follow":"follow","max-snippet":"max-snippet:-1","max-image-preview":"max-image-preview:large","max-video-preview":"max-video-preview:-1"},"canonical":"https:\/\/centrumzaburzenodzywiania.pl\/strefaspecjalisty\/anoreksja-choroba-smiertelna-samobojstwa\/","og_locale":"pl_PL","og_type":"article","og_title":"Anoreksja- choroba \u015bmiertelna. Samob\u00f3jstwa. - Strefa Specjalisty - Og\u00f3lnopolskie Centrum Zaburze\u0144 Od\u017cywiania","og_description":"Dowiedz si\u0119, jaki zwi\u0105zek ma anoreksja z my\u015blami samob\u00f3jczymi i dlaczego anoreksja jest jedn\u0105 z chor\u00f3b o najwy\u017cszej \u015bmiertelno\u015bci.","og_url":"https:\/\/centrumzaburzenodzywiania.pl\/strefaspecjalisty\/anoreksja-choroba-smiertelna-samobojstwa\/","og_site_name":"Strefa Specjalisty - Og\u00f3lnopolskie Centrum Zaburze\u0144 Od\u017cywiania","article_published_time":"2021-02-28T11:07:24+00:00","article_modified_time":"2026-01-13T14:14:51+00:00","og_image":[{"width":2048,"height":1536,"url":"https:\/\/centrumzaburzenodzywiania.pl\/strefaspecjalisty\/wp-content\/uploads\/2021\/02\/anoreksja-choroba-smiertelna-samobojstwa.jpg","type":"image\/jpeg"}],"author":"Monika Piotrowska","twitter_card":"summary_large_image","twitter_misc":{"Napisane przez":"Monika Piotrowska","Szacowany czas czytania":"5 minut"},"schema":{"@context":"https:\/\/schema.org","@graph":[{"@type":"Article","@id":"https:\/\/centrumzaburzenodzywiania.pl\/strefaspecjalisty\/anoreksja-choroba-smiertelna-samobojstwa\/#article","isPartOf":{"@id":"https:\/\/centrumzaburzenodzywiania.pl\/strefaspecjalisty\/anoreksja-choroba-smiertelna-samobojstwa\/"},"author":{"name":"Monika Piotrowska","@id":"https:\/\/centrumzaburzenodzywiania.pl\/strefaspecjalisty\/#\/schema\/person\/4bb57bd5e4bd7d5f41cee36db68e8395"},"headline":"Anoreksja- choroba \u015bmiertelna. Samob\u00f3jstwa.","datePublished":"2021-02-28T11:07:24+00:00","dateModified":"2026-01-13T14:14:51+00:00","mainEntityOfPage":{"@id":"https:\/\/centrumzaburzenodzywiania.pl\/strefaspecjalisty\/anoreksja-choroba-smiertelna-samobojstwa\/"},"wordCount":929,"publisher":{"@id":"https:\/\/centrumzaburzenodzywiania.pl\/strefaspecjalisty\/#organization"},"image":{"@id":"https:\/\/centrumzaburzenodzywiania.pl\/strefaspecjalisty\/anoreksja-choroba-smiertelna-samobojstwa\/#primaryimage"},"thumbnailUrl":"https:\/\/centrumzaburzenodzywiania.pl\/strefaspecjalisty\/wp-content\/uploads\/2021\/02\/anoreksja-choroba-smiertelna-samobojstwa.jpg","articleSection":["Blog"],"inLanguage":"pl-PL"},{"@type":"WebPage","@id":"https:\/\/centrumzaburzenodzywiania.pl\/strefaspecjalisty\/anoreksja-choroba-smiertelna-samobojstwa\/","url":"https:\/\/centrumzaburzenodzywiania.pl\/strefaspecjalisty\/anoreksja-choroba-smiertelna-samobojstwa\/","name":"Anoreksja- choroba \u015bmiertelna. Samob\u00f3jstwa. - Strefa Specjalisty - Og\u00f3lnopolskie Centrum Zaburze\u0144 Od\u017cywiania","isPartOf":{"@id":"https:\/\/centrumzaburzenodzywiania.pl\/strefaspecjalisty\/#website"},"primaryImageOfPage":{"@id":"https:\/\/centrumzaburzenodzywiania.pl\/strefaspecjalisty\/anoreksja-choroba-smiertelna-samobojstwa\/#primaryimage"},"image":{"@id":"https:\/\/centrumzaburzenodzywiania.pl\/strefaspecjalisty\/anoreksja-choroba-smiertelna-samobojstwa\/#primaryimage"},"thumbnailUrl":"https:\/\/centrumzaburzenodzywiania.pl\/strefaspecjalisty\/wp-content\/uploads\/2021\/02\/anoreksja-choroba-smiertelna-samobojstwa.jpg","datePublished":"2021-02-28T11:07:24+00:00","dateModified":"2026-01-13T14:14:51+00:00","description":"Dowiedz si\u0119, jaki zwi\u0105zek ma anoreksja z my\u015blami samob\u00f3jczymi i dlaczego anoreksja jest jedn\u0105 z chor\u00f3b o najwy\u017cszej \u015bmiertelno\u015bci.","breadcrumb":{"@id":"https:\/\/centrumzaburzenodzywiania.pl\/strefaspecjalisty\/anoreksja-choroba-smiertelna-samobojstwa\/#breadcrumb"},"inLanguage":"pl-PL","potentialAction":[{"@type":"ReadAction","target":["https:\/\/centrumzaburzenodzywiania.pl\/strefaspecjalisty\/anoreksja-choroba-smiertelna-samobojstwa\/"]}]},{"@type":"ImageObject","inLanguage":"pl-PL","@id":"https:\/\/centrumzaburzenodzywiania.pl\/strefaspecjalisty\/anoreksja-choroba-smiertelna-samobojstwa\/#primaryimage","url":"https:\/\/centrumzaburzenodzywiania.pl\/strefaspecjalisty\/wp-content\/uploads\/2021\/02\/anoreksja-choroba-smiertelna-samobojstwa.jpg","contentUrl":"https:\/\/centrumzaburzenodzywiania.pl\/strefaspecjalisty\/wp-content\/uploads\/2021\/02\/anoreksja-choroba-smiertelna-samobojstwa.jpg","width":2048,"height":1536},{"@type":"BreadcrumbList","@id":"https:\/\/centrumzaburzenodzywiania.pl\/strefaspecjalisty\/anoreksja-choroba-smiertelna-samobojstwa\/#breadcrumb","itemListElement":[{"@type":"ListItem","position":1,"name":"Strona g\u0142\u00f3wna","item":"https:\/\/centrumzaburzenodzywiania.pl\/strefaspecjalisty\/"},{"@type":"ListItem","position":2,"name":"Anoreksja- choroba \u015bmiertelna. Samob\u00f3jstwa."}]},{"@type":"WebSite","@id":"https:\/\/centrumzaburzenodzywiania.pl\/strefaspecjalisty\/#website","url":"https:\/\/centrumzaburzenodzywiania.pl\/strefaspecjalisty\/","name":"Strefa Specjalisty - Og\u00f3lnopolskie Centrum Zaburze\u0144 Od\u017cywiania","description":"Strefa Specjalisty - Og\u00f3lnopolskie Centrum Zaburze\u0144 Od\u017cywiania","publisher":{"@id":"https:\/\/centrumzaburzenodzywiania.pl\/strefaspecjalisty\/#organization"},"potentialAction":[{"@type":"SearchAction","target":{"@type":"EntryPoint","urlTemplate":"https:\/\/centrumzaburzenodzywiania.pl\/strefaspecjalisty\/?s={search_term_string}"},"query-input":{"@type":"PropertyValueSpecification","valueRequired":true,"valueName":"search_term_string"}}],"inLanguage":"pl-PL"},{"@type":"Organization","@id":"https:\/\/centrumzaburzenodzywiania.pl\/strefaspecjalisty\/#organization","name":"Strefa Specjalisty - Og\u00f3lnopolskie Centrum Zaburze\u0144 Od\u017cywiania","url":"https:\/\/centrumzaburzenodzywiania.pl\/strefaspecjalisty\/","logo":{"@type":"ImageObject","inLanguage":"pl-PL","@id":"https:\/\/centrumzaburzenodzywiania.pl\/strefaspecjalisty\/#\/schema\/logo\/image\/","url":"https:\/\/centrumzaburzenodzywiania.pl\/strefaspecjalisty\/wp-content\/uploads\/2025\/11\/logo.png","contentUrl":"https:\/\/centrumzaburzenodzywiania.pl\/strefaspecjalisty\/wp-content\/uploads\/2025\/11\/logo.png","width":141,"height":54,"caption":"Strefa Specjalisty - Og\u00f3lnopolskie Centrum Zaburze\u0144 Od\u017cywiania"},"image":{"@id":"https:\/\/centrumzaburzenodzywiania.pl\/strefaspecjalisty\/#\/schema\/logo\/image\/"}},{"@type":"Person","@id":"https:\/\/centrumzaburzenodzywiania.pl\/strefaspecjalisty\/#\/schema\/person\/4bb57bd5e4bd7d5f41cee36db68e8395","name":"Monika Piotrowska","image":{"@type":"ImageObject","inLanguage":"pl-PL","@id":"https:\/\/secure.gravatar.com\/avatar\/f10ad2822576477d416c760a199900e38d61b307c4b95b8675199d3e39a811b3?s=96&d=mm&r=g","url":"https:\/\/secure.gravatar.com\/avatar\/f10ad2822576477d416c760a199900e38d61b307c4b95b8675199d3e39a811b3?s=96&d=mm&r=g","contentUrl":"https:\/\/secure.gravatar.com\/avatar\/f10ad2822576477d416c760a199900e38d61b307c4b95b8675199d3e39a811b3?s=96&d=mm&r=g","caption":"Monika Piotrowska"},"url":"https:\/\/centrumzaburzenodzywiania.pl\/strefaspecjalisty\/author\/piotrowska1monikagmail-com\/"}]}},"_links":{"self":[{"href":"https:\/\/centrumzaburzenodzywiania.pl\/strefaspecjalisty\/wp-json\/wp\/v2\/posts\/171","targetHints":{"allow":["GET"]}}],"collection":[{"href":"https:\/\/centrumzaburzenodzywiania.pl\/strefaspecjalisty\/wp-json\/wp\/v2\/posts"}],"about":[{"href":"https:\/\/centrumzaburzenodzywiania.pl\/strefaspecjalisty\/wp-json\/wp\/v2\/types\/post"}],"author":[{"embeddable":true,"href":"https:\/\/centrumzaburzenodzywiania.pl\/strefaspecjalisty\/wp-json\/wp\/v2\/users\/3"}],"replies":[{"embeddable":true,"href":"https:\/\/centrumzaburzenodzywiania.pl\/strefaspecjalisty\/wp-json\/wp\/v2\/comments?post=171"}],"version-history":[{"count":2,"href":"https:\/\/centrumzaburzenodzywiania.pl\/strefaspecjalisty\/wp-json\/wp\/v2\/posts\/171\/revisions"}],"predecessor-version":[{"id":3713,"href":"https:\/\/centrumzaburzenodzywiania.pl\/strefaspecjalisty\/wp-json\/wp\/v2\/posts\/171\/revisions\/3713"}],"wp:featuredmedia":[{"embeddable":true,"href":"https:\/\/centrumzaburzenodzywiania.pl\/strefaspecjalisty\/wp-json\/wp\/v2\/media\/172"}],"wp:attachment":[{"href":"https:\/\/centrumzaburzenodzywiania.pl\/strefaspecjalisty\/wp-json\/wp\/v2\/media?parent=171"}],"wp:term":[{"taxonomy":"category","embeddable":true,"href":"https:\/\/centrumzaburzenodzywiania.pl\/strefaspecjalisty\/wp-json\/wp\/v2\/categories?post=171"},{"taxonomy":"post_tag","embeddable":true,"href":"https:\/\/centrumzaburzenodzywiania.pl\/strefaspecjalisty\/wp-json\/wp\/v2\/tags?post=171"}],"curies":[{"name":"wp","href":"https:\/\/api.w.org\/{rel}","templated":true}]}}