{"id":164,"date":"2021-02-28T12:04:51","date_gmt":"2021-02-28T11:04:51","guid":{"rendered":"https:\/\/centrumzaburzenodzywiania.pl\/strefaspecjalisty\/?p=164"},"modified":"2026-01-13T15:19:01","modified_gmt":"2026-01-13T14:19:01","slug":"weightism-czyli-otyli-lekko-nie-maja-o-dyskryminacji-osob-z-nadmierna-masa-ciala","status":"publish","type":"post","link":"https:\/\/centrumzaburzenodzywiania.pl\/strefaspecjalisty\/weightism-czyli-otyli-lekko-nie-maja-o-dyskryminacji-osob-z-nadmierna-masa-ciala\/","title":{"rendered":"Weightism, czyli otyli lekko nie maj\u0105 \u2013 o dyskryminacji os\u00f3b z nadmiern\u0105 mas\u0105 cia\u0142a."},"content":{"rendered":"\n<p>Statystyki bij\u0105 na alarm \u2013 mamy epidemi\u0119 oty\u0142o\u015bci. Z najnowszego raportu opublikowanego przez Lancet wynika, \u017ce na \u015bwiecie jest a\u017c 671 mln ludzi z BMI wy\u017cszym b\u0105d\u017a r\u00f3wnym 30 kg\/m2. Gdy we\u017amiemy pod uwag\u0119 r\u00f3wnie\u017c osoby z nadwag\u0105 (BMI w zakresie 25-29,9 kg\/m2) problem nabiera (dos\u0142ownie i w przeno\u015bni) jeszcze wi\u0119kszych rozmiar\u00f3w \u2013 2,1 mld ludzi (czyli co trzeci cz\u0142owiek na \u015bwiecie) ma nadmiern\u0105 mas\u0119 cia\u0142a.&nbsp;W 2025 r. a\u017c 2,7 mld ludzi, czyli co czwarta osoba na \u015bwiecie, mo\u017ce cierpie\u0107 z powodu nadwagi lub oty\u0142o\u015bci \u2013 alarmuje World Obesity Federation. W Polsce nadwag\u0119 lub oty\u0142o\u015b\u0107 ma ju\u017c 64 proc. m\u0119\u017cczyzn i 49 proc. kobiet.<\/p>\n\n\n\n<p>Zdrowotnych konsekwencji utrzymywania si\u0119 nadmiernej masy cia\u0142a znamy mn\u00f3stwo. Do powik\u0142a\u0144 oty\u0142o\u015bci prostej nale\u017c\u0105 mi\u0119dzy innymi: insulinooporno\u015b\u0107 i cukrzyca typu 2., nadci\u015bnienie t\u0119tnicze, dyslipidemia, mia\u017cd\u017cyca, choroba niedokrwienna serca, st\u0142uszczenie w\u0105troby, kamica \u017c\u00f3\u0142ciowa, bezdech senny, zwyrodnienia kr\u0119gos\u0142upa, niekt\u00f3re rodzaje nowotwor\u00f3w, zesp\u00f3\u0142 policystycznych jajnik\u00f3w, nierzadko pojawiaj\u0105 si\u0119 r\u00f3wnie\u017c zaburzenia cyklu menstruacyjnego z zanikiem owulacji, co mo\u017ce by\u0107 przyczyn\u0105 tymczasowej bezp\u0142odno\u015bci u oty\u0142ych kobiet. Wiedza na temat tych zaburze\u0144 jest systematycznie uaktualniania, a specjali\u015bci d\u0105\u017c\u0105 nie tylko do zwi\u0119kszenia efektywno\u015bci leczenia wymienionych jednostek chorobowych, ale tak\u017ce coraz wi\u0119ksz\u0105 wag\u0119 przyk\u0142ada si\u0119 do profilaktyki. W zwi\u0105zku z tym powstaje wiele program\u00f3w edukacyjnych u\u015bwiadamiaj\u0105cych spo\u0142ecze\u0144stwo o negatywnych skutkach zdrowotnych oty\u0142o\u015bci i mo\u017cna zaryzykowa\u0107 stwierdzenie, \u017ce z pokolenia na pokolenia ta \u015bwiadomo\u015b\u0107 b\u0119dzie wzrasta\u0107. Jednak czy zdajemy sobie spraw\u0119 ze spo\u0142ecznych konsekwencji nadmiernej masy cia\u0142a?<\/p>\n\n\n\n<p>W kulturze wsp\u00f3\u0142czesnej, w kt\u00f3rej dominuje kult pi\u0119kna (w tym szczup\u0142o\u015bci), zdrowia, sprawno\u015bci fizycznej, wykszta\u0142ci\u0142o si\u0119 specyficzne postrzeganie os\u00f3b oty\u0142ych jako leniwych, pozbawionych motywacji i samodyscypliny, niezdolnych do zadbania o siebie, niezaradnych \u017cyciowo. Dyskryminacja oty\u0142o\u015bci sta\u0142a si\u0119 powszechnym zjawiskiem spo\u0142ecznym, coraz cz\u0119\u015bciej okre\u015bla si\u0119 j\u0105 jako \u201eweightism\u201d. Uwidacznia si\u0119 szczeg\u00f3lnie w mediach, w kt\u00f3rych osoby oty\u0142e w zasadzie nie wyst\u0119puj\u0105 lub pojawiaj\u0105 si\u0119 sporadycznie, najcz\u0119\u015bciej w&nbsp;reklamach \u015brodk\u00f3w odchudzaj\u0105cych.<\/p>\n\n\n\n<p>Dane literaturowe sugeruj\u0105, \u017ce takim stereotypowym my\u015bleniem kieruj\u0105 si\u0119 te\u017c potencjalni pracodawcy \u2013 uwa\u017canie os\u00f3b z nadmiern\u0105 mas\u0105 cia\u0142a za mniej kompetentne i przede wszystkim mniej produktywne w por\u00f3wnaniu ze szczup\u0142ymi pracownikami prowadzi do dyskryminacji oty\u0142ych podczas proces\u00f3w rekrutacyjnych, podejmowaniu decyzji o&nbsp;przydzielaniu awans\u00f3w i podwy\u017cek. Puhl i Heuer do objaw\u00f3w stygmatyzacji oty\u0142o\u015bci na rynku pracy dodaj\u0105 tak\u017ce ni\u017csze \u015brednie zarobki, cz\u0119stsze zwolnienia, negatywne komentarze i \u017carty na temat masy cia\u0142a wyg\u0142aszane przez wsp\u00f3\u0142pracownik\u00f3w i prze\u0142o\u017conych.<\/p>\n\n\n\n<p>Od stereotypizacji i stygmatyzacji oty\u0142o\u015bci nie s\u0105 wolni nawet\u2026 pracownicy s\u0142u\u017cby zdrowia. Wydaje si\u0119 to zaskakuj\u0105ce, poniewa\u017c od przedstawicieli zawod\u00f3w medycznych, zw\u0142aszcza tych, kt\u00f3rzy maj\u0105 bezpo\u015bredni kontakt z pacjentem, oczekuje si\u0119 empatycznej postawy, tolerancji, poszanowania godno\u015bci cz\u0142owieka w trudnej sytuacji, jak\u0105 jest choroba. W&nbsp;rzeczywisto\u015bci natomiast otyli pacjenci podczas wizyt lekarskich bardzo cz\u0119sto spotykaj\u0105 si\u0119 z pejoratywnymi komentarzami i \u017cartami na temat ich tuszy, kt\u00f3re wychodz\u0105 poza ramy profesjonalnego lekarskiego zalecenia redukcji masy cia\u0142a. Badania przeprowadzone przez Huizinga i wsp. dowiod\u0142y, \u017ce lekarze mniej anga\u017cowali si\u0119 w pomoc pacjentom oty\u0142ym ni\u017c tym z prawid\u0142ow\u0105 mas\u0105 cia\u0142a. Te same badania wskaza\u0142y, \u017ce ju\u017c nawet studenci medycyny cechuj\u0105 si\u0119 nisk\u0105 empati\u0105 wobec os\u00f3b oty\u0142ych i tendencj\u0105 do powielania spo\u0142ecznych stereotyp\u00f3w. Polskie badania autorstwa Si\u0144skiej i wsp. przedstawiaj\u0105 analiz\u0119 postaw piel\u0119gniarek wobec oty\u0142ych pacjent\u00f3w. Wyniki tej analizy wykaza\u0142y, \u017ce prawie po\u0142owa z&nbsp;respondentek powiela\u0142a stereotypowy obraz osoby z nadmiern\u0105 mas\u0105 cia\u0142a charakteryzuj\u0105c j\u0105 jako leniw\u0105, lekcewa\u017c\u0105c\u0105 w\u0142asne zdrowie i higien\u0119 osobist\u0105, zaniedban\u0105, nieatrakcyjn\u0105. Co ciekawe, w badaniu wykazano, i\u017c \u015brodowisko piel\u0119gniarek ma \u015bwiadomo\u015b\u0107 stygmatyzacji pacjent\u00f3w z nadmiern\u0105 mas\u0105 cia\u0142a objawiaj\u0105cej si\u0119 lekcewa\u017ceniem, negatywnymi komentarzami, a tak\u017ce mniejszym zrozumieniem ze strony pracownik\u00f3w ochrony zdrowia.<\/p>\n\n\n\n<p>Na podstawie wy\u017cej wymienionych przyk\u0142ad\u00f3w dyskryminacji oty\u0142o\u015bci uwidacznia si\u0119 problem z zaspokajaniem podstawowych potrzeb \u2013 stygmatyzacja utrudnia korzystanie z&nbsp;opieki medycznej oraz utrzymanie si\u0119 na rynku pracy, co znacz\u0105co obni\u017ca jako\u015b\u0107 \u017cycia os\u00f3b z nadmiern\u0105 mas\u0105 cia\u0142a. Wszechobecny w kulturze masowej \u201eweightism\u201d mo\u017ce przyczynia\u0107 si\u0119 do obni\u017cenia samooceny, poczucia alienacji, a nawet wycofania si\u0119 z kontakt\u00f3w spo\u0142ecznych. Warto zauwa\u017cy\u0107, \u017ce brak wsparcia podczas terapii, trudna sytuacja materialna, negatywne czynniki emocjonalne oraz stygmatyzacja spo\u0142eczna na pewno nie pomagaj\u0105 w&nbsp;walce z chorob\u0105 jak\u0105 jest oty\u0142o\u015b\u0107, wr\u0119cz mog\u0105 powodowa\u0107 jej dalszy rozw\u00f3j. Jest to mechanizm b\u0142\u0119dnego ko\u0142a, kt\u00f3ry mo\u017cemy przerwa\u0107 jedynie poprzez zerwanie ze stereotypowym my\u015bleniem o osobach z nadmiern\u0105 mas\u0105 cia\u0142a.<\/p>\n\n\n\n<p><em>Autor: Agata Dutkiewicz<\/em><\/p>\n\n\n\n<p><em>\u0179r\u00f3d\u0142a:<\/em><\/p>\n\n\n\n<p><em>Puhl R.M., Heuer C.A., The Stigma of Obesity: A Review and Update. Obesity 2009; 17(5): 941-964.<\/em><\/p>\n\n\n\n<p><em>Michon P., Oty\u0142o\u015b\u0107 i nadwaga a jako\u015b\u0107 \u017cycia Polak\u00f3w.<\/em><\/p>\n\n\n\n<p><em>Huizinga MM i wsp. Physician respect for patients with obesity. Journal of General Internal Medicine 2009, 24(11): 1236-1239.<\/em><\/p>\n\n\n\n<p><em>Si\u0144ska B., Kucharska A., Zegan M., Michota-Katulska E., Ziemi\u0144ska D., Postawy piel\u0119gniarek wobec oty\u0142ych pacjent\u00f3w \u2013 badania pilota\u017cowe. Problemy Higieny i Epidemiologii 2014; 95 (1): 161-164.<\/em><\/p>\n","protected":false},"excerpt":{"rendered":"<p>Statystyki bij\u0105 na alarm \u2013 mamy epidemi\u0119 oty\u0142o\u015bci. Z najnowszego raportu opublikowanego przez Lancet wynika, \u017ce na \u015bwiecie jest a\u017c 671 mln ludzi z BMI wy\u017cszym b\u0105d\u017a r\u00f3wnym 30 kg\/m2. Gdy we\u017amiemy pod uwag\u0119 r\u00f3wnie\u017c osoby z nadwag\u0105 (BMI w zakresie 25-29,9 kg\/m2) problem nabiera (dos\u0142ownie i w przeno\u015bni) jeszcze wi\u0119kszych rozmiar\u00f3w \u2013 2,1 mld [&hellip;]<\/p>\n","protected":false},"author":3,"featured_media":165,"comment_status":"closed","ping_status":"closed","sticky":false,"template":"","format":"standard","meta":{"_acf_changed":false,"inline_featured_image":false,"footnotes":""},"categories":[2],"tags":[],"class_list":["post-164","post","type-post","status-publish","format-standard","has-post-thumbnail","hentry","category-blog"],"acf":[],"yoast_head":"<!-- This site is optimized with the Yoast SEO plugin v27.4 - https:\/\/yoast.com\/product\/yoast-seo-wordpress\/ -->\n<title>Weightism - o dyskryminacji os\u00f3b z nadmiern\u0105 mas\u0105 cia\u0142a - Blog - Strefa Specjalisty - Og\u00f3lnopolskie Centrum Zaburze\u0144 Od\u017cywiania<\/title>\n<meta name=\"description\" content=\"Dowiedz si\u0119, czym jest weightism i jak osoby z nadmiern\u0105 mas\u0105 cia\u0142a s\u0105 dyskryminowane we wsp\u00f3\u0142czesnej kulturze.\" \/>\n<meta name=\"robots\" content=\"index, follow, max-snippet:-1, max-image-preview:large, max-video-preview:-1\" \/>\n<link rel=\"canonical\" href=\"https:\/\/centrumzaburzenodzywiania.pl\/strefaspecjalisty\/weightism-czyli-otyli-lekko-nie-maja-o-dyskryminacji-osob-z-nadmierna-masa-ciala\/\" \/>\n<meta property=\"og:locale\" content=\"pl_PL\" \/>\n<meta property=\"og:type\" content=\"article\" \/>\n<meta property=\"og:title\" content=\"Weightism - o dyskryminacji os\u00f3b z nadmiern\u0105 mas\u0105 cia\u0142a - Blog - Strefa Specjalisty - Og\u00f3lnopolskie Centrum Zaburze\u0144 Od\u017cywiania\" \/>\n<meta property=\"og:description\" content=\"Dowiedz si\u0119, czym jest weightism i jak osoby z nadmiern\u0105 mas\u0105 cia\u0142a s\u0105 dyskryminowane we wsp\u00f3\u0142czesnej kulturze.\" \/>\n<meta property=\"og:url\" content=\"https:\/\/centrumzaburzenodzywiania.pl\/strefaspecjalisty\/weightism-czyli-otyli-lekko-nie-maja-o-dyskryminacji-osob-z-nadmierna-masa-ciala\/\" \/>\n<meta property=\"og:site_name\" content=\"Strefa Specjalisty - Og\u00f3lnopolskie Centrum Zaburze\u0144 Od\u017cywiania\" \/>\n<meta property=\"article:published_time\" content=\"2021-02-28T11:04:51+00:00\" \/>\n<meta property=\"article:modified_time\" content=\"2026-01-13T14:19:01+00:00\" \/>\n<meta property=\"og:image\" content=\"https:\/\/centrumzaburzenodzywiania.pl\/strefaspecjalisty\/wp-content\/uploads\/2021\/02\/weightism-czyli-otyli-lekko-nie-maja-o-dyskryminacji-osob-z-nadmierna-masa-ciala.jpeg\" \/>\n\t<meta property=\"og:image:width\" content=\"940\" \/>\n\t<meta property=\"og:image:height\" content=\"624\" \/>\n\t<meta property=\"og:image:type\" content=\"image\/jpeg\" \/>\n<meta name=\"author\" content=\"Monika Piotrowska\" \/>\n<meta name=\"twitter:card\" content=\"summary_large_image\" \/>\n<meta name=\"twitter:label1\" content=\"Napisane przez\" \/>\n\t<meta name=\"twitter:data1\" content=\"Monika Piotrowska\" \/>\n\t<meta name=\"twitter:label2\" content=\"Szacowany czas czytania\" \/>\n\t<meta name=\"twitter:data2\" content=\"5 minut\" \/>\n<script type=\"application\/ld+json\" class=\"yoast-schema-graph\">{\"@context\":\"https:\\\/\\\/schema.org\",\"@graph\":[{\"@type\":\"Article\",\"@id\":\"https:\\\/\\\/centrumzaburzenodzywiania.pl\\\/strefaspecjalisty\\\/weightism-czyli-otyli-lekko-nie-maja-o-dyskryminacji-osob-z-nadmierna-masa-ciala\\\/#article\",\"isPartOf\":{\"@id\":\"https:\\\/\\\/centrumzaburzenodzywiania.pl\\\/strefaspecjalisty\\\/weightism-czyli-otyli-lekko-nie-maja-o-dyskryminacji-osob-z-nadmierna-masa-ciala\\\/\"},\"author\":{\"name\":\"Monika Piotrowska\",\"@id\":\"https:\\\/\\\/centrumzaburzenodzywiania.pl\\\/strefaspecjalisty\\\/#\\\/schema\\\/person\\\/4bb57bd5e4bd7d5f41cee36db68e8395\"},\"headline\":\"Weightism, czyli otyli lekko nie maj\u0105 \u2013 o dyskryminacji os\u00f3b z nadmiern\u0105 mas\u0105 cia\u0142a.\",\"datePublished\":\"2021-02-28T11:04:51+00:00\",\"dateModified\":\"2026-01-13T14:19:01+00:00\",\"mainEntityOfPage\":{\"@id\":\"https:\\\/\\\/centrumzaburzenodzywiania.pl\\\/strefaspecjalisty\\\/weightism-czyli-otyli-lekko-nie-maja-o-dyskryminacji-osob-z-nadmierna-masa-ciala\\\/\"},\"wordCount\":937,\"publisher\":{\"@id\":\"https:\\\/\\\/centrumzaburzenodzywiania.pl\\\/strefaspecjalisty\\\/#organization\"},\"image\":{\"@id\":\"https:\\\/\\\/centrumzaburzenodzywiania.pl\\\/strefaspecjalisty\\\/weightism-czyli-otyli-lekko-nie-maja-o-dyskryminacji-osob-z-nadmierna-masa-ciala\\\/#primaryimage\"},\"thumbnailUrl\":\"https:\\\/\\\/centrumzaburzenodzywiania.pl\\\/strefaspecjalisty\\\/wp-content\\\/uploads\\\/2021\\\/02\\\/weightism-czyli-otyli-lekko-nie-maja-o-dyskryminacji-osob-z-nadmierna-masa-ciala.jpeg\",\"articleSection\":[\"Blog\"],\"inLanguage\":\"pl-PL\"},{\"@type\":\"WebPage\",\"@id\":\"https:\\\/\\\/centrumzaburzenodzywiania.pl\\\/strefaspecjalisty\\\/weightism-czyli-otyli-lekko-nie-maja-o-dyskryminacji-osob-z-nadmierna-masa-ciala\\\/\",\"url\":\"https:\\\/\\\/centrumzaburzenodzywiania.pl\\\/strefaspecjalisty\\\/weightism-czyli-otyli-lekko-nie-maja-o-dyskryminacji-osob-z-nadmierna-masa-ciala\\\/\",\"name\":\"Weightism - o dyskryminacji os\u00f3b z nadmiern\u0105 mas\u0105 cia\u0142a - Blog - Strefa Specjalisty - Og\u00f3lnopolskie Centrum Zaburze\u0144 Od\u017cywiania\",\"isPartOf\":{\"@id\":\"https:\\\/\\\/centrumzaburzenodzywiania.pl\\\/strefaspecjalisty\\\/#website\"},\"primaryImageOfPage\":{\"@id\":\"https:\\\/\\\/centrumzaburzenodzywiania.pl\\\/strefaspecjalisty\\\/weightism-czyli-otyli-lekko-nie-maja-o-dyskryminacji-osob-z-nadmierna-masa-ciala\\\/#primaryimage\"},\"image\":{\"@id\":\"https:\\\/\\\/centrumzaburzenodzywiania.pl\\\/strefaspecjalisty\\\/weightism-czyli-otyli-lekko-nie-maja-o-dyskryminacji-osob-z-nadmierna-masa-ciala\\\/#primaryimage\"},\"thumbnailUrl\":\"https:\\\/\\\/centrumzaburzenodzywiania.pl\\\/strefaspecjalisty\\\/wp-content\\\/uploads\\\/2021\\\/02\\\/weightism-czyli-otyli-lekko-nie-maja-o-dyskryminacji-osob-z-nadmierna-masa-ciala.jpeg\",\"datePublished\":\"2021-02-28T11:04:51+00:00\",\"dateModified\":\"2026-01-13T14:19:01+00:00\",\"description\":\"Dowiedz si\u0119, czym jest weightism i jak osoby z nadmiern\u0105 mas\u0105 cia\u0142a s\u0105 dyskryminowane we wsp\u00f3\u0142czesnej kulturze.\",\"breadcrumb\":{\"@id\":\"https:\\\/\\\/centrumzaburzenodzywiania.pl\\\/strefaspecjalisty\\\/weightism-czyli-otyli-lekko-nie-maja-o-dyskryminacji-osob-z-nadmierna-masa-ciala\\\/#breadcrumb\"},\"inLanguage\":\"pl-PL\",\"potentialAction\":[{\"@type\":\"ReadAction\",\"target\":[\"https:\\\/\\\/centrumzaburzenodzywiania.pl\\\/strefaspecjalisty\\\/weightism-czyli-otyli-lekko-nie-maja-o-dyskryminacji-osob-z-nadmierna-masa-ciala\\\/\"]}]},{\"@type\":\"ImageObject\",\"inLanguage\":\"pl-PL\",\"@id\":\"https:\\\/\\\/centrumzaburzenodzywiania.pl\\\/strefaspecjalisty\\\/weightism-czyli-otyli-lekko-nie-maja-o-dyskryminacji-osob-z-nadmierna-masa-ciala\\\/#primaryimage\",\"url\":\"https:\\\/\\\/centrumzaburzenodzywiania.pl\\\/strefaspecjalisty\\\/wp-content\\\/uploads\\\/2021\\\/02\\\/weightism-czyli-otyli-lekko-nie-maja-o-dyskryminacji-osob-z-nadmierna-masa-ciala.jpeg\",\"contentUrl\":\"https:\\\/\\\/centrumzaburzenodzywiania.pl\\\/strefaspecjalisty\\\/wp-content\\\/uploads\\\/2021\\\/02\\\/weightism-czyli-otyli-lekko-nie-maja-o-dyskryminacji-osob-z-nadmierna-masa-ciala.jpeg\",\"width\":940,\"height\":624},{\"@type\":\"BreadcrumbList\",\"@id\":\"https:\\\/\\\/centrumzaburzenodzywiania.pl\\\/strefaspecjalisty\\\/weightism-czyli-otyli-lekko-nie-maja-o-dyskryminacji-osob-z-nadmierna-masa-ciala\\\/#breadcrumb\",\"itemListElement\":[{\"@type\":\"ListItem\",\"position\":1,\"name\":\"Strona g\u0142\u00f3wna\",\"item\":\"https:\\\/\\\/centrumzaburzenodzywiania.pl\\\/strefaspecjalisty\\\/\"},{\"@type\":\"ListItem\",\"position\":2,\"name\":\"Weightism, czyli otyli lekko nie maj\u0105 \u2013 o dyskryminacji os\u00f3b z nadmiern\u0105 mas\u0105 cia\u0142a.\"}]},{\"@type\":\"WebSite\",\"@id\":\"https:\\\/\\\/centrumzaburzenodzywiania.pl\\\/strefaspecjalisty\\\/#website\",\"url\":\"https:\\\/\\\/centrumzaburzenodzywiania.pl\\\/strefaspecjalisty\\\/\",\"name\":\"Strefa Specjalisty - Og\u00f3lnopolskie Centrum Zaburze\u0144 Od\u017cywiania\",\"description\":\"Strefa Specjalisty - Og\u00f3lnopolskie Centrum Zaburze\u0144 Od\u017cywiania\",\"publisher\":{\"@id\":\"https:\\\/\\\/centrumzaburzenodzywiania.pl\\\/strefaspecjalisty\\\/#organization\"},\"potentialAction\":[{\"@type\":\"SearchAction\",\"target\":{\"@type\":\"EntryPoint\",\"urlTemplate\":\"https:\\\/\\\/centrumzaburzenodzywiania.pl\\\/strefaspecjalisty\\\/?s={search_term_string}\"},\"query-input\":{\"@type\":\"PropertyValueSpecification\",\"valueRequired\":true,\"valueName\":\"search_term_string\"}}],\"inLanguage\":\"pl-PL\"},{\"@type\":\"Organization\",\"@id\":\"https:\\\/\\\/centrumzaburzenodzywiania.pl\\\/strefaspecjalisty\\\/#organization\",\"name\":\"Strefa Specjalisty - Og\u00f3lnopolskie Centrum Zaburze\u0144 Od\u017cywiania\",\"url\":\"https:\\\/\\\/centrumzaburzenodzywiania.pl\\\/strefaspecjalisty\\\/\",\"logo\":{\"@type\":\"ImageObject\",\"inLanguage\":\"pl-PL\",\"@id\":\"https:\\\/\\\/centrumzaburzenodzywiania.pl\\\/strefaspecjalisty\\\/#\\\/schema\\\/logo\\\/image\\\/\",\"url\":\"https:\\\/\\\/centrumzaburzenodzywiania.pl\\\/strefaspecjalisty\\\/wp-content\\\/uploads\\\/2025\\\/11\\\/logo.png\",\"contentUrl\":\"https:\\\/\\\/centrumzaburzenodzywiania.pl\\\/strefaspecjalisty\\\/wp-content\\\/uploads\\\/2025\\\/11\\\/logo.png\",\"width\":141,\"height\":54,\"caption\":\"Strefa Specjalisty - Og\u00f3lnopolskie Centrum Zaburze\u0144 Od\u017cywiania\"},\"image\":{\"@id\":\"https:\\\/\\\/centrumzaburzenodzywiania.pl\\\/strefaspecjalisty\\\/#\\\/schema\\\/logo\\\/image\\\/\"}},{\"@type\":\"Person\",\"@id\":\"https:\\\/\\\/centrumzaburzenodzywiania.pl\\\/strefaspecjalisty\\\/#\\\/schema\\\/person\\\/4bb57bd5e4bd7d5f41cee36db68e8395\",\"name\":\"Monika Piotrowska\",\"image\":{\"@type\":\"ImageObject\",\"inLanguage\":\"pl-PL\",\"@id\":\"https:\\\/\\\/secure.gravatar.com\\\/avatar\\\/f10ad2822576477d416c760a199900e38d61b307c4b95b8675199d3e39a811b3?s=96&d=mm&r=g\",\"url\":\"https:\\\/\\\/secure.gravatar.com\\\/avatar\\\/f10ad2822576477d416c760a199900e38d61b307c4b95b8675199d3e39a811b3?s=96&d=mm&r=g\",\"contentUrl\":\"https:\\\/\\\/secure.gravatar.com\\\/avatar\\\/f10ad2822576477d416c760a199900e38d61b307c4b95b8675199d3e39a811b3?s=96&d=mm&r=g\",\"caption\":\"Monika Piotrowska\"},\"url\":\"https:\\\/\\\/centrumzaburzenodzywiania.pl\\\/strefaspecjalisty\\\/author\\\/piotrowska1monikagmail-com\\\/\"}]}<\/script>\n<!-- \/ Yoast SEO plugin. -->","yoast_head_json":{"title":"Weightism - o dyskryminacji os\u00f3b z nadmiern\u0105 mas\u0105 cia\u0142a - Blog - Strefa Specjalisty - Og\u00f3lnopolskie Centrum Zaburze\u0144 Od\u017cywiania","description":"Dowiedz si\u0119, czym jest weightism i jak osoby z nadmiern\u0105 mas\u0105 cia\u0142a s\u0105 dyskryminowane we wsp\u00f3\u0142czesnej kulturze.","robots":{"index":"index","follow":"follow","max-snippet":"max-snippet:-1","max-image-preview":"max-image-preview:large","max-video-preview":"max-video-preview:-1"},"canonical":"https:\/\/centrumzaburzenodzywiania.pl\/strefaspecjalisty\/weightism-czyli-otyli-lekko-nie-maja-o-dyskryminacji-osob-z-nadmierna-masa-ciala\/","og_locale":"pl_PL","og_type":"article","og_title":"Weightism - o dyskryminacji os\u00f3b z nadmiern\u0105 mas\u0105 cia\u0142a - Blog - Strefa Specjalisty - Og\u00f3lnopolskie Centrum Zaburze\u0144 Od\u017cywiania","og_description":"Dowiedz si\u0119, czym jest weightism i jak osoby z nadmiern\u0105 mas\u0105 cia\u0142a s\u0105 dyskryminowane we wsp\u00f3\u0142czesnej kulturze.","og_url":"https:\/\/centrumzaburzenodzywiania.pl\/strefaspecjalisty\/weightism-czyli-otyli-lekko-nie-maja-o-dyskryminacji-osob-z-nadmierna-masa-ciala\/","og_site_name":"Strefa Specjalisty - Og\u00f3lnopolskie Centrum Zaburze\u0144 Od\u017cywiania","article_published_time":"2021-02-28T11:04:51+00:00","article_modified_time":"2026-01-13T14:19:01+00:00","og_image":[{"width":940,"height":624,"url":"https:\/\/centrumzaburzenodzywiania.pl\/strefaspecjalisty\/wp-content\/uploads\/2021\/02\/weightism-czyli-otyli-lekko-nie-maja-o-dyskryminacji-osob-z-nadmierna-masa-ciala.jpeg","type":"image\/jpeg"}],"author":"Monika Piotrowska","twitter_card":"summary_large_image","twitter_misc":{"Napisane przez":"Monika Piotrowska","Szacowany czas czytania":"5 minut"},"schema":{"@context":"https:\/\/schema.org","@graph":[{"@type":"Article","@id":"https:\/\/centrumzaburzenodzywiania.pl\/strefaspecjalisty\/weightism-czyli-otyli-lekko-nie-maja-o-dyskryminacji-osob-z-nadmierna-masa-ciala\/#article","isPartOf":{"@id":"https:\/\/centrumzaburzenodzywiania.pl\/strefaspecjalisty\/weightism-czyli-otyli-lekko-nie-maja-o-dyskryminacji-osob-z-nadmierna-masa-ciala\/"},"author":{"name":"Monika Piotrowska","@id":"https:\/\/centrumzaburzenodzywiania.pl\/strefaspecjalisty\/#\/schema\/person\/4bb57bd5e4bd7d5f41cee36db68e8395"},"headline":"Weightism, czyli otyli lekko nie maj\u0105 \u2013 o dyskryminacji os\u00f3b z nadmiern\u0105 mas\u0105 cia\u0142a.","datePublished":"2021-02-28T11:04:51+00:00","dateModified":"2026-01-13T14:19:01+00:00","mainEntityOfPage":{"@id":"https:\/\/centrumzaburzenodzywiania.pl\/strefaspecjalisty\/weightism-czyli-otyli-lekko-nie-maja-o-dyskryminacji-osob-z-nadmierna-masa-ciala\/"},"wordCount":937,"publisher":{"@id":"https:\/\/centrumzaburzenodzywiania.pl\/strefaspecjalisty\/#organization"},"image":{"@id":"https:\/\/centrumzaburzenodzywiania.pl\/strefaspecjalisty\/weightism-czyli-otyli-lekko-nie-maja-o-dyskryminacji-osob-z-nadmierna-masa-ciala\/#primaryimage"},"thumbnailUrl":"https:\/\/centrumzaburzenodzywiania.pl\/strefaspecjalisty\/wp-content\/uploads\/2021\/02\/weightism-czyli-otyli-lekko-nie-maja-o-dyskryminacji-osob-z-nadmierna-masa-ciala.jpeg","articleSection":["Blog"],"inLanguage":"pl-PL"},{"@type":"WebPage","@id":"https:\/\/centrumzaburzenodzywiania.pl\/strefaspecjalisty\/weightism-czyli-otyli-lekko-nie-maja-o-dyskryminacji-osob-z-nadmierna-masa-ciala\/","url":"https:\/\/centrumzaburzenodzywiania.pl\/strefaspecjalisty\/weightism-czyli-otyli-lekko-nie-maja-o-dyskryminacji-osob-z-nadmierna-masa-ciala\/","name":"Weightism - o dyskryminacji os\u00f3b z nadmiern\u0105 mas\u0105 cia\u0142a - Blog - Strefa Specjalisty - Og\u00f3lnopolskie Centrum Zaburze\u0144 Od\u017cywiania","isPartOf":{"@id":"https:\/\/centrumzaburzenodzywiania.pl\/strefaspecjalisty\/#website"},"primaryImageOfPage":{"@id":"https:\/\/centrumzaburzenodzywiania.pl\/strefaspecjalisty\/weightism-czyli-otyli-lekko-nie-maja-o-dyskryminacji-osob-z-nadmierna-masa-ciala\/#primaryimage"},"image":{"@id":"https:\/\/centrumzaburzenodzywiania.pl\/strefaspecjalisty\/weightism-czyli-otyli-lekko-nie-maja-o-dyskryminacji-osob-z-nadmierna-masa-ciala\/#primaryimage"},"thumbnailUrl":"https:\/\/centrumzaburzenodzywiania.pl\/strefaspecjalisty\/wp-content\/uploads\/2021\/02\/weightism-czyli-otyli-lekko-nie-maja-o-dyskryminacji-osob-z-nadmierna-masa-ciala.jpeg","datePublished":"2021-02-28T11:04:51+00:00","dateModified":"2026-01-13T14:19:01+00:00","description":"Dowiedz si\u0119, czym jest weightism i jak osoby z nadmiern\u0105 mas\u0105 cia\u0142a s\u0105 dyskryminowane we wsp\u00f3\u0142czesnej kulturze.","breadcrumb":{"@id":"https:\/\/centrumzaburzenodzywiania.pl\/strefaspecjalisty\/weightism-czyli-otyli-lekko-nie-maja-o-dyskryminacji-osob-z-nadmierna-masa-ciala\/#breadcrumb"},"inLanguage":"pl-PL","potentialAction":[{"@type":"ReadAction","target":["https:\/\/centrumzaburzenodzywiania.pl\/strefaspecjalisty\/weightism-czyli-otyli-lekko-nie-maja-o-dyskryminacji-osob-z-nadmierna-masa-ciala\/"]}]},{"@type":"ImageObject","inLanguage":"pl-PL","@id":"https:\/\/centrumzaburzenodzywiania.pl\/strefaspecjalisty\/weightism-czyli-otyli-lekko-nie-maja-o-dyskryminacji-osob-z-nadmierna-masa-ciala\/#primaryimage","url":"https:\/\/centrumzaburzenodzywiania.pl\/strefaspecjalisty\/wp-content\/uploads\/2021\/02\/weightism-czyli-otyli-lekko-nie-maja-o-dyskryminacji-osob-z-nadmierna-masa-ciala.jpeg","contentUrl":"https:\/\/centrumzaburzenodzywiania.pl\/strefaspecjalisty\/wp-content\/uploads\/2021\/02\/weightism-czyli-otyli-lekko-nie-maja-o-dyskryminacji-osob-z-nadmierna-masa-ciala.jpeg","width":940,"height":624},{"@type":"BreadcrumbList","@id":"https:\/\/centrumzaburzenodzywiania.pl\/strefaspecjalisty\/weightism-czyli-otyli-lekko-nie-maja-o-dyskryminacji-osob-z-nadmierna-masa-ciala\/#breadcrumb","itemListElement":[{"@type":"ListItem","position":1,"name":"Strona g\u0142\u00f3wna","item":"https:\/\/centrumzaburzenodzywiania.pl\/strefaspecjalisty\/"},{"@type":"ListItem","position":2,"name":"Weightism, czyli otyli lekko nie maj\u0105 \u2013 o dyskryminacji os\u00f3b z nadmiern\u0105 mas\u0105 cia\u0142a."}]},{"@type":"WebSite","@id":"https:\/\/centrumzaburzenodzywiania.pl\/strefaspecjalisty\/#website","url":"https:\/\/centrumzaburzenodzywiania.pl\/strefaspecjalisty\/","name":"Strefa Specjalisty - Og\u00f3lnopolskie Centrum Zaburze\u0144 Od\u017cywiania","description":"Strefa Specjalisty - Og\u00f3lnopolskie Centrum Zaburze\u0144 Od\u017cywiania","publisher":{"@id":"https:\/\/centrumzaburzenodzywiania.pl\/strefaspecjalisty\/#organization"},"potentialAction":[{"@type":"SearchAction","target":{"@type":"EntryPoint","urlTemplate":"https:\/\/centrumzaburzenodzywiania.pl\/strefaspecjalisty\/?s={search_term_string}"},"query-input":{"@type":"PropertyValueSpecification","valueRequired":true,"valueName":"search_term_string"}}],"inLanguage":"pl-PL"},{"@type":"Organization","@id":"https:\/\/centrumzaburzenodzywiania.pl\/strefaspecjalisty\/#organization","name":"Strefa Specjalisty - Og\u00f3lnopolskie Centrum Zaburze\u0144 Od\u017cywiania","url":"https:\/\/centrumzaburzenodzywiania.pl\/strefaspecjalisty\/","logo":{"@type":"ImageObject","inLanguage":"pl-PL","@id":"https:\/\/centrumzaburzenodzywiania.pl\/strefaspecjalisty\/#\/schema\/logo\/image\/","url":"https:\/\/centrumzaburzenodzywiania.pl\/strefaspecjalisty\/wp-content\/uploads\/2025\/11\/logo.png","contentUrl":"https:\/\/centrumzaburzenodzywiania.pl\/strefaspecjalisty\/wp-content\/uploads\/2025\/11\/logo.png","width":141,"height":54,"caption":"Strefa Specjalisty - Og\u00f3lnopolskie Centrum Zaburze\u0144 Od\u017cywiania"},"image":{"@id":"https:\/\/centrumzaburzenodzywiania.pl\/strefaspecjalisty\/#\/schema\/logo\/image\/"}},{"@type":"Person","@id":"https:\/\/centrumzaburzenodzywiania.pl\/strefaspecjalisty\/#\/schema\/person\/4bb57bd5e4bd7d5f41cee36db68e8395","name":"Monika Piotrowska","image":{"@type":"ImageObject","inLanguage":"pl-PL","@id":"https:\/\/secure.gravatar.com\/avatar\/f10ad2822576477d416c760a199900e38d61b307c4b95b8675199d3e39a811b3?s=96&d=mm&r=g","url":"https:\/\/secure.gravatar.com\/avatar\/f10ad2822576477d416c760a199900e38d61b307c4b95b8675199d3e39a811b3?s=96&d=mm&r=g","contentUrl":"https:\/\/secure.gravatar.com\/avatar\/f10ad2822576477d416c760a199900e38d61b307c4b95b8675199d3e39a811b3?s=96&d=mm&r=g","caption":"Monika Piotrowska"},"url":"https:\/\/centrumzaburzenodzywiania.pl\/strefaspecjalisty\/author\/piotrowska1monikagmail-com\/"}]}},"_links":{"self":[{"href":"https:\/\/centrumzaburzenodzywiania.pl\/strefaspecjalisty\/wp-json\/wp\/v2\/posts\/164","targetHints":{"allow":["GET"]}}],"collection":[{"href":"https:\/\/centrumzaburzenodzywiania.pl\/strefaspecjalisty\/wp-json\/wp\/v2\/posts"}],"about":[{"href":"https:\/\/centrumzaburzenodzywiania.pl\/strefaspecjalisty\/wp-json\/wp\/v2\/types\/post"}],"author":[{"embeddable":true,"href":"https:\/\/centrumzaburzenodzywiania.pl\/strefaspecjalisty\/wp-json\/wp\/v2\/users\/3"}],"replies":[{"embeddable":true,"href":"https:\/\/centrumzaburzenodzywiania.pl\/strefaspecjalisty\/wp-json\/wp\/v2\/comments?post=164"}],"version-history":[{"count":2,"href":"https:\/\/centrumzaburzenodzywiania.pl\/strefaspecjalisty\/wp-json\/wp\/v2\/posts\/164\/revisions"}],"predecessor-version":[{"id":3715,"href":"https:\/\/centrumzaburzenodzywiania.pl\/strefaspecjalisty\/wp-json\/wp\/v2\/posts\/164\/revisions\/3715"}],"wp:featuredmedia":[{"embeddable":true,"href":"https:\/\/centrumzaburzenodzywiania.pl\/strefaspecjalisty\/wp-json\/wp\/v2\/media\/165"}],"wp:attachment":[{"href":"https:\/\/centrumzaburzenodzywiania.pl\/strefaspecjalisty\/wp-json\/wp\/v2\/media?parent=164"}],"wp:term":[{"taxonomy":"category","embeddable":true,"href":"https:\/\/centrumzaburzenodzywiania.pl\/strefaspecjalisty\/wp-json\/wp\/v2\/categories?post=164"},{"taxonomy":"post_tag","embeddable":true,"href":"https:\/\/centrumzaburzenodzywiania.pl\/strefaspecjalisty\/wp-json\/wp\/v2\/tags?post=164"}],"curies":[{"name":"wp","href":"https:\/\/api.w.org\/{rel}","templated":true}]}}