{"id":158,"date":"2021-02-28T12:02:35","date_gmt":"2021-02-28T11:02:35","guid":{"rendered":"https:\/\/centrumzaburzenodzywiania.pl\/strefaspecjalisty\/?p=158"},"modified":"2026-01-13T15:22:10","modified_gmt":"2026-01-13T14:22:10","slug":"manoreksja-nowe-wyzwanie-dla-dietetykow-i-lekarzy","status":"publish","type":"post","link":"https:\/\/centrumzaburzenodzywiania.pl\/strefaspecjalisty\/manoreksja-nowe-wyzwanie-dla-dietetykow-i-lekarzy\/","title":{"rendered":"Manoreksja \u2013 nowe wyzwanie dla dietetyk\u00f3w i lekarzy."},"content":{"rendered":"\n<p>Manoreksja jest to rodzaj anoreksji wyst\u0119puj\u0105cy u m\u0119\u017cczyzn.&nbsp;W ostatnich latach obserwuje si\u0119 wzrost zachorowa\u0144 na jad\u0142owstr\u0119t psychiczny w\u015br\u00f3d m\u0119\u017cczyzn. Szacuje si\u0119, \u017ce obecnie stanowi\u0105 oni 6-10% chorych.<\/p>\n\n\n\n<p>Najcz\u0119stszy wiek zachorowania to 17-24 lata. Za przyczyny wyst\u0105pienia choroby uwa\u017ca si\u0119 czynniki genetyczne, zaburzenia funkcjonowania neuroprzeka\u017anik\u00f3w i problemy rodzinne. Pacjenci zwykle s\u0105 perfekcjonistami o wysokich aspiracjach i niskiej samoocenie. Pochodz\u0105 z klasy \u015bredniej lub wy\u017cszej. Wychowuj\u0105 si\u0119 w rodzinach, w kt\u00f3rych nie czuj\u0105 si\u0119 akceptowani, a okazywanie uczu\u0107 nie jest na porz\u0105dku dziennym.<\/p>\n\n\n\n<p>Przebieg jest nieco inny ni\u017c u kobiet. Pojawienie si\u0119 choroby poprzedzone jest zwykle wyst\u0119powaniem nadwagi. Jako dzieci ch\u0142opcy byli pulchni, co by\u0142o jednym z czynnik\u00f3w wp\u0142ywaj\u0105cych na nisk\u0105 samoocen\u0119. Badania, kt\u00f3re przeprowadzi\u0142 Mishkind dowodz\u0105, \u017ce m\u0119\u017cczy\u017ani tak\u017ce przejawiaj\u0105 niezadowolenie ze swojego cia\u0142a. 75% badanych m\u0119\u017cczyzn chcia\u0142oby mie\u0107 lepsz\u0105 sylwetk\u0119. Ponadto stwierdzi\u0142, \u017ce 95% student\u00f3w ameryka\u0144skich college-\u00f3w nie akceptuje wymiar\u00f3w swojego cia\u0142a. Z bada\u0144 kt\u00f3re przeprowadzili Cash , Winstead i Janda (1986) wynika \u017ce 34% m\u0119\u017cczyzn wykazuje niezadowolenie ze swojego wygl\u0105du, a 41% z wagi.<\/p>\n\n\n\n<p>Choroba rozpoczyna si\u0119 od intensywnych \u0107wicze\u0144 fizycznych i restrykcyjnej diety. Przy czym wi\u0119kszy nacisk k\u0142adziony jest na to pierwsze.<br>Objawy, kt\u00f3re powinny zaniepokoi\u0107 otoczenie to:<\/p>\n\n\n\n<p>&gt; &nbsp;znaczny, spadek wagi,<\/p>\n\n\n\n<p>&gt; &nbsp;niech\u0119\u0107 do wsp\u00f3lnego jedzenia posi\u0142k\u00f3w,<\/p>\n\n\n\n<p>&gt; &nbsp;krojenie jedzenia na ma\u0142e kawa\u0142ki,<\/p>\n\n\n\n<p>&gt; &nbsp;stosowanie diety redukcyjnej,<\/p>\n\n\n\n<p>&gt; &nbsp;obsesyjne kontrolowanie wagi,<\/p>\n\n\n\n<p>&gt; &nbsp;intensywne uprawianie sportu,<\/p>\n\n\n\n<p>&gt; &nbsp;zdenerwowanie podczas rozm\u00f3w dotycz\u0105cych jego sposobu od\u017cywiania,<\/p>\n\n\n\n<p>&gt; &nbsp;nietolerancja ch\u0142odu,<\/p>\n\n\n\n<p>&gt; &nbsp;stosowanie \u015brodk\u00f3w przeczyszczaj\u0105cych i moczop\u0119dnych,<\/p>\n\n\n\n<p>&gt; &nbsp;zm\u0119czenie, apatia,<\/p>\n\n\n\n<p>&gt; &nbsp;depresja, wahania nastroju,<\/p>\n\n\n\n<p>&gt; &nbsp;obsesyjne my\u015blenie o wygl\u0105dzie i wadze.<\/p>\n\n\n\n<p>Somatyczne nast\u0119pstwa anoreksji u m\u0119\u017cczyzn:<\/p>\n\n\n\n<p>&gt; &nbsp;niskie ci\u015bnienie krwi,<\/p>\n\n\n\n<p>&gt; &nbsp;niski poziom potasu i magnezu w organizmie,<\/p>\n\n\n\n<p>&gt; &nbsp;os\u0142abienie mi\u0119\u015bnia sercowego,<\/p>\n\n\n\n<p>&gt; &nbsp;zwi\u0119kszone ryzyko niewydolno\u015bci serca,<\/p>\n\n\n\n<p>&gt; &nbsp;zaburzenia rytmu serca,<\/p>\n\n\n\n<p>&gt; &nbsp;anemia,<\/p>\n\n\n\n<p>&gt; &nbsp;choroby w\u0105troby i nerek,<\/p>\n\n\n\n<p>&gt; &nbsp;odwodnienie,<\/p>\n\n\n\n<p>&gt; &nbsp;osteoporoza,<\/p>\n\n\n\n<p>&gt; &nbsp;komplikacje i problemy ze strony uk\u0142adu pokarmowego: wrzody \u017co\u0142\u0105dka, zaparcia.<\/p>\n\n\n\n<p>Niedobory bia\u0142kowo kaloryczne (ostry niedob\u00f3r bia\u0142ka jest czynnikiem dominuj\u0105cym) stwierdzane w manoreksji powoduj\u0105 zaburzenia hormonalne np. obni\u017cenie st\u0119\u017cenia testosteronu i gonadotropin. Konsekwencj\u0105 tego mo\u017ce by\u0107 trwa\u0142a bezp\u0142odno\u015b\u0107.<br>M\u0119\u017cczyzna, kt\u00f3ry chce zosta\u0107 ojcem powinien wzbogaci\u0107 diet\u0119 w :<\/p>\n\n\n\n<p>&gt; &nbsp;bia\u0142ko,<\/p>\n\n\n\n<p>&gt; &nbsp;cynk (niezb\u0119dny w produkcji spermy),<\/p>\n\n\n\n<p>&gt; &nbsp;witamin\u0119 C (przeciwutleniacz chroni\u0105cy DNA plemnik\u00f3w przed uszkodzeniem).<\/p>\n\n\n\n<p><em>artyku\u0142 na podstawie pracy licencjackiej o temacie: ,,Post\u0119powanie dietetyczne w terapii psychogennych zaburze\u0144 od\u017cywiania\u201d napisanej w Zak\u0142adzie Higieny \u017bywienia i Epidemiologii Uniwersytetu Medycznego w \u0141odzi pod kierunkiem dr n.med.El\u017cbiety Trafalskiej<\/em><\/p>\n\n\n\n<p><em>B\u0105k D.: Zaburzenia od\u017cywiania si\u0119 u m\u0119\u017cczyzn. Psychiatria Polska 2008, XLII, 2, 167-178.<br>Jablow M.: Na bakier z jedzeniem. Gda\u0144skie Wydawnictwo Psychologiczne, Gda\u0144sk 1993.<br>J\u00f3zefik B.: Anoreksja i bulimia psychiczna. Rozumienie i leczenie zaburze\u0144 od\u017cywiania si\u0119. Wydawnictwo Uniwersytetu Jagiello\u0144skiego, Krak\u00f3w 1998<br>Lew-Starowicz Z.: Edukacja seksualna,.\u015awiat ksi\u0105\u017cki, Warszawa 2006.<br>Ogden J.: Psychologia od\u017cywiania. Od zdrowych do zaburzonych zachowa\u0144 \u017cywieniowych. Wydawnictwo Uniwersytetu Jagiello\u0144skiego, Krak\u00f3w 2011<br>Salomon, Berg, Martin, Ville, Biologia,&nbsp;MULTICO Oficyna Wydawnicza, Warszawa 2000<br>http:\/\/www.nationaleatingdisorders.org\/nedaDir\/files\/documents\/handouts\/MalesRes.pdf (dost\u0119p:5.05.2012).<br>http:\/\/www.nationaleatingdisorders.org\/nedaDir\/files\/documents\/handouts\/MaleAnor.pdf (dost\u0119p:5.05.2012).<br>http:\/\/www.psychosfera.net\/anoreksja-mezczyzni\/ (dost\u0119p:1.05.2012).<br>http:\/\/www.psychosfera.net\/anoreksja-m%C4%99%C5%BCczy%C5%BAni\/ (dost\u0119p:1.05.2012).<\/em><\/p>\n\n\n\n<p><em>autor: Maria Sobieszek<\/em><\/p>\n","protected":false},"excerpt":{"rendered":"<p>Manoreksja jest to rodzaj anoreksji wyst\u0119puj\u0105cy u m\u0119\u017cczyzn.&nbsp;W ostatnich latach obserwuje si\u0119 wzrost zachorowa\u0144 na jad\u0142owstr\u0119t psychiczny w\u015br\u00f3d m\u0119\u017cczyzn. Szacuje si\u0119, \u017ce obecnie stanowi\u0105 oni 6-10% chorych. Najcz\u0119stszy wiek zachorowania to 17-24 lata. Za przyczyny wyst\u0105pienia choroby uwa\u017ca si\u0119 czynniki genetyczne, zaburzenia funkcjonowania neuroprzeka\u017anik\u00f3w i problemy rodzinne. Pacjenci zwykle s\u0105 perfekcjonistami o wysokich aspiracjach i [&hellip;]<\/p>\n","protected":false},"author":3,"featured_media":159,"comment_status":"closed","ping_status":"closed","sticky":false,"template":"","format":"standard","meta":{"_acf_changed":false,"inline_featured_image":false,"footnotes":""},"categories":[2],"tags":[],"class_list":["post-158","post","type-post","status-publish","format-standard","has-post-thumbnail","hentry","category-blog"],"acf":[],"yoast_head":"<!-- This site is optimized with the Yoast SEO plugin v27.4 - https:\/\/yoast.com\/product\/yoast-seo-wordpress\/ -->\n<title>Manoreksja \u2013 nowe wyzwanie dla dietetyk\u00f3w i lekarzy. - Strefa Specjalisty - Og\u00f3lnopolskie Centrum Zaburze\u0144 Od\u017cywiania<\/title>\n<meta name=\"description\" content=\"Czym jest Manoreksja? Dowiedz si\u0119 wi\u0119cej o anoreksji u m\u0119\u017cczyzn i trudno\u015bciach w jej diagnozie i leczeniu.\" \/>\n<meta name=\"robots\" content=\"index, follow, max-snippet:-1, max-image-preview:large, max-video-preview:-1\" \/>\n<link rel=\"canonical\" href=\"https:\/\/centrumzaburzenodzywiania.pl\/strefaspecjalisty\/manoreksja-nowe-wyzwanie-dla-dietetykow-i-lekarzy\/\" \/>\n<meta property=\"og:locale\" content=\"pl_PL\" \/>\n<meta property=\"og:type\" content=\"article\" \/>\n<meta property=\"og:title\" content=\"Manoreksja \u2013 nowe wyzwanie dla dietetyk\u00f3w i lekarzy. - Strefa Specjalisty - Og\u00f3lnopolskie Centrum Zaburze\u0144 Od\u017cywiania\" \/>\n<meta property=\"og:description\" content=\"Czym jest Manoreksja? Dowiedz si\u0119 wi\u0119cej o anoreksji u m\u0119\u017cczyzn i trudno\u015bciach w jej diagnozie i leczeniu.\" \/>\n<meta property=\"og:url\" content=\"https:\/\/centrumzaburzenodzywiania.pl\/strefaspecjalisty\/manoreksja-nowe-wyzwanie-dla-dietetykow-i-lekarzy\/\" \/>\n<meta property=\"og:site_name\" content=\"Strefa Specjalisty - Og\u00f3lnopolskie Centrum Zaburze\u0144 Od\u017cywiania\" \/>\n<meta property=\"article:published_time\" content=\"2021-02-28T11:02:35+00:00\" \/>\n<meta property=\"article:modified_time\" content=\"2026-01-13T14:22:10+00:00\" \/>\n<meta property=\"og:image\" content=\"https:\/\/centrumzaburzenodzywiania.pl\/strefaspecjalisty\/wp-content\/uploads\/2021\/02\/manoreksja-nowe-wyzwanie-dla-dietetykow-i-lekarzy.jpeg\" \/>\n\t<meta property=\"og:image:width\" content=\"1880\" \/>\n\t<meta property=\"og:image:height\" content=\"1253\" \/>\n\t<meta property=\"og:image:type\" content=\"image\/jpeg\" \/>\n<meta name=\"author\" content=\"Monika Piotrowska\" \/>\n<meta name=\"twitter:card\" content=\"summary_large_image\" \/>\n<meta name=\"twitter:label1\" content=\"Napisane przez\" \/>\n\t<meta name=\"twitter:data1\" content=\"Monika Piotrowska\" \/>\n\t<meta name=\"twitter:label2\" content=\"Szacowany czas czytania\" \/>\n\t<meta name=\"twitter:data2\" content=\"3 minuty\" \/>\n<script type=\"application\/ld+json\" class=\"yoast-schema-graph\">{\"@context\":\"https:\\\/\\\/schema.org\",\"@graph\":[{\"@type\":\"Article\",\"@id\":\"https:\\\/\\\/centrumzaburzenodzywiania.pl\\\/strefaspecjalisty\\\/manoreksja-nowe-wyzwanie-dla-dietetykow-i-lekarzy\\\/#article\",\"isPartOf\":{\"@id\":\"https:\\\/\\\/centrumzaburzenodzywiania.pl\\\/strefaspecjalisty\\\/manoreksja-nowe-wyzwanie-dla-dietetykow-i-lekarzy\\\/\"},\"author\":{\"name\":\"Monika Piotrowska\",\"@id\":\"https:\\\/\\\/centrumzaburzenodzywiania.pl\\\/strefaspecjalisty\\\/#\\\/schema\\\/person\\\/4bb57bd5e4bd7d5f41cee36db68e8395\"},\"headline\":\"Manoreksja \u2013 nowe wyzwanie dla dietetyk\u00f3w i lekarzy.\",\"datePublished\":\"2021-02-28T11:02:35+00:00\",\"dateModified\":\"2026-01-13T14:22:10+00:00\",\"mainEntityOfPage\":{\"@id\":\"https:\\\/\\\/centrumzaburzenodzywiania.pl\\\/strefaspecjalisty\\\/manoreksja-nowe-wyzwanie-dla-dietetykow-i-lekarzy\\\/\"},\"wordCount\":626,\"publisher\":{\"@id\":\"https:\\\/\\\/centrumzaburzenodzywiania.pl\\\/strefaspecjalisty\\\/#organization\"},\"image\":{\"@id\":\"https:\\\/\\\/centrumzaburzenodzywiania.pl\\\/strefaspecjalisty\\\/manoreksja-nowe-wyzwanie-dla-dietetykow-i-lekarzy\\\/#primaryimage\"},\"thumbnailUrl\":\"https:\\\/\\\/centrumzaburzenodzywiania.pl\\\/strefaspecjalisty\\\/wp-content\\\/uploads\\\/2021\\\/02\\\/manoreksja-nowe-wyzwanie-dla-dietetykow-i-lekarzy.jpeg\",\"articleSection\":[\"Blog\"],\"inLanguage\":\"pl-PL\"},{\"@type\":\"WebPage\",\"@id\":\"https:\\\/\\\/centrumzaburzenodzywiania.pl\\\/strefaspecjalisty\\\/manoreksja-nowe-wyzwanie-dla-dietetykow-i-lekarzy\\\/\",\"url\":\"https:\\\/\\\/centrumzaburzenodzywiania.pl\\\/strefaspecjalisty\\\/manoreksja-nowe-wyzwanie-dla-dietetykow-i-lekarzy\\\/\",\"name\":\"Manoreksja \u2013 nowe wyzwanie dla dietetyk\u00f3w i lekarzy. - Strefa Specjalisty - Og\u00f3lnopolskie Centrum Zaburze\u0144 Od\u017cywiania\",\"isPartOf\":{\"@id\":\"https:\\\/\\\/centrumzaburzenodzywiania.pl\\\/strefaspecjalisty\\\/#website\"},\"primaryImageOfPage\":{\"@id\":\"https:\\\/\\\/centrumzaburzenodzywiania.pl\\\/strefaspecjalisty\\\/manoreksja-nowe-wyzwanie-dla-dietetykow-i-lekarzy\\\/#primaryimage\"},\"image\":{\"@id\":\"https:\\\/\\\/centrumzaburzenodzywiania.pl\\\/strefaspecjalisty\\\/manoreksja-nowe-wyzwanie-dla-dietetykow-i-lekarzy\\\/#primaryimage\"},\"thumbnailUrl\":\"https:\\\/\\\/centrumzaburzenodzywiania.pl\\\/strefaspecjalisty\\\/wp-content\\\/uploads\\\/2021\\\/02\\\/manoreksja-nowe-wyzwanie-dla-dietetykow-i-lekarzy.jpeg\",\"datePublished\":\"2021-02-28T11:02:35+00:00\",\"dateModified\":\"2026-01-13T14:22:10+00:00\",\"description\":\"Czym jest Manoreksja? Dowiedz si\u0119 wi\u0119cej o anoreksji u m\u0119\u017cczyzn i trudno\u015bciach w jej diagnozie i leczeniu.\",\"breadcrumb\":{\"@id\":\"https:\\\/\\\/centrumzaburzenodzywiania.pl\\\/strefaspecjalisty\\\/manoreksja-nowe-wyzwanie-dla-dietetykow-i-lekarzy\\\/#breadcrumb\"},\"inLanguage\":\"pl-PL\",\"potentialAction\":[{\"@type\":\"ReadAction\",\"target\":[\"https:\\\/\\\/centrumzaburzenodzywiania.pl\\\/strefaspecjalisty\\\/manoreksja-nowe-wyzwanie-dla-dietetykow-i-lekarzy\\\/\"]}]},{\"@type\":\"ImageObject\",\"inLanguage\":\"pl-PL\",\"@id\":\"https:\\\/\\\/centrumzaburzenodzywiania.pl\\\/strefaspecjalisty\\\/manoreksja-nowe-wyzwanie-dla-dietetykow-i-lekarzy\\\/#primaryimage\",\"url\":\"https:\\\/\\\/centrumzaburzenodzywiania.pl\\\/strefaspecjalisty\\\/wp-content\\\/uploads\\\/2021\\\/02\\\/manoreksja-nowe-wyzwanie-dla-dietetykow-i-lekarzy.jpeg\",\"contentUrl\":\"https:\\\/\\\/centrumzaburzenodzywiania.pl\\\/strefaspecjalisty\\\/wp-content\\\/uploads\\\/2021\\\/02\\\/manoreksja-nowe-wyzwanie-dla-dietetykow-i-lekarzy.jpeg\",\"width\":1880,\"height\":1253},{\"@type\":\"BreadcrumbList\",\"@id\":\"https:\\\/\\\/centrumzaburzenodzywiania.pl\\\/strefaspecjalisty\\\/manoreksja-nowe-wyzwanie-dla-dietetykow-i-lekarzy\\\/#breadcrumb\",\"itemListElement\":[{\"@type\":\"ListItem\",\"position\":1,\"name\":\"Strona g\u0142\u00f3wna\",\"item\":\"https:\\\/\\\/centrumzaburzenodzywiania.pl\\\/strefaspecjalisty\\\/\"},{\"@type\":\"ListItem\",\"position\":2,\"name\":\"Manoreksja \u2013 nowe wyzwanie dla dietetyk\u00f3w i lekarzy.\"}]},{\"@type\":\"WebSite\",\"@id\":\"https:\\\/\\\/centrumzaburzenodzywiania.pl\\\/strefaspecjalisty\\\/#website\",\"url\":\"https:\\\/\\\/centrumzaburzenodzywiania.pl\\\/strefaspecjalisty\\\/\",\"name\":\"Strefa Specjalisty - Og\u00f3lnopolskie Centrum Zaburze\u0144 Od\u017cywiania\",\"description\":\"Strefa Specjalisty - Og\u00f3lnopolskie Centrum Zaburze\u0144 Od\u017cywiania\",\"publisher\":{\"@id\":\"https:\\\/\\\/centrumzaburzenodzywiania.pl\\\/strefaspecjalisty\\\/#organization\"},\"potentialAction\":[{\"@type\":\"SearchAction\",\"target\":{\"@type\":\"EntryPoint\",\"urlTemplate\":\"https:\\\/\\\/centrumzaburzenodzywiania.pl\\\/strefaspecjalisty\\\/?s={search_term_string}\"},\"query-input\":{\"@type\":\"PropertyValueSpecification\",\"valueRequired\":true,\"valueName\":\"search_term_string\"}}],\"inLanguage\":\"pl-PL\"},{\"@type\":\"Organization\",\"@id\":\"https:\\\/\\\/centrumzaburzenodzywiania.pl\\\/strefaspecjalisty\\\/#organization\",\"name\":\"Strefa Specjalisty - Og\u00f3lnopolskie Centrum Zaburze\u0144 Od\u017cywiania\",\"url\":\"https:\\\/\\\/centrumzaburzenodzywiania.pl\\\/strefaspecjalisty\\\/\",\"logo\":{\"@type\":\"ImageObject\",\"inLanguage\":\"pl-PL\",\"@id\":\"https:\\\/\\\/centrumzaburzenodzywiania.pl\\\/strefaspecjalisty\\\/#\\\/schema\\\/logo\\\/image\\\/\",\"url\":\"https:\\\/\\\/centrumzaburzenodzywiania.pl\\\/strefaspecjalisty\\\/wp-content\\\/uploads\\\/2025\\\/11\\\/logo.png\",\"contentUrl\":\"https:\\\/\\\/centrumzaburzenodzywiania.pl\\\/strefaspecjalisty\\\/wp-content\\\/uploads\\\/2025\\\/11\\\/logo.png\",\"width\":141,\"height\":54,\"caption\":\"Strefa Specjalisty - Og\u00f3lnopolskie Centrum Zaburze\u0144 Od\u017cywiania\"},\"image\":{\"@id\":\"https:\\\/\\\/centrumzaburzenodzywiania.pl\\\/strefaspecjalisty\\\/#\\\/schema\\\/logo\\\/image\\\/\"}},{\"@type\":\"Person\",\"@id\":\"https:\\\/\\\/centrumzaburzenodzywiania.pl\\\/strefaspecjalisty\\\/#\\\/schema\\\/person\\\/4bb57bd5e4bd7d5f41cee36db68e8395\",\"name\":\"Monika Piotrowska\",\"image\":{\"@type\":\"ImageObject\",\"inLanguage\":\"pl-PL\",\"@id\":\"https:\\\/\\\/secure.gravatar.com\\\/avatar\\\/f10ad2822576477d416c760a199900e38d61b307c4b95b8675199d3e39a811b3?s=96&d=mm&r=g\",\"url\":\"https:\\\/\\\/secure.gravatar.com\\\/avatar\\\/f10ad2822576477d416c760a199900e38d61b307c4b95b8675199d3e39a811b3?s=96&d=mm&r=g\",\"contentUrl\":\"https:\\\/\\\/secure.gravatar.com\\\/avatar\\\/f10ad2822576477d416c760a199900e38d61b307c4b95b8675199d3e39a811b3?s=96&d=mm&r=g\",\"caption\":\"Monika Piotrowska\"},\"url\":\"https:\\\/\\\/centrumzaburzenodzywiania.pl\\\/strefaspecjalisty\\\/author\\\/piotrowska1monikagmail-com\\\/\"}]}<\/script>\n<!-- \/ Yoast SEO plugin. -->","yoast_head_json":{"title":"Manoreksja \u2013 nowe wyzwanie dla dietetyk\u00f3w i lekarzy. - Strefa Specjalisty - Og\u00f3lnopolskie Centrum Zaburze\u0144 Od\u017cywiania","description":"Czym jest Manoreksja? Dowiedz si\u0119 wi\u0119cej o anoreksji u m\u0119\u017cczyzn i trudno\u015bciach w jej diagnozie i leczeniu.","robots":{"index":"index","follow":"follow","max-snippet":"max-snippet:-1","max-image-preview":"max-image-preview:large","max-video-preview":"max-video-preview:-1"},"canonical":"https:\/\/centrumzaburzenodzywiania.pl\/strefaspecjalisty\/manoreksja-nowe-wyzwanie-dla-dietetykow-i-lekarzy\/","og_locale":"pl_PL","og_type":"article","og_title":"Manoreksja \u2013 nowe wyzwanie dla dietetyk\u00f3w i lekarzy. - Strefa Specjalisty - Og\u00f3lnopolskie Centrum Zaburze\u0144 Od\u017cywiania","og_description":"Czym jest Manoreksja? Dowiedz si\u0119 wi\u0119cej o anoreksji u m\u0119\u017cczyzn i trudno\u015bciach w jej diagnozie i leczeniu.","og_url":"https:\/\/centrumzaburzenodzywiania.pl\/strefaspecjalisty\/manoreksja-nowe-wyzwanie-dla-dietetykow-i-lekarzy\/","og_site_name":"Strefa Specjalisty - Og\u00f3lnopolskie Centrum Zaburze\u0144 Od\u017cywiania","article_published_time":"2021-02-28T11:02:35+00:00","article_modified_time":"2026-01-13T14:22:10+00:00","og_image":[{"width":1880,"height":1253,"url":"https:\/\/centrumzaburzenodzywiania.pl\/strefaspecjalisty\/wp-content\/uploads\/2021\/02\/manoreksja-nowe-wyzwanie-dla-dietetykow-i-lekarzy.jpeg","type":"image\/jpeg"}],"author":"Monika Piotrowska","twitter_card":"summary_large_image","twitter_misc":{"Napisane przez":"Monika Piotrowska","Szacowany czas czytania":"3 minuty"},"schema":{"@context":"https:\/\/schema.org","@graph":[{"@type":"Article","@id":"https:\/\/centrumzaburzenodzywiania.pl\/strefaspecjalisty\/manoreksja-nowe-wyzwanie-dla-dietetykow-i-lekarzy\/#article","isPartOf":{"@id":"https:\/\/centrumzaburzenodzywiania.pl\/strefaspecjalisty\/manoreksja-nowe-wyzwanie-dla-dietetykow-i-lekarzy\/"},"author":{"name":"Monika Piotrowska","@id":"https:\/\/centrumzaburzenodzywiania.pl\/strefaspecjalisty\/#\/schema\/person\/4bb57bd5e4bd7d5f41cee36db68e8395"},"headline":"Manoreksja \u2013 nowe wyzwanie dla dietetyk\u00f3w i lekarzy.","datePublished":"2021-02-28T11:02:35+00:00","dateModified":"2026-01-13T14:22:10+00:00","mainEntityOfPage":{"@id":"https:\/\/centrumzaburzenodzywiania.pl\/strefaspecjalisty\/manoreksja-nowe-wyzwanie-dla-dietetykow-i-lekarzy\/"},"wordCount":626,"publisher":{"@id":"https:\/\/centrumzaburzenodzywiania.pl\/strefaspecjalisty\/#organization"},"image":{"@id":"https:\/\/centrumzaburzenodzywiania.pl\/strefaspecjalisty\/manoreksja-nowe-wyzwanie-dla-dietetykow-i-lekarzy\/#primaryimage"},"thumbnailUrl":"https:\/\/centrumzaburzenodzywiania.pl\/strefaspecjalisty\/wp-content\/uploads\/2021\/02\/manoreksja-nowe-wyzwanie-dla-dietetykow-i-lekarzy.jpeg","articleSection":["Blog"],"inLanguage":"pl-PL"},{"@type":"WebPage","@id":"https:\/\/centrumzaburzenodzywiania.pl\/strefaspecjalisty\/manoreksja-nowe-wyzwanie-dla-dietetykow-i-lekarzy\/","url":"https:\/\/centrumzaburzenodzywiania.pl\/strefaspecjalisty\/manoreksja-nowe-wyzwanie-dla-dietetykow-i-lekarzy\/","name":"Manoreksja \u2013 nowe wyzwanie dla dietetyk\u00f3w i lekarzy. - Strefa Specjalisty - Og\u00f3lnopolskie Centrum Zaburze\u0144 Od\u017cywiania","isPartOf":{"@id":"https:\/\/centrumzaburzenodzywiania.pl\/strefaspecjalisty\/#website"},"primaryImageOfPage":{"@id":"https:\/\/centrumzaburzenodzywiania.pl\/strefaspecjalisty\/manoreksja-nowe-wyzwanie-dla-dietetykow-i-lekarzy\/#primaryimage"},"image":{"@id":"https:\/\/centrumzaburzenodzywiania.pl\/strefaspecjalisty\/manoreksja-nowe-wyzwanie-dla-dietetykow-i-lekarzy\/#primaryimage"},"thumbnailUrl":"https:\/\/centrumzaburzenodzywiania.pl\/strefaspecjalisty\/wp-content\/uploads\/2021\/02\/manoreksja-nowe-wyzwanie-dla-dietetykow-i-lekarzy.jpeg","datePublished":"2021-02-28T11:02:35+00:00","dateModified":"2026-01-13T14:22:10+00:00","description":"Czym jest Manoreksja? Dowiedz si\u0119 wi\u0119cej o anoreksji u m\u0119\u017cczyzn i trudno\u015bciach w jej diagnozie i leczeniu.","breadcrumb":{"@id":"https:\/\/centrumzaburzenodzywiania.pl\/strefaspecjalisty\/manoreksja-nowe-wyzwanie-dla-dietetykow-i-lekarzy\/#breadcrumb"},"inLanguage":"pl-PL","potentialAction":[{"@type":"ReadAction","target":["https:\/\/centrumzaburzenodzywiania.pl\/strefaspecjalisty\/manoreksja-nowe-wyzwanie-dla-dietetykow-i-lekarzy\/"]}]},{"@type":"ImageObject","inLanguage":"pl-PL","@id":"https:\/\/centrumzaburzenodzywiania.pl\/strefaspecjalisty\/manoreksja-nowe-wyzwanie-dla-dietetykow-i-lekarzy\/#primaryimage","url":"https:\/\/centrumzaburzenodzywiania.pl\/strefaspecjalisty\/wp-content\/uploads\/2021\/02\/manoreksja-nowe-wyzwanie-dla-dietetykow-i-lekarzy.jpeg","contentUrl":"https:\/\/centrumzaburzenodzywiania.pl\/strefaspecjalisty\/wp-content\/uploads\/2021\/02\/manoreksja-nowe-wyzwanie-dla-dietetykow-i-lekarzy.jpeg","width":1880,"height":1253},{"@type":"BreadcrumbList","@id":"https:\/\/centrumzaburzenodzywiania.pl\/strefaspecjalisty\/manoreksja-nowe-wyzwanie-dla-dietetykow-i-lekarzy\/#breadcrumb","itemListElement":[{"@type":"ListItem","position":1,"name":"Strona g\u0142\u00f3wna","item":"https:\/\/centrumzaburzenodzywiania.pl\/strefaspecjalisty\/"},{"@type":"ListItem","position":2,"name":"Manoreksja \u2013 nowe wyzwanie dla dietetyk\u00f3w i lekarzy."}]},{"@type":"WebSite","@id":"https:\/\/centrumzaburzenodzywiania.pl\/strefaspecjalisty\/#website","url":"https:\/\/centrumzaburzenodzywiania.pl\/strefaspecjalisty\/","name":"Strefa Specjalisty - Og\u00f3lnopolskie Centrum Zaburze\u0144 Od\u017cywiania","description":"Strefa Specjalisty - Og\u00f3lnopolskie Centrum Zaburze\u0144 Od\u017cywiania","publisher":{"@id":"https:\/\/centrumzaburzenodzywiania.pl\/strefaspecjalisty\/#organization"},"potentialAction":[{"@type":"SearchAction","target":{"@type":"EntryPoint","urlTemplate":"https:\/\/centrumzaburzenodzywiania.pl\/strefaspecjalisty\/?s={search_term_string}"},"query-input":{"@type":"PropertyValueSpecification","valueRequired":true,"valueName":"search_term_string"}}],"inLanguage":"pl-PL"},{"@type":"Organization","@id":"https:\/\/centrumzaburzenodzywiania.pl\/strefaspecjalisty\/#organization","name":"Strefa Specjalisty - Og\u00f3lnopolskie Centrum Zaburze\u0144 Od\u017cywiania","url":"https:\/\/centrumzaburzenodzywiania.pl\/strefaspecjalisty\/","logo":{"@type":"ImageObject","inLanguage":"pl-PL","@id":"https:\/\/centrumzaburzenodzywiania.pl\/strefaspecjalisty\/#\/schema\/logo\/image\/","url":"https:\/\/centrumzaburzenodzywiania.pl\/strefaspecjalisty\/wp-content\/uploads\/2025\/11\/logo.png","contentUrl":"https:\/\/centrumzaburzenodzywiania.pl\/strefaspecjalisty\/wp-content\/uploads\/2025\/11\/logo.png","width":141,"height":54,"caption":"Strefa Specjalisty - Og\u00f3lnopolskie Centrum Zaburze\u0144 Od\u017cywiania"},"image":{"@id":"https:\/\/centrumzaburzenodzywiania.pl\/strefaspecjalisty\/#\/schema\/logo\/image\/"}},{"@type":"Person","@id":"https:\/\/centrumzaburzenodzywiania.pl\/strefaspecjalisty\/#\/schema\/person\/4bb57bd5e4bd7d5f41cee36db68e8395","name":"Monika Piotrowska","image":{"@type":"ImageObject","inLanguage":"pl-PL","@id":"https:\/\/secure.gravatar.com\/avatar\/f10ad2822576477d416c760a199900e38d61b307c4b95b8675199d3e39a811b3?s=96&d=mm&r=g","url":"https:\/\/secure.gravatar.com\/avatar\/f10ad2822576477d416c760a199900e38d61b307c4b95b8675199d3e39a811b3?s=96&d=mm&r=g","contentUrl":"https:\/\/secure.gravatar.com\/avatar\/f10ad2822576477d416c760a199900e38d61b307c4b95b8675199d3e39a811b3?s=96&d=mm&r=g","caption":"Monika Piotrowska"},"url":"https:\/\/centrumzaburzenodzywiania.pl\/strefaspecjalisty\/author\/piotrowska1monikagmail-com\/"}]}},"_links":{"self":[{"href":"https:\/\/centrumzaburzenodzywiania.pl\/strefaspecjalisty\/wp-json\/wp\/v2\/posts\/158","targetHints":{"allow":["GET"]}}],"collection":[{"href":"https:\/\/centrumzaburzenodzywiania.pl\/strefaspecjalisty\/wp-json\/wp\/v2\/posts"}],"about":[{"href":"https:\/\/centrumzaburzenodzywiania.pl\/strefaspecjalisty\/wp-json\/wp\/v2\/types\/post"}],"author":[{"embeddable":true,"href":"https:\/\/centrumzaburzenodzywiania.pl\/strefaspecjalisty\/wp-json\/wp\/v2\/users\/3"}],"replies":[{"embeddable":true,"href":"https:\/\/centrumzaburzenodzywiania.pl\/strefaspecjalisty\/wp-json\/wp\/v2\/comments?post=158"}],"version-history":[{"count":2,"href":"https:\/\/centrumzaburzenodzywiania.pl\/strefaspecjalisty\/wp-json\/wp\/v2\/posts\/158\/revisions"}],"predecessor-version":[{"id":3717,"href":"https:\/\/centrumzaburzenodzywiania.pl\/strefaspecjalisty\/wp-json\/wp\/v2\/posts\/158\/revisions\/3717"}],"wp:featuredmedia":[{"embeddable":true,"href":"https:\/\/centrumzaburzenodzywiania.pl\/strefaspecjalisty\/wp-json\/wp\/v2\/media\/159"}],"wp:attachment":[{"href":"https:\/\/centrumzaburzenodzywiania.pl\/strefaspecjalisty\/wp-json\/wp\/v2\/media?parent=158"}],"wp:term":[{"taxonomy":"category","embeddable":true,"href":"https:\/\/centrumzaburzenodzywiania.pl\/strefaspecjalisty\/wp-json\/wp\/v2\/categories?post=158"},{"taxonomy":"post_tag","embeddable":true,"href":"https:\/\/centrumzaburzenodzywiania.pl\/strefaspecjalisty\/wp-json\/wp\/v2\/tags?post=158"}],"curies":[{"name":"wp","href":"https:\/\/api.w.org\/{rel}","templated":true}]}}