{"id":155,"date":"2021-02-28T12:01:27","date_gmt":"2021-02-28T11:01:27","guid":{"rendered":"https:\/\/centrumzaburzenodzywiania.pl\/strefaspecjalisty\/?p=155"},"modified":"2026-01-13T15:23:32","modified_gmt":"2026-01-13T14:23:32","slug":"anoreksja-wsrod-osob-starszych","status":"publish","type":"post","link":"https:\/\/centrumzaburzenodzywiania.pl\/strefaspecjalisty\/anoreksja-wsrod-osob-starszych\/","title":{"rendered":"Anoreksja w\u015br\u00f3d os\u00f3b starszych."},"content":{"rendered":"\n<p>Anorexia nervosa to zjawisko kojarzone przede wszystkim z osobami w okresie adolescencji. Nic w tym dziwnego \u2013 jak podaje ANAD (National Association of Anorexia Nervosa and Associated Disorders ) a\u017c 1% dorastaj\u0105cych dziewcz\u0105t cierpi na anoreksj\u0119. To w\u0142a\u015bnie nastolatki s\u0105 grup\u0105 najbardziej zagro\u017con\u0105 ryzykiem pojawienia si\u0119 zaburzenia. R\u00f3wnocze\u015bnie ANAD wskazuje, \u017ce choroba ta mo\u017ce wyst\u0119powa\u0107 niezale\u017cnie od wieku \u2013 naukowcy jednak maj\u0105 podzielone zdania na ten temat. Cz\u0119\u015b\u0107 specjalist\u00f3w zaproponowa\u0142a stosowanie jednostki chorobowej o nazwie \u201eanorexia tardive\u201d w odniesieniu od os\u00f3b, kt\u00f3re uko\u0144czy\u0142y 25 rok \u017cycia. Niekt\u00f3rzy \u2013 jak Selvini Palazzoli, w\u0142oska psychiatra \u2013 zaznaczaj\u0105, \u017ce termin \u201eanorexia nervosa\u201d powinien by\u0107 stosowany tylko i wy\u0142\u0105cznie w&nbsp;kontek\u015bcie zaburze\u0144 rozpoznanych w okresie dojrzewania lub wcze\u015bniej. Wydaje si\u0119, \u017ce jest to zbyt restrykcyjne podej\u015bcie, kt\u00f3re wyklucza znaczn\u0105 grup\u0119 cierpi\u0105cych os\u00f3b i uniemo\u017cliwia postawienie trafnej diagnozy.<\/p>\n\n\n\n<p><strong>Jak scharakteryzowa\u0107 anoreksj\u0119, kt\u00f3ra dotyka os\u00f3b starszych?<\/strong><\/p>\n\n\n\n<p>Zacznijmy od tego, jakie s\u0105 przyczyny wyst\u0119powania anorexia nervosa w\u015br\u00f3d os\u00f3b w podesz\u0142ym wieku. Badacze Hsu i Zimmer wskazuj\u0105 na to, \u017ce w zwi\u0105zku z rosn\u0105c\u0105 w ostatnich dekadach liczb\u0105 zachorowa\u0144 na anoreksj\u0119, a tak\u017ce tym, \u017ce przynajmniej 20% os\u00f3b choruje przewlekle, wielu pacjent\u00f3w zmaga si\u0119 z tym zaburzeniem nawet kilkadziesi\u0105t lat od jego rozpoznania \u2013 a zatem tak\u017ce w czasie swojej staro\u015bci. Niekt\u00f3rzy mog\u0105 zachorowa\u0107 w m\u0142odo\u015bci i przez wiele lat wygrywa\u0107 z chorob\u0105, by ponownie podda\u0107 si\u0119 jej na staro\u015b\u0107. Zdarzaj\u0105 si\u0119 i tacy, kt\u00f3ry po raz pierwszy zachoruj\u0105 maj\u0105c ju\u017c kilkadziesi\u0105t lat. Podkre\u015bla si\u0119 tu znaczenie nacisku spo\u0142ecznego na to, by mie\u0107 szczup\u0142\u0105, zgrabn\u0105 \u2013 a nawet chud\u0105 czy wychudzon\u0105 \u2013 sylwetk\u0119, niezale\u017cnie od wieku. Wydaje si\u0119, \u017ce wsp\u00f3\u0142czesne starsze kobiety \u2013 podobnie jak m\u0142odsze \u2013 zacz\u0119\u0142y ulega\u0107 tej powszechnej w \u015bwiecie zachodnim presji.<\/p>\n\n\n\n<p>Jakie s\u0105 podobie\u0144stwa w przebiegu anoreksji u adolescent\u00f3w i os\u00f3b starszych? Zar\u00f3wno m\u0142odsi, jak i starsi unikaj\u0105 spo\u017cywania posi\u0142k\u00f3w w celu zyskania szczuplejszej oraz atrakcyjniejszej sylwetki. W obu grupach pojawia si\u0119 silny l\u0119k przy przybraniem na wadze. Badacze wskazuj\u0105 te\u017c na to, \u017ce pacjenci \u2013 niezale\u017cnie od wieku \u2013 zyskuj\u0105 poprzez do\u015bwiadczenia zwi\u0105zane z anoreksj\u0105 poczucie kontroli. U obu grup wyst\u0119puje r\u00f3wnie\u017c niech\u0119\u0107 do przyznania si\u0119 przez osoby do faktu przynale\u017cenia do grupy choruj\u0105cych na anoreksj\u0119.<\/p>\n\n\n\n<p>R\u00f3wnocze\u015bnie badacze wyr\u00f3\u017cniaj\u0105 kilka r\u00f3\u017cnic, z czego Hsu i Zimmer za najbardziej znacz\u0105c\u0105 (ich zdaniem wr\u0119cz jedyn\u0105) uwa\u017caj\u0105 kwesti\u0119 konflikt\u00f3w seksualnych, kt\u00f3re cho\u0107 obecne w\u015br\u00f3d adolescent\u00f3w, to po\u015br\u00f3d os\u00f3b w podesz\u0142ym wieku zdaj\u0105 si\u0119 nie mie\u0107 wi\u0119kszego znaczenia. Bulik, prowadz\u0105ca program badawczy dotycz\u0105cy zaburze\u0144 od\u017cywiania, podkre\u015bla te\u017c wi\u0119ksze zagro\u017cenie dla zdrowia w przypadku zachorowania przez osoby starsze, poniewa\u017c z wiekiem cia\u0142o staje si\u0119 mniej wytrzyma\u0142e. Niekt\u00f3re statystyki wskazuj\u0105, \u017ce nawet 78% przypadk\u00f3w \u015bmierci spowodowanych anoreksj\u0105 w USA dotyczy w\u0142a\u015bnie os\u00f3b starszych.<\/p>\n\n\n\n<p><strong>Trudno\u015bci w rozpoznaniu zaburzenia.<\/strong><\/p>\n\n\n\n<p>Znacz\u0105c\u0105 trudno\u015bci\u0105 w przypadku anoreksji wyst\u0119puj\u0105cej u os\u00f3b starszych jest prawid\u0142owa diagnoza. Jak zaznaczono wy\u017cej, nie wszyscy badacze dopuszczaj\u0105 mo\u017cliwo\u015b\u0107 zachorowania przez osoby w podesz\u0142ym wieku. Poza tym objawy anoreksji mog\u0105 zosta\u0107 zakamuflowane przez wyst\u0119puj\u0105c\u0105 u pacjenta depresj\u0119. Dlatego tak istotne jest, by nie ignorowa\u0107 niew\u0105tpliwych sygna\u0142\u00f3w wskazuj\u0105cych na nieprawid\u0142owo\u015bci wok\u00f3\u0142 od\u017cywiania u danej osoby. Pomocne mo\u017ce by\u0107 nie tylko dok\u0142adne zbadanie osoby starszej, ale tak\u017ce wywiad z cz\u0142onkami rodziny czy osobami z najbli\u017cszego otoczenia pacjenta.<\/p>\n\n\n\n<p>Wydaje si\u0119, \u017ce choroba, jak\u0105 jest anoreksja, nie zna poj\u0119cia wieku. Zatem niezale\u017cnie od prze\u017cytych przez pacjenta lat zawsze powinna by\u0107 mu oferowana profesjonalna pomoc \u2013 ka\u017cdy mo\u017ce zawalczy\u0107 o siebie, swoje zdrowie, a przede wszystkim \u017cycie.<\/p>\n\n\n\n<p><em>Autor: Katarzyna Pilarczyk<\/em><\/p>\n\n\n\n<p><em>\u0179r\u00f3d\u0142a:<\/em><\/p>\n\n\n\n<p>Starzomska, M., Anorexia nervosa w wieku starszym. Psychogeriatria Polska 2008, 5(4), 159-164<\/p>\n\n\n\n<p>Hill, R., Haslett, C., Kumar S., Anorexia nervosa in an elderly woman,Australian and New Zealand Journal of Psychiatry 2001, 35, 246\u2013248<\/p>\n\n\n\n<p><a href=\"http:\/\/www.anad.org\/\">http:\/\/www.anad.org<\/a>&nbsp;(20.08.2015)<\/p>\n","protected":false},"excerpt":{"rendered":"<p>Anorexia nervosa to zjawisko kojarzone przede wszystkim z osobami w okresie adolescencji. Nic w tym dziwnego \u2013 jak podaje ANAD (National Association of Anorexia Nervosa and Associated Disorders ) a\u017c 1% dorastaj\u0105cych dziewcz\u0105t cierpi na anoreksj\u0119. To w\u0142a\u015bnie nastolatki s\u0105 grup\u0105 najbardziej zagro\u017con\u0105 ryzykiem pojawienia si\u0119 zaburzenia. R\u00f3wnocze\u015bnie ANAD wskazuje, \u017ce choroba ta mo\u017ce wyst\u0119powa\u0107 [&hellip;]<\/p>\n","protected":false},"author":3,"featured_media":156,"comment_status":"closed","ping_status":"closed","sticky":false,"template":"","format":"standard","meta":{"_acf_changed":false,"inline_featured_image":false,"footnotes":""},"categories":[2],"tags":[],"class_list":["post-155","post","type-post","status-publish","format-standard","has-post-thumbnail","hentry","category-blog"],"acf":[],"yoast_head":"<!-- This site is optimized with the Yoast SEO plugin v27.4 - https:\/\/yoast.com\/product\/yoast-seo-wordpress\/ -->\n<title>Anoreksja w\u015br\u00f3d os\u00f3b starszych. - Strefa Specjalisty - Og\u00f3lnopolskie Centrum Zaburze\u0144 Od\u017cywiania<\/title>\n<meta name=\"description\" content=\"Jak przebiega anoreksja u os\u00f3b starszych? Czym si\u0119 r\u00f3\u017cni od anoreksji we wcze\u015bniejszych latach \u017cycia i jak przebiega leczenie?\" \/>\n<meta name=\"robots\" content=\"index, follow, max-snippet:-1, max-image-preview:large, max-video-preview:-1\" \/>\n<link rel=\"canonical\" href=\"https:\/\/centrumzaburzenodzywiania.pl\/strefaspecjalisty\/anoreksja-wsrod-osob-starszych\/\" \/>\n<meta property=\"og:locale\" content=\"pl_PL\" \/>\n<meta property=\"og:type\" content=\"article\" \/>\n<meta property=\"og:title\" content=\"Anoreksja w\u015br\u00f3d os\u00f3b starszych. - Strefa Specjalisty - Og\u00f3lnopolskie Centrum Zaburze\u0144 Od\u017cywiania\" \/>\n<meta property=\"og:description\" content=\"Jak przebiega anoreksja u os\u00f3b starszych? Czym si\u0119 r\u00f3\u017cni od anoreksji we wcze\u015bniejszych latach \u017cycia i jak przebiega leczenie?\" \/>\n<meta property=\"og:url\" content=\"https:\/\/centrumzaburzenodzywiania.pl\/strefaspecjalisty\/anoreksja-wsrod-osob-starszych\/\" \/>\n<meta property=\"og:site_name\" content=\"Strefa Specjalisty - Og\u00f3lnopolskie Centrum Zaburze\u0144 Od\u017cywiania\" \/>\n<meta property=\"article:published_time\" content=\"2021-02-28T11:01:27+00:00\" \/>\n<meta property=\"article:modified_time\" content=\"2026-01-13T14:23:32+00:00\" \/>\n<meta property=\"og:image\" content=\"https:\/\/centrumzaburzenodzywiania.pl\/strefaspecjalisty\/wp-content\/uploads\/2021\/02\/anoreksja-wsrod-osob-starszych.jpg\" \/>\n\t<meta property=\"og:image:width\" content=\"940\" \/>\n\t<meta property=\"og:image:height\" content=\"625\" \/>\n\t<meta property=\"og:image:type\" content=\"image\/jpeg\" \/>\n<meta name=\"author\" content=\"Monika Piotrowska\" \/>\n<meta name=\"twitter:card\" content=\"summary_large_image\" \/>\n<meta name=\"twitter:label1\" content=\"Napisane przez\" \/>\n\t<meta name=\"twitter:data1\" content=\"Monika Piotrowska\" \/>\n\t<meta name=\"twitter:label2\" content=\"Szacowany czas czytania\" \/>\n\t<meta name=\"twitter:data2\" content=\"4 minuty\" \/>\n<script type=\"application\/ld+json\" class=\"yoast-schema-graph\">{\"@context\":\"https:\\\/\\\/schema.org\",\"@graph\":[{\"@type\":\"Article\",\"@id\":\"https:\\\/\\\/centrumzaburzenodzywiania.pl\\\/strefaspecjalisty\\\/anoreksja-wsrod-osob-starszych\\\/#article\",\"isPartOf\":{\"@id\":\"https:\\\/\\\/centrumzaburzenodzywiania.pl\\\/strefaspecjalisty\\\/anoreksja-wsrod-osob-starszych\\\/\"},\"author\":{\"name\":\"Monika Piotrowska\",\"@id\":\"https:\\\/\\\/centrumzaburzenodzywiania.pl\\\/strefaspecjalisty\\\/#\\\/schema\\\/person\\\/4bb57bd5e4bd7d5f41cee36db68e8395\"},\"headline\":\"Anoreksja w\u015br\u00f3d os\u00f3b starszych.\",\"datePublished\":\"2021-02-28T11:01:27+00:00\",\"dateModified\":\"2026-01-13T14:23:32+00:00\",\"mainEntityOfPage\":{\"@id\":\"https:\\\/\\\/centrumzaburzenodzywiania.pl\\\/strefaspecjalisty\\\/anoreksja-wsrod-osob-starszych\\\/\"},\"wordCount\":709,\"publisher\":{\"@id\":\"https:\\\/\\\/centrumzaburzenodzywiania.pl\\\/strefaspecjalisty\\\/#organization\"},\"image\":{\"@id\":\"https:\\\/\\\/centrumzaburzenodzywiania.pl\\\/strefaspecjalisty\\\/anoreksja-wsrod-osob-starszych\\\/#primaryimage\"},\"thumbnailUrl\":\"https:\\\/\\\/centrumzaburzenodzywiania.pl\\\/strefaspecjalisty\\\/wp-content\\\/uploads\\\/2021\\\/02\\\/anoreksja-wsrod-osob-starszych.jpg\",\"articleSection\":[\"Blog\"],\"inLanguage\":\"pl-PL\"},{\"@type\":\"WebPage\",\"@id\":\"https:\\\/\\\/centrumzaburzenodzywiania.pl\\\/strefaspecjalisty\\\/anoreksja-wsrod-osob-starszych\\\/\",\"url\":\"https:\\\/\\\/centrumzaburzenodzywiania.pl\\\/strefaspecjalisty\\\/anoreksja-wsrod-osob-starszych\\\/\",\"name\":\"Anoreksja w\u015br\u00f3d os\u00f3b starszych. - Strefa Specjalisty - Og\u00f3lnopolskie Centrum Zaburze\u0144 Od\u017cywiania\",\"isPartOf\":{\"@id\":\"https:\\\/\\\/centrumzaburzenodzywiania.pl\\\/strefaspecjalisty\\\/#website\"},\"primaryImageOfPage\":{\"@id\":\"https:\\\/\\\/centrumzaburzenodzywiania.pl\\\/strefaspecjalisty\\\/anoreksja-wsrod-osob-starszych\\\/#primaryimage\"},\"image\":{\"@id\":\"https:\\\/\\\/centrumzaburzenodzywiania.pl\\\/strefaspecjalisty\\\/anoreksja-wsrod-osob-starszych\\\/#primaryimage\"},\"thumbnailUrl\":\"https:\\\/\\\/centrumzaburzenodzywiania.pl\\\/strefaspecjalisty\\\/wp-content\\\/uploads\\\/2021\\\/02\\\/anoreksja-wsrod-osob-starszych.jpg\",\"datePublished\":\"2021-02-28T11:01:27+00:00\",\"dateModified\":\"2026-01-13T14:23:32+00:00\",\"description\":\"Jak przebiega anoreksja u os\u00f3b starszych? Czym si\u0119 r\u00f3\u017cni od anoreksji we wcze\u015bniejszych latach \u017cycia i jak przebiega leczenie?\",\"breadcrumb\":{\"@id\":\"https:\\\/\\\/centrumzaburzenodzywiania.pl\\\/strefaspecjalisty\\\/anoreksja-wsrod-osob-starszych\\\/#breadcrumb\"},\"inLanguage\":\"pl-PL\",\"potentialAction\":[{\"@type\":\"ReadAction\",\"target\":[\"https:\\\/\\\/centrumzaburzenodzywiania.pl\\\/strefaspecjalisty\\\/anoreksja-wsrod-osob-starszych\\\/\"]}]},{\"@type\":\"ImageObject\",\"inLanguage\":\"pl-PL\",\"@id\":\"https:\\\/\\\/centrumzaburzenodzywiania.pl\\\/strefaspecjalisty\\\/anoreksja-wsrod-osob-starszych\\\/#primaryimage\",\"url\":\"https:\\\/\\\/centrumzaburzenodzywiania.pl\\\/strefaspecjalisty\\\/wp-content\\\/uploads\\\/2021\\\/02\\\/anoreksja-wsrod-osob-starszych.jpg\",\"contentUrl\":\"https:\\\/\\\/centrumzaburzenodzywiania.pl\\\/strefaspecjalisty\\\/wp-content\\\/uploads\\\/2021\\\/02\\\/anoreksja-wsrod-osob-starszych.jpg\",\"width\":940,\"height\":625},{\"@type\":\"BreadcrumbList\",\"@id\":\"https:\\\/\\\/centrumzaburzenodzywiania.pl\\\/strefaspecjalisty\\\/anoreksja-wsrod-osob-starszych\\\/#breadcrumb\",\"itemListElement\":[{\"@type\":\"ListItem\",\"position\":1,\"name\":\"Strona g\u0142\u00f3wna\",\"item\":\"https:\\\/\\\/centrumzaburzenodzywiania.pl\\\/strefaspecjalisty\\\/\"},{\"@type\":\"ListItem\",\"position\":2,\"name\":\"Anoreksja w\u015br\u00f3d os\u00f3b starszych.\"}]},{\"@type\":\"WebSite\",\"@id\":\"https:\\\/\\\/centrumzaburzenodzywiania.pl\\\/strefaspecjalisty\\\/#website\",\"url\":\"https:\\\/\\\/centrumzaburzenodzywiania.pl\\\/strefaspecjalisty\\\/\",\"name\":\"Strefa Specjalisty - Og\u00f3lnopolskie Centrum Zaburze\u0144 Od\u017cywiania\",\"description\":\"Strefa Specjalisty - Og\u00f3lnopolskie Centrum Zaburze\u0144 Od\u017cywiania\",\"publisher\":{\"@id\":\"https:\\\/\\\/centrumzaburzenodzywiania.pl\\\/strefaspecjalisty\\\/#organization\"},\"potentialAction\":[{\"@type\":\"SearchAction\",\"target\":{\"@type\":\"EntryPoint\",\"urlTemplate\":\"https:\\\/\\\/centrumzaburzenodzywiania.pl\\\/strefaspecjalisty\\\/?s={search_term_string}\"},\"query-input\":{\"@type\":\"PropertyValueSpecification\",\"valueRequired\":true,\"valueName\":\"search_term_string\"}}],\"inLanguage\":\"pl-PL\"},{\"@type\":\"Organization\",\"@id\":\"https:\\\/\\\/centrumzaburzenodzywiania.pl\\\/strefaspecjalisty\\\/#organization\",\"name\":\"Strefa Specjalisty - Og\u00f3lnopolskie Centrum Zaburze\u0144 Od\u017cywiania\",\"url\":\"https:\\\/\\\/centrumzaburzenodzywiania.pl\\\/strefaspecjalisty\\\/\",\"logo\":{\"@type\":\"ImageObject\",\"inLanguage\":\"pl-PL\",\"@id\":\"https:\\\/\\\/centrumzaburzenodzywiania.pl\\\/strefaspecjalisty\\\/#\\\/schema\\\/logo\\\/image\\\/\",\"url\":\"https:\\\/\\\/centrumzaburzenodzywiania.pl\\\/strefaspecjalisty\\\/wp-content\\\/uploads\\\/2025\\\/11\\\/logo.png\",\"contentUrl\":\"https:\\\/\\\/centrumzaburzenodzywiania.pl\\\/strefaspecjalisty\\\/wp-content\\\/uploads\\\/2025\\\/11\\\/logo.png\",\"width\":141,\"height\":54,\"caption\":\"Strefa Specjalisty - Og\u00f3lnopolskie Centrum Zaburze\u0144 Od\u017cywiania\"},\"image\":{\"@id\":\"https:\\\/\\\/centrumzaburzenodzywiania.pl\\\/strefaspecjalisty\\\/#\\\/schema\\\/logo\\\/image\\\/\"}},{\"@type\":\"Person\",\"@id\":\"https:\\\/\\\/centrumzaburzenodzywiania.pl\\\/strefaspecjalisty\\\/#\\\/schema\\\/person\\\/4bb57bd5e4bd7d5f41cee36db68e8395\",\"name\":\"Monika Piotrowska\",\"image\":{\"@type\":\"ImageObject\",\"inLanguage\":\"pl-PL\",\"@id\":\"https:\\\/\\\/secure.gravatar.com\\\/avatar\\\/f10ad2822576477d416c760a199900e38d61b307c4b95b8675199d3e39a811b3?s=96&d=mm&r=g\",\"url\":\"https:\\\/\\\/secure.gravatar.com\\\/avatar\\\/f10ad2822576477d416c760a199900e38d61b307c4b95b8675199d3e39a811b3?s=96&d=mm&r=g\",\"contentUrl\":\"https:\\\/\\\/secure.gravatar.com\\\/avatar\\\/f10ad2822576477d416c760a199900e38d61b307c4b95b8675199d3e39a811b3?s=96&d=mm&r=g\",\"caption\":\"Monika Piotrowska\"},\"url\":\"https:\\\/\\\/centrumzaburzenodzywiania.pl\\\/strefaspecjalisty\\\/author\\\/piotrowska1monikagmail-com\\\/\"}]}<\/script>\n<!-- \/ Yoast SEO plugin. -->","yoast_head_json":{"title":"Anoreksja w\u015br\u00f3d os\u00f3b starszych. - Strefa Specjalisty - Og\u00f3lnopolskie Centrum Zaburze\u0144 Od\u017cywiania","description":"Jak przebiega anoreksja u os\u00f3b starszych? Czym si\u0119 r\u00f3\u017cni od anoreksji we wcze\u015bniejszych latach \u017cycia i jak przebiega leczenie?","robots":{"index":"index","follow":"follow","max-snippet":"max-snippet:-1","max-image-preview":"max-image-preview:large","max-video-preview":"max-video-preview:-1"},"canonical":"https:\/\/centrumzaburzenodzywiania.pl\/strefaspecjalisty\/anoreksja-wsrod-osob-starszych\/","og_locale":"pl_PL","og_type":"article","og_title":"Anoreksja w\u015br\u00f3d os\u00f3b starszych. - Strefa Specjalisty - Og\u00f3lnopolskie Centrum Zaburze\u0144 Od\u017cywiania","og_description":"Jak przebiega anoreksja u os\u00f3b starszych? Czym si\u0119 r\u00f3\u017cni od anoreksji we wcze\u015bniejszych latach \u017cycia i jak przebiega leczenie?","og_url":"https:\/\/centrumzaburzenodzywiania.pl\/strefaspecjalisty\/anoreksja-wsrod-osob-starszych\/","og_site_name":"Strefa Specjalisty - Og\u00f3lnopolskie Centrum Zaburze\u0144 Od\u017cywiania","article_published_time":"2021-02-28T11:01:27+00:00","article_modified_time":"2026-01-13T14:23:32+00:00","og_image":[{"width":940,"height":625,"url":"https:\/\/centrumzaburzenodzywiania.pl\/strefaspecjalisty\/wp-content\/uploads\/2021\/02\/anoreksja-wsrod-osob-starszych.jpg","type":"image\/jpeg"}],"author":"Monika Piotrowska","twitter_card":"summary_large_image","twitter_misc":{"Napisane przez":"Monika Piotrowska","Szacowany czas czytania":"4 minuty"},"schema":{"@context":"https:\/\/schema.org","@graph":[{"@type":"Article","@id":"https:\/\/centrumzaburzenodzywiania.pl\/strefaspecjalisty\/anoreksja-wsrod-osob-starszych\/#article","isPartOf":{"@id":"https:\/\/centrumzaburzenodzywiania.pl\/strefaspecjalisty\/anoreksja-wsrod-osob-starszych\/"},"author":{"name":"Monika Piotrowska","@id":"https:\/\/centrumzaburzenodzywiania.pl\/strefaspecjalisty\/#\/schema\/person\/4bb57bd5e4bd7d5f41cee36db68e8395"},"headline":"Anoreksja w\u015br\u00f3d os\u00f3b starszych.","datePublished":"2021-02-28T11:01:27+00:00","dateModified":"2026-01-13T14:23:32+00:00","mainEntityOfPage":{"@id":"https:\/\/centrumzaburzenodzywiania.pl\/strefaspecjalisty\/anoreksja-wsrod-osob-starszych\/"},"wordCount":709,"publisher":{"@id":"https:\/\/centrumzaburzenodzywiania.pl\/strefaspecjalisty\/#organization"},"image":{"@id":"https:\/\/centrumzaburzenodzywiania.pl\/strefaspecjalisty\/anoreksja-wsrod-osob-starszych\/#primaryimage"},"thumbnailUrl":"https:\/\/centrumzaburzenodzywiania.pl\/strefaspecjalisty\/wp-content\/uploads\/2021\/02\/anoreksja-wsrod-osob-starszych.jpg","articleSection":["Blog"],"inLanguage":"pl-PL"},{"@type":"WebPage","@id":"https:\/\/centrumzaburzenodzywiania.pl\/strefaspecjalisty\/anoreksja-wsrod-osob-starszych\/","url":"https:\/\/centrumzaburzenodzywiania.pl\/strefaspecjalisty\/anoreksja-wsrod-osob-starszych\/","name":"Anoreksja w\u015br\u00f3d os\u00f3b starszych. - Strefa Specjalisty - Og\u00f3lnopolskie Centrum Zaburze\u0144 Od\u017cywiania","isPartOf":{"@id":"https:\/\/centrumzaburzenodzywiania.pl\/strefaspecjalisty\/#website"},"primaryImageOfPage":{"@id":"https:\/\/centrumzaburzenodzywiania.pl\/strefaspecjalisty\/anoreksja-wsrod-osob-starszych\/#primaryimage"},"image":{"@id":"https:\/\/centrumzaburzenodzywiania.pl\/strefaspecjalisty\/anoreksja-wsrod-osob-starszych\/#primaryimage"},"thumbnailUrl":"https:\/\/centrumzaburzenodzywiania.pl\/strefaspecjalisty\/wp-content\/uploads\/2021\/02\/anoreksja-wsrod-osob-starszych.jpg","datePublished":"2021-02-28T11:01:27+00:00","dateModified":"2026-01-13T14:23:32+00:00","description":"Jak przebiega anoreksja u os\u00f3b starszych? Czym si\u0119 r\u00f3\u017cni od anoreksji we wcze\u015bniejszych latach \u017cycia i jak przebiega leczenie?","breadcrumb":{"@id":"https:\/\/centrumzaburzenodzywiania.pl\/strefaspecjalisty\/anoreksja-wsrod-osob-starszych\/#breadcrumb"},"inLanguage":"pl-PL","potentialAction":[{"@type":"ReadAction","target":["https:\/\/centrumzaburzenodzywiania.pl\/strefaspecjalisty\/anoreksja-wsrod-osob-starszych\/"]}]},{"@type":"ImageObject","inLanguage":"pl-PL","@id":"https:\/\/centrumzaburzenodzywiania.pl\/strefaspecjalisty\/anoreksja-wsrod-osob-starszych\/#primaryimage","url":"https:\/\/centrumzaburzenodzywiania.pl\/strefaspecjalisty\/wp-content\/uploads\/2021\/02\/anoreksja-wsrod-osob-starszych.jpg","contentUrl":"https:\/\/centrumzaburzenodzywiania.pl\/strefaspecjalisty\/wp-content\/uploads\/2021\/02\/anoreksja-wsrod-osob-starszych.jpg","width":940,"height":625},{"@type":"BreadcrumbList","@id":"https:\/\/centrumzaburzenodzywiania.pl\/strefaspecjalisty\/anoreksja-wsrod-osob-starszych\/#breadcrumb","itemListElement":[{"@type":"ListItem","position":1,"name":"Strona g\u0142\u00f3wna","item":"https:\/\/centrumzaburzenodzywiania.pl\/strefaspecjalisty\/"},{"@type":"ListItem","position":2,"name":"Anoreksja w\u015br\u00f3d os\u00f3b starszych."}]},{"@type":"WebSite","@id":"https:\/\/centrumzaburzenodzywiania.pl\/strefaspecjalisty\/#website","url":"https:\/\/centrumzaburzenodzywiania.pl\/strefaspecjalisty\/","name":"Strefa Specjalisty - Og\u00f3lnopolskie Centrum Zaburze\u0144 Od\u017cywiania","description":"Strefa Specjalisty - Og\u00f3lnopolskie Centrum Zaburze\u0144 Od\u017cywiania","publisher":{"@id":"https:\/\/centrumzaburzenodzywiania.pl\/strefaspecjalisty\/#organization"},"potentialAction":[{"@type":"SearchAction","target":{"@type":"EntryPoint","urlTemplate":"https:\/\/centrumzaburzenodzywiania.pl\/strefaspecjalisty\/?s={search_term_string}"},"query-input":{"@type":"PropertyValueSpecification","valueRequired":true,"valueName":"search_term_string"}}],"inLanguage":"pl-PL"},{"@type":"Organization","@id":"https:\/\/centrumzaburzenodzywiania.pl\/strefaspecjalisty\/#organization","name":"Strefa Specjalisty - Og\u00f3lnopolskie Centrum Zaburze\u0144 Od\u017cywiania","url":"https:\/\/centrumzaburzenodzywiania.pl\/strefaspecjalisty\/","logo":{"@type":"ImageObject","inLanguage":"pl-PL","@id":"https:\/\/centrumzaburzenodzywiania.pl\/strefaspecjalisty\/#\/schema\/logo\/image\/","url":"https:\/\/centrumzaburzenodzywiania.pl\/strefaspecjalisty\/wp-content\/uploads\/2025\/11\/logo.png","contentUrl":"https:\/\/centrumzaburzenodzywiania.pl\/strefaspecjalisty\/wp-content\/uploads\/2025\/11\/logo.png","width":141,"height":54,"caption":"Strefa Specjalisty - Og\u00f3lnopolskie Centrum Zaburze\u0144 Od\u017cywiania"},"image":{"@id":"https:\/\/centrumzaburzenodzywiania.pl\/strefaspecjalisty\/#\/schema\/logo\/image\/"}},{"@type":"Person","@id":"https:\/\/centrumzaburzenodzywiania.pl\/strefaspecjalisty\/#\/schema\/person\/4bb57bd5e4bd7d5f41cee36db68e8395","name":"Monika Piotrowska","image":{"@type":"ImageObject","inLanguage":"pl-PL","@id":"https:\/\/secure.gravatar.com\/avatar\/f10ad2822576477d416c760a199900e38d61b307c4b95b8675199d3e39a811b3?s=96&d=mm&r=g","url":"https:\/\/secure.gravatar.com\/avatar\/f10ad2822576477d416c760a199900e38d61b307c4b95b8675199d3e39a811b3?s=96&d=mm&r=g","contentUrl":"https:\/\/secure.gravatar.com\/avatar\/f10ad2822576477d416c760a199900e38d61b307c4b95b8675199d3e39a811b3?s=96&d=mm&r=g","caption":"Monika Piotrowska"},"url":"https:\/\/centrumzaburzenodzywiania.pl\/strefaspecjalisty\/author\/piotrowska1monikagmail-com\/"}]}},"_links":{"self":[{"href":"https:\/\/centrumzaburzenodzywiania.pl\/strefaspecjalisty\/wp-json\/wp\/v2\/posts\/155","targetHints":{"allow":["GET"]}}],"collection":[{"href":"https:\/\/centrumzaburzenodzywiania.pl\/strefaspecjalisty\/wp-json\/wp\/v2\/posts"}],"about":[{"href":"https:\/\/centrumzaburzenodzywiania.pl\/strefaspecjalisty\/wp-json\/wp\/v2\/types\/post"}],"author":[{"embeddable":true,"href":"https:\/\/centrumzaburzenodzywiania.pl\/strefaspecjalisty\/wp-json\/wp\/v2\/users\/3"}],"replies":[{"embeddable":true,"href":"https:\/\/centrumzaburzenodzywiania.pl\/strefaspecjalisty\/wp-json\/wp\/v2\/comments?post=155"}],"version-history":[{"count":2,"href":"https:\/\/centrumzaburzenodzywiania.pl\/strefaspecjalisty\/wp-json\/wp\/v2\/posts\/155\/revisions"}],"predecessor-version":[{"id":3718,"href":"https:\/\/centrumzaburzenodzywiania.pl\/strefaspecjalisty\/wp-json\/wp\/v2\/posts\/155\/revisions\/3718"}],"wp:featuredmedia":[{"embeddable":true,"href":"https:\/\/centrumzaburzenodzywiania.pl\/strefaspecjalisty\/wp-json\/wp\/v2\/media\/156"}],"wp:attachment":[{"href":"https:\/\/centrumzaburzenodzywiania.pl\/strefaspecjalisty\/wp-json\/wp\/v2\/media?parent=155"}],"wp:term":[{"taxonomy":"category","embeddable":true,"href":"https:\/\/centrumzaburzenodzywiania.pl\/strefaspecjalisty\/wp-json\/wp\/v2\/categories?post=155"},{"taxonomy":"post_tag","embeddable":true,"href":"https:\/\/centrumzaburzenodzywiania.pl\/strefaspecjalisty\/wp-json\/wp\/v2\/tags?post=155"}],"curies":[{"name":"wp","href":"https:\/\/api.w.org\/{rel}","templated":true}]}}