{"id":140,"date":"2021-02-28T11:54:45","date_gmt":"2021-02-28T10:54:45","guid":{"rendered":"https:\/\/centrumzaburzenodzywiania.pl\/strefaspecjalisty\/?p=140"},"modified":"2026-01-13T18:02:22","modified_gmt":"2026-01-13T17:02:22","slug":"niejedzenie-w-perspektywie-historycznej-i-psychoanalitycznej","status":"publish","type":"post","link":"https:\/\/centrumzaburzenodzywiania.pl\/strefaspecjalisty\/niejedzenie-w-perspektywie-historycznej-i-psychoanalitycznej\/","title":{"rendered":"\u201eNiejedzenie\u201d w perspektywie historycznej i psychoanalitycznej."},"content":{"rendered":"\n<p>Anoreksja psychiczna jest zaburzeniem, o kt\u00f3rych w mediach m\u00f3wi si\u0119 najwi\u0119cej. Jest zaburzeniem stosunkowo \u0142atwo \u201eidentyfikowalnym\u201d, poniewa\u017c wystaj\u0105cych ko\u015bci nie spos\u00f3b nie zauwa\u017cy\u0107. Anoreksja psychiczna, anorexia nervosa, jad\u0142owstr\u0119t psychiczny, niejedzenie, a mo\u017ce \u201ekaprys\u201d? Obecnie r\u00f3\u017cne nazwy i potoczne \u201eetykiety\u201d mo\u017cna spotka\u0107, jednak warto u\u015bwiadomi\u0107 sobie powag\u0119 tego problemu i nie nara\u017ca\u0107 osoby cierpi\u0105ce na negatywne komentarze, powoduj\u0105ce jeszcze wi\u0119ksze cierpienie. Wiele informacji do nas dociera, czytamy ksi\u0105\u017cki i artyku\u0142y na temat anoreksji psychicznej. Ale czy wiemy gdzie tak naprawd\u0119 w historii si\u0119ga\u0142y jej pocz\u0105tki?<\/p>\n\n\n\n<p><strong>Perspektywa historyczna&nbsp;&nbsp;<\/strong><\/p>\n\n\n\n<p>\u015aredniowiecze \u2013 epoka, w kt\u00f3rej na pierwszym planie znajdowa\u0142a si\u0119 modlitwa i \u017cycie w ascezie by\u0142a pierwsz\u0105, w kt\u00f3rej udokumentowano historyczny \u201eprzypadek\u201d anoreksji, nazywanej w\u00f3wczas \u201e<em>anorexia mirabilis<\/em>\u201d<em>.<\/em>&nbsp;Tradycja ascetyczna jest szczeg\u00f3lnie zwi\u0105zana z problematyk\u0105 zaburze\u0144 od\u017cywiania, zw\u0142aszcza w kontek\u015bcie niejedzenia, poniewa\u017c asceza \u0142\u0105czy si\u0119 z postem, przybieraj\u0105cym mniej lub bardziej skrajn\u0105 form\u0119. Warto r\u00f3wnie\u017c doda\u0107, \u017ce poza ascez\u0105 i \u015bcis\u0142ym postem w \u015bredniowieczu bardzo \u201ena topie\u201d w\u00f3wczas by\u0142y zachowania, kt\u00f3re dzisiaj uznaliby\u015bmy za powa\u017cnie destrukcyjne i sklasyfikowaliby\u015bmy je jako samouszkodzenia. Ale dla \u015bredniowiecznych ascet\u00f3w biczowanie si\u0119, okaleczanie lub ranienie si\u0119 by\u0142y cz\u0119\u015bci\u0105 ich religijnej tradycji. Warto zatem uzmys\u0142owi\u0107 sobie, \u017ce bardzo du\u017co zale\u017cy od kontekstu kulturowego oraz od tradycji. To, co w \u015bredniowieczu by\u0142o \u201enorm\u0105\u201d dzisiaj stanowi\u0142oby powa\u017cne zaburzenie.<br>Jednak pod\u0105\u017caj\u0105c za t\u0105 perspektyw\u0105 historyczn\u0105, mo\u017cna by stwierdzi\u0107, \u017ce \u201epacjentki\u201d, cierpi\u0105c\u0105 na zaburzenia od\u017cywiania w postaci anoreksji mo\u017cna odnale\u017a\u0107 ju\u017c w \u015bredniowieczu, mi\u0119dzy innymi Katarzyna ze Sieny, kt\u00f3ra: \u201eg\u0142odzi\u0142a si\u0119, kaleczy\u0142a i biczowa\u0142a\u201d (Lawrence, 2015, s. 23). Nie tylko ona ale tak\u017ce inne kobiety \u017cyj\u0105ce w \u015bredniowiecznych W\u0142oszech stosowa\u0142y r\u00f3\u017cne praktyki, kt\u00f3re przypominaj\u0105 wsp\u00f3\u0142czesne zachowania os\u00f3b choruj\u0105cych na anoreksj\u0119. Podobnie jak osoby choruj\u0105ce na anoreksje w pewnym momencie trac\u0105 kontrol\u0119 nad jedzeniem i gwa\u0142townie wpadaj\u0105 w sid\u0142a choroby, tak te\u017c \u015bredniowieczne ascetki utraci\u0142y kontrole nad swoimi religijnymi praktykami i nie by\u0142y zdolne do prawid\u0142owego od\u017cywiania si\u0119. Jednak warto sobie postawi\u0107 pytanie: czy \u015bredniowieczne zachowania faktycznie przypominaj\u0105 wsp\u00f3\u0142czesne zaburzenie diagnozowane dzisiaj u 1-2 procent populacji?<\/p>\n\n\n\n<p><strong>D\u0105\u017cenie do duchowej doskona\u0142o\u015bci<\/strong><\/p>\n\n\n\n<p>Z jednej strony odpowied\u017a brzmi twierdz\u0105co, poniewa\u017c bior\u0105c pod uwag\u0119 obiektywne kryteria, chocia\u017cby wska\u017anik masy cia\u0142a, mo\u017cna by wskaza\u0107 podobie\u0144stwo. Jednak kluczowy w tym wypadku jest cel podejmowanych dzia\u0142a\u0144, kt\u00f3ry stanowi istotn\u0105 r\u00f3\u017cnic\u0119. W odr\u00f3\u017cnieniu od wsp\u00f3\u0142czesnych pacjentek, \u015bredniowieczne kobiety nie czu\u0142y si\u0119 grube i \u201et\u0142uste\u201d. Nie chcia\u0142y wygl\u0105da\u0107 jak modelki oraz trafi\u0107 na pierwsze strony gazet. Przede wszystkim d\u0105\u017cy\u0142y do tego, aby poprzez post zbli\u017cy\u0107 si\u0119 do Boga i uwolni\u0107 swoj\u0105 dusz\u0119 z wi\u0119zienia, jakim by\u0142o grzeszne cia\u0142o. Natomiast w przypadku pacjentek choruj\u0105cych na anoreksje obecnie, nie jest to do ko\u0144ca takie proste. Pomimo tego, i\u017c czuj\u0105 si\u0119 one niezadowolone ze swojego cia\u0142a i zdecydowanie za grube, to jednak bardzo cz\u0119sto pomimo wyra\u017anie okre\u015blonego celu zwi\u0105zanego ze spadkiem masy cia\u0142a tak naprawd\u0119 nie wiedz\u0105 dlaczego to robi\u0105. Mo\u017cna zatem postawi\u0107 kolejne pytanie \u2013 by\u0107 mo\u017ce motywy zwi\u0105zane z odchudzaniem znajduj\u0105 si\u0119 zdecydowanie g\u0142\u0119biej, poza \u015bwiadomo\u015bci\u0105?<\/p>\n\n\n\n<p><strong>W stron\u0119 psychoanalizy<\/strong><\/p>\n\n\n\n<p>Psychoanaliza szczeg\u00f3ln\u0105 uwag\u0119 zwraca nie\u015bwiadomo\u015bci oraz jej rol\u0119 w powstawaniu zaburze\u0144. R\u00f3wnie\u017c w tym kontek\u015bcie zaburzenia zwi\u0105zane z jedzeniem mog\u0105 wi\u0105za\u0107 si\u0119 z nie\u015bwiadomym l\u0119kiem przed dojrzewaniem czy seksualno\u015bci\u0105. Szczeg\u00f3lnie zwraca\u0142 na to uwag\u0119 Freud opisuj\u0105c nerwic\u0119 u dorastaj\u0105cych dziewcz\u0105t, pisz\u0105c, \u017ce cz\u0119sto \u201eawersja wobec seksualno\u015bci przejawia sie jako wstr\u0119t do jedzenia\u201d (Freud, 1918\/2000, s. 183). Nie tylko Freud zwraca\u0142 uwag\u0119 na rol\u0119 niejedzenia w nerwicach. R\u00f3wnie\u017c p\u00f3\u017aniejsi psychoanalitycy podejmowali temat zaburze\u0144 jedzenia zwi\u0105zany z nerwicami. Mi\u0119dzy innymi Karl Abraham jako pierwszy powi\u0105za\u0142 jedzenie, wi\u0105\u017c\u0105c je bezpo\u015brednio z rozwojem relacji z obiektem. R\u00f3wnie\u017c Melanie Klein zwraca\u0142a uwag\u0119, \u017ce od momentu przyj\u015bcia dziecka na \u015bwiat jedzenie jest nierozerwalnie zwi\u0105zane z matk\u0105. Bior\u0105c pokarm od matki dziecko jednocze\u015bnie \u201ebierze\u201d mi\u0142o\u015b\u0107 i relacj\u0119. Dlatego te\u017c mo\u017cna przypuszcza\u0107, \u017ce problemy zwi\u0105zane z jedzeniem s\u0105 zwi\u0105zane z zaburzonymi relacjami, zw\u0142aszcza tej pierwotnej, podstawowej relacji pomi\u0119dzy dzieckiem, a matk\u0105 w okresie niemowl\u0119cym.<br>Podsumowuj\u0105c, w zale\u017cno\u015bci od danej kultury oraz od okoliczno\u015bci motywacja zwi\u0105zana z podejmowaniem pr\u00f3b maj\u0105cych na celu zmniejszenie masy cia\u0142a mo\u017ce wynika\u0107 z r\u00f3\u017cnych pobudek. Niezale\u017cnie od tego warto by\u0107 \u015bwiadomym istoty problemu i czujnym na wszelkie bod\u017ace wyzwalaj\u0105ce pr\u00f3by skrajnego odchudzania.<\/p>\n\n\n\n<p><strong>Autor:&nbsp;<\/strong>Agnieszka Gut<\/p>\n\n\n\n<p><strong>Bibliografia:<\/strong><\/p>\n\n\n\n<p>1. Lawrence M., \u201eAnorektyczny umys\u0142\u201d, wyd. Imago, Gda\u0144sk 2015<\/p>\n\n\n\n<p>2. J\u00f3zefik B., \u201eAnoreksja i bulimia psychiczna. Rozumienie i leczenie zaburze\u0144 od\u017cywiania si\u0119\u201d, wyd. Uniwersytetu Jagiello\u0144skiego, Krak\u00f3w 1999<\/p>\n\n\n\n<p>Foto by Clem Onojeghuo<\/p>\n","protected":false},"excerpt":{"rendered":"<p>Anoreksja psychiczna jest zaburzeniem, o kt\u00f3rych w mediach m\u00f3wi si\u0119 najwi\u0119cej. Jest zaburzeniem stosunkowo \u0142atwo \u201eidentyfikowalnym\u201d, poniewa\u017c wystaj\u0105cych ko\u015bci nie spos\u00f3b nie zauwa\u017cy\u0107. Anoreksja psychiczna, anorexia nervosa, jad\u0142owstr\u0119t psychiczny, niejedzenie, a mo\u017ce \u201ekaprys\u201d? Obecnie r\u00f3\u017cne nazwy i potoczne \u201eetykiety\u201d mo\u017cna spotka\u0107, jednak warto u\u015bwiadomi\u0107 sobie powag\u0119 tego problemu i nie nara\u017ca\u0107 osoby cierpi\u0105ce na negatywne [&hellip;]<\/p>\n","protected":false},"author":3,"featured_media":141,"comment_status":"closed","ping_status":"closed","sticky":false,"template":"","format":"standard","meta":{"_acf_changed":false,"inline_featured_image":false,"footnotes":""},"categories":[2],"tags":[],"class_list":["post-140","post","type-post","status-publish","format-standard","has-post-thumbnail","hentry","category-blog"],"acf":[],"yoast_head":"<!-- This site is optimized with the Yoast SEO plugin v27.4 - https:\/\/yoast.com\/product\/yoast-seo-wordpress\/ -->\n<title>\u201eNiejedzenie\u201d w perspektywie historycznej i psychoanalitycznej. - Strefa Specjalisty - Og\u00f3lnopolskie Centrum Zaburze\u0144 Od\u017cywiania<\/title>\n<meta name=\"description\" content=\"&quot;Niejedzenie&quot; i historia - dowiedz si\u0119, czym by\u0142a anoreksja w przesz\u0142o\u015bci i jakie znaczenie w kulturze mia\u0142o odmawianie jedzenia.\" \/>\n<meta name=\"robots\" content=\"index, follow, max-snippet:-1, max-image-preview:large, max-video-preview:-1\" \/>\n<link rel=\"canonical\" href=\"https:\/\/centrumzaburzenodzywiania.pl\/strefaspecjalisty\/niejedzenie-w-perspektywie-historycznej-i-psychoanalitycznej\/\" \/>\n<meta property=\"og:locale\" content=\"pl_PL\" \/>\n<meta property=\"og:type\" content=\"article\" \/>\n<meta property=\"og:title\" content=\"\u201eNiejedzenie\u201d w perspektywie historycznej i psychoanalitycznej. - Strefa Specjalisty - Og\u00f3lnopolskie Centrum Zaburze\u0144 Od\u017cywiania\" \/>\n<meta property=\"og:description\" content=\"&quot;Niejedzenie&quot; i historia - dowiedz si\u0119, czym by\u0142a anoreksja w przesz\u0142o\u015bci i jakie znaczenie w kulturze mia\u0142o odmawianie jedzenia.\" \/>\n<meta property=\"og:url\" content=\"https:\/\/centrumzaburzenodzywiania.pl\/strefaspecjalisty\/niejedzenie-w-perspektywie-historycznej-i-psychoanalitycznej\/\" \/>\n<meta property=\"og:site_name\" content=\"Strefa Specjalisty - Og\u00f3lnopolskie Centrum Zaburze\u0144 Od\u017cywiania\" \/>\n<meta property=\"article:published_time\" content=\"2021-02-28T10:54:45+00:00\" \/>\n<meta property=\"article:modified_time\" content=\"2026-01-13T17:02:22+00:00\" \/>\n<meta property=\"og:image\" content=\"https:\/\/centrumzaburzenodzywiania.pl\/strefaspecjalisty\/wp-content\/uploads\/2021\/02\/niejedzenie-w-perspektywie-historycznej-i-psychoanalitycznej.jpg\" \/>\n\t<meta property=\"og:image:width\" content=\"1800\" \/>\n\t<meta property=\"og:image:height\" content=\"1081\" \/>\n\t<meta property=\"og:image:type\" content=\"image\/jpeg\" \/>\n<meta name=\"author\" content=\"Monika Piotrowska\" \/>\n<meta name=\"twitter:card\" content=\"summary_large_image\" \/>\n<meta name=\"twitter:label1\" content=\"Napisane przez\" \/>\n\t<meta name=\"twitter:data1\" content=\"Monika Piotrowska\" \/>\n\t<meta name=\"twitter:label2\" content=\"Szacowany czas czytania\" \/>\n\t<meta name=\"twitter:data2\" content=\"5 minut\" \/>\n<script type=\"application\/ld+json\" class=\"yoast-schema-graph\">{\"@context\":\"https:\\\/\\\/schema.org\",\"@graph\":[{\"@type\":\"Article\",\"@id\":\"https:\\\/\\\/centrumzaburzenodzywiania.pl\\\/strefaspecjalisty\\\/niejedzenie-w-perspektywie-historycznej-i-psychoanalitycznej\\\/#article\",\"isPartOf\":{\"@id\":\"https:\\\/\\\/centrumzaburzenodzywiania.pl\\\/strefaspecjalisty\\\/niejedzenie-w-perspektywie-historycznej-i-psychoanalitycznej\\\/\"},\"author\":{\"name\":\"Monika Piotrowska\",\"@id\":\"https:\\\/\\\/centrumzaburzenodzywiania.pl\\\/strefaspecjalisty\\\/#\\\/schema\\\/person\\\/4bb57bd5e4bd7d5f41cee36db68e8395\"},\"headline\":\"\u201eNiejedzenie\u201d w perspektywie historycznej i psychoanalitycznej.\",\"datePublished\":\"2021-02-28T10:54:45+00:00\",\"dateModified\":\"2026-01-13T17:02:22+00:00\",\"mainEntityOfPage\":{\"@id\":\"https:\\\/\\\/centrumzaburzenodzywiania.pl\\\/strefaspecjalisty\\\/niejedzenie-w-perspektywie-historycznej-i-psychoanalitycznej\\\/\"},\"wordCount\":870,\"publisher\":{\"@id\":\"https:\\\/\\\/centrumzaburzenodzywiania.pl\\\/strefaspecjalisty\\\/#organization\"},\"image\":{\"@id\":\"https:\\\/\\\/centrumzaburzenodzywiania.pl\\\/strefaspecjalisty\\\/niejedzenie-w-perspektywie-historycznej-i-psychoanalitycznej\\\/#primaryimage\"},\"thumbnailUrl\":\"https:\\\/\\\/centrumzaburzenodzywiania.pl\\\/strefaspecjalisty\\\/wp-content\\\/uploads\\\/2021\\\/02\\\/niejedzenie-w-perspektywie-historycznej-i-psychoanalitycznej.jpg\",\"articleSection\":[\"Blog\"],\"inLanguage\":\"pl-PL\"},{\"@type\":\"WebPage\",\"@id\":\"https:\\\/\\\/centrumzaburzenodzywiania.pl\\\/strefaspecjalisty\\\/niejedzenie-w-perspektywie-historycznej-i-psychoanalitycznej\\\/\",\"url\":\"https:\\\/\\\/centrumzaburzenodzywiania.pl\\\/strefaspecjalisty\\\/niejedzenie-w-perspektywie-historycznej-i-psychoanalitycznej\\\/\",\"name\":\"\u201eNiejedzenie\u201d w perspektywie historycznej i psychoanalitycznej. - Strefa Specjalisty - Og\u00f3lnopolskie Centrum Zaburze\u0144 Od\u017cywiania\",\"isPartOf\":{\"@id\":\"https:\\\/\\\/centrumzaburzenodzywiania.pl\\\/strefaspecjalisty\\\/#website\"},\"primaryImageOfPage\":{\"@id\":\"https:\\\/\\\/centrumzaburzenodzywiania.pl\\\/strefaspecjalisty\\\/niejedzenie-w-perspektywie-historycznej-i-psychoanalitycznej\\\/#primaryimage\"},\"image\":{\"@id\":\"https:\\\/\\\/centrumzaburzenodzywiania.pl\\\/strefaspecjalisty\\\/niejedzenie-w-perspektywie-historycznej-i-psychoanalitycznej\\\/#primaryimage\"},\"thumbnailUrl\":\"https:\\\/\\\/centrumzaburzenodzywiania.pl\\\/strefaspecjalisty\\\/wp-content\\\/uploads\\\/2021\\\/02\\\/niejedzenie-w-perspektywie-historycznej-i-psychoanalitycznej.jpg\",\"datePublished\":\"2021-02-28T10:54:45+00:00\",\"dateModified\":\"2026-01-13T17:02:22+00:00\",\"description\":\"\\\"Niejedzenie\\\" i historia - dowiedz si\u0119, czym by\u0142a anoreksja w przesz\u0142o\u015bci i jakie znaczenie w kulturze mia\u0142o odmawianie jedzenia.\",\"breadcrumb\":{\"@id\":\"https:\\\/\\\/centrumzaburzenodzywiania.pl\\\/strefaspecjalisty\\\/niejedzenie-w-perspektywie-historycznej-i-psychoanalitycznej\\\/#breadcrumb\"},\"inLanguage\":\"pl-PL\",\"potentialAction\":[{\"@type\":\"ReadAction\",\"target\":[\"https:\\\/\\\/centrumzaburzenodzywiania.pl\\\/strefaspecjalisty\\\/niejedzenie-w-perspektywie-historycznej-i-psychoanalitycznej\\\/\"]}]},{\"@type\":\"ImageObject\",\"inLanguage\":\"pl-PL\",\"@id\":\"https:\\\/\\\/centrumzaburzenodzywiania.pl\\\/strefaspecjalisty\\\/niejedzenie-w-perspektywie-historycznej-i-psychoanalitycznej\\\/#primaryimage\",\"url\":\"https:\\\/\\\/centrumzaburzenodzywiania.pl\\\/strefaspecjalisty\\\/wp-content\\\/uploads\\\/2021\\\/02\\\/niejedzenie-w-perspektywie-historycznej-i-psychoanalitycznej.jpg\",\"contentUrl\":\"https:\\\/\\\/centrumzaburzenodzywiania.pl\\\/strefaspecjalisty\\\/wp-content\\\/uploads\\\/2021\\\/02\\\/niejedzenie-w-perspektywie-historycznej-i-psychoanalitycznej.jpg\",\"width\":1800,\"height\":1081},{\"@type\":\"BreadcrumbList\",\"@id\":\"https:\\\/\\\/centrumzaburzenodzywiania.pl\\\/strefaspecjalisty\\\/niejedzenie-w-perspektywie-historycznej-i-psychoanalitycznej\\\/#breadcrumb\",\"itemListElement\":[{\"@type\":\"ListItem\",\"position\":1,\"name\":\"Strona g\u0142\u00f3wna\",\"item\":\"https:\\\/\\\/centrumzaburzenodzywiania.pl\\\/strefaspecjalisty\\\/\"},{\"@type\":\"ListItem\",\"position\":2,\"name\":\"\u201eNiejedzenie\u201d w perspektywie historycznej i psychoanalitycznej.\"}]},{\"@type\":\"WebSite\",\"@id\":\"https:\\\/\\\/centrumzaburzenodzywiania.pl\\\/strefaspecjalisty\\\/#website\",\"url\":\"https:\\\/\\\/centrumzaburzenodzywiania.pl\\\/strefaspecjalisty\\\/\",\"name\":\"Strefa Specjalisty - Og\u00f3lnopolskie Centrum Zaburze\u0144 Od\u017cywiania\",\"description\":\"Strefa Specjalisty - Og\u00f3lnopolskie Centrum Zaburze\u0144 Od\u017cywiania\",\"publisher\":{\"@id\":\"https:\\\/\\\/centrumzaburzenodzywiania.pl\\\/strefaspecjalisty\\\/#organization\"},\"potentialAction\":[{\"@type\":\"SearchAction\",\"target\":{\"@type\":\"EntryPoint\",\"urlTemplate\":\"https:\\\/\\\/centrumzaburzenodzywiania.pl\\\/strefaspecjalisty\\\/?s={search_term_string}\"},\"query-input\":{\"@type\":\"PropertyValueSpecification\",\"valueRequired\":true,\"valueName\":\"search_term_string\"}}],\"inLanguage\":\"pl-PL\"},{\"@type\":\"Organization\",\"@id\":\"https:\\\/\\\/centrumzaburzenodzywiania.pl\\\/strefaspecjalisty\\\/#organization\",\"name\":\"Strefa Specjalisty - Og\u00f3lnopolskie Centrum Zaburze\u0144 Od\u017cywiania\",\"url\":\"https:\\\/\\\/centrumzaburzenodzywiania.pl\\\/strefaspecjalisty\\\/\",\"logo\":{\"@type\":\"ImageObject\",\"inLanguage\":\"pl-PL\",\"@id\":\"https:\\\/\\\/centrumzaburzenodzywiania.pl\\\/strefaspecjalisty\\\/#\\\/schema\\\/logo\\\/image\\\/\",\"url\":\"https:\\\/\\\/centrumzaburzenodzywiania.pl\\\/strefaspecjalisty\\\/wp-content\\\/uploads\\\/2025\\\/11\\\/logo.png\",\"contentUrl\":\"https:\\\/\\\/centrumzaburzenodzywiania.pl\\\/strefaspecjalisty\\\/wp-content\\\/uploads\\\/2025\\\/11\\\/logo.png\",\"width\":141,\"height\":54,\"caption\":\"Strefa Specjalisty - Og\u00f3lnopolskie Centrum Zaburze\u0144 Od\u017cywiania\"},\"image\":{\"@id\":\"https:\\\/\\\/centrumzaburzenodzywiania.pl\\\/strefaspecjalisty\\\/#\\\/schema\\\/logo\\\/image\\\/\"}},{\"@type\":\"Person\",\"@id\":\"https:\\\/\\\/centrumzaburzenodzywiania.pl\\\/strefaspecjalisty\\\/#\\\/schema\\\/person\\\/4bb57bd5e4bd7d5f41cee36db68e8395\",\"name\":\"Monika Piotrowska\",\"image\":{\"@type\":\"ImageObject\",\"inLanguage\":\"pl-PL\",\"@id\":\"https:\\\/\\\/secure.gravatar.com\\\/avatar\\\/f10ad2822576477d416c760a199900e38d61b307c4b95b8675199d3e39a811b3?s=96&d=mm&r=g\",\"url\":\"https:\\\/\\\/secure.gravatar.com\\\/avatar\\\/f10ad2822576477d416c760a199900e38d61b307c4b95b8675199d3e39a811b3?s=96&d=mm&r=g\",\"contentUrl\":\"https:\\\/\\\/secure.gravatar.com\\\/avatar\\\/f10ad2822576477d416c760a199900e38d61b307c4b95b8675199d3e39a811b3?s=96&d=mm&r=g\",\"caption\":\"Monika Piotrowska\"},\"url\":\"https:\\\/\\\/centrumzaburzenodzywiania.pl\\\/strefaspecjalisty\\\/author\\\/piotrowska1monikagmail-com\\\/\"}]}<\/script>\n<!-- \/ Yoast SEO plugin. -->","yoast_head_json":{"title":"\u201eNiejedzenie\u201d w perspektywie historycznej i psychoanalitycznej. - Strefa Specjalisty - Og\u00f3lnopolskie Centrum Zaburze\u0144 Od\u017cywiania","description":"\"Niejedzenie\" i historia - dowiedz si\u0119, czym by\u0142a anoreksja w przesz\u0142o\u015bci i jakie znaczenie w kulturze mia\u0142o odmawianie jedzenia.","robots":{"index":"index","follow":"follow","max-snippet":"max-snippet:-1","max-image-preview":"max-image-preview:large","max-video-preview":"max-video-preview:-1"},"canonical":"https:\/\/centrumzaburzenodzywiania.pl\/strefaspecjalisty\/niejedzenie-w-perspektywie-historycznej-i-psychoanalitycznej\/","og_locale":"pl_PL","og_type":"article","og_title":"\u201eNiejedzenie\u201d w perspektywie historycznej i psychoanalitycznej. - Strefa Specjalisty - Og\u00f3lnopolskie Centrum Zaburze\u0144 Od\u017cywiania","og_description":"\"Niejedzenie\" i historia - dowiedz si\u0119, czym by\u0142a anoreksja w przesz\u0142o\u015bci i jakie znaczenie w kulturze mia\u0142o odmawianie jedzenia.","og_url":"https:\/\/centrumzaburzenodzywiania.pl\/strefaspecjalisty\/niejedzenie-w-perspektywie-historycznej-i-psychoanalitycznej\/","og_site_name":"Strefa Specjalisty - Og\u00f3lnopolskie Centrum Zaburze\u0144 Od\u017cywiania","article_published_time":"2021-02-28T10:54:45+00:00","article_modified_time":"2026-01-13T17:02:22+00:00","og_image":[{"width":1800,"height":1081,"url":"https:\/\/centrumzaburzenodzywiania.pl\/strefaspecjalisty\/wp-content\/uploads\/2021\/02\/niejedzenie-w-perspektywie-historycznej-i-psychoanalitycznej.jpg","type":"image\/jpeg"}],"author":"Monika Piotrowska","twitter_card":"summary_large_image","twitter_misc":{"Napisane przez":"Monika Piotrowska","Szacowany czas czytania":"5 minut"},"schema":{"@context":"https:\/\/schema.org","@graph":[{"@type":"Article","@id":"https:\/\/centrumzaburzenodzywiania.pl\/strefaspecjalisty\/niejedzenie-w-perspektywie-historycznej-i-psychoanalitycznej\/#article","isPartOf":{"@id":"https:\/\/centrumzaburzenodzywiania.pl\/strefaspecjalisty\/niejedzenie-w-perspektywie-historycznej-i-psychoanalitycznej\/"},"author":{"name":"Monika Piotrowska","@id":"https:\/\/centrumzaburzenodzywiania.pl\/strefaspecjalisty\/#\/schema\/person\/4bb57bd5e4bd7d5f41cee36db68e8395"},"headline":"\u201eNiejedzenie\u201d w perspektywie historycznej i psychoanalitycznej.","datePublished":"2021-02-28T10:54:45+00:00","dateModified":"2026-01-13T17:02:22+00:00","mainEntityOfPage":{"@id":"https:\/\/centrumzaburzenodzywiania.pl\/strefaspecjalisty\/niejedzenie-w-perspektywie-historycznej-i-psychoanalitycznej\/"},"wordCount":870,"publisher":{"@id":"https:\/\/centrumzaburzenodzywiania.pl\/strefaspecjalisty\/#organization"},"image":{"@id":"https:\/\/centrumzaburzenodzywiania.pl\/strefaspecjalisty\/niejedzenie-w-perspektywie-historycznej-i-psychoanalitycznej\/#primaryimage"},"thumbnailUrl":"https:\/\/centrumzaburzenodzywiania.pl\/strefaspecjalisty\/wp-content\/uploads\/2021\/02\/niejedzenie-w-perspektywie-historycznej-i-psychoanalitycznej.jpg","articleSection":["Blog"],"inLanguage":"pl-PL"},{"@type":"WebPage","@id":"https:\/\/centrumzaburzenodzywiania.pl\/strefaspecjalisty\/niejedzenie-w-perspektywie-historycznej-i-psychoanalitycznej\/","url":"https:\/\/centrumzaburzenodzywiania.pl\/strefaspecjalisty\/niejedzenie-w-perspektywie-historycznej-i-psychoanalitycznej\/","name":"\u201eNiejedzenie\u201d w perspektywie historycznej i psychoanalitycznej. - Strefa Specjalisty - Og\u00f3lnopolskie Centrum Zaburze\u0144 Od\u017cywiania","isPartOf":{"@id":"https:\/\/centrumzaburzenodzywiania.pl\/strefaspecjalisty\/#website"},"primaryImageOfPage":{"@id":"https:\/\/centrumzaburzenodzywiania.pl\/strefaspecjalisty\/niejedzenie-w-perspektywie-historycznej-i-psychoanalitycznej\/#primaryimage"},"image":{"@id":"https:\/\/centrumzaburzenodzywiania.pl\/strefaspecjalisty\/niejedzenie-w-perspektywie-historycznej-i-psychoanalitycznej\/#primaryimage"},"thumbnailUrl":"https:\/\/centrumzaburzenodzywiania.pl\/strefaspecjalisty\/wp-content\/uploads\/2021\/02\/niejedzenie-w-perspektywie-historycznej-i-psychoanalitycznej.jpg","datePublished":"2021-02-28T10:54:45+00:00","dateModified":"2026-01-13T17:02:22+00:00","description":"\"Niejedzenie\" i historia - dowiedz si\u0119, czym by\u0142a anoreksja w przesz\u0142o\u015bci i jakie znaczenie w kulturze mia\u0142o odmawianie jedzenia.","breadcrumb":{"@id":"https:\/\/centrumzaburzenodzywiania.pl\/strefaspecjalisty\/niejedzenie-w-perspektywie-historycznej-i-psychoanalitycznej\/#breadcrumb"},"inLanguage":"pl-PL","potentialAction":[{"@type":"ReadAction","target":["https:\/\/centrumzaburzenodzywiania.pl\/strefaspecjalisty\/niejedzenie-w-perspektywie-historycznej-i-psychoanalitycznej\/"]}]},{"@type":"ImageObject","inLanguage":"pl-PL","@id":"https:\/\/centrumzaburzenodzywiania.pl\/strefaspecjalisty\/niejedzenie-w-perspektywie-historycznej-i-psychoanalitycznej\/#primaryimage","url":"https:\/\/centrumzaburzenodzywiania.pl\/strefaspecjalisty\/wp-content\/uploads\/2021\/02\/niejedzenie-w-perspektywie-historycznej-i-psychoanalitycznej.jpg","contentUrl":"https:\/\/centrumzaburzenodzywiania.pl\/strefaspecjalisty\/wp-content\/uploads\/2021\/02\/niejedzenie-w-perspektywie-historycznej-i-psychoanalitycznej.jpg","width":1800,"height":1081},{"@type":"BreadcrumbList","@id":"https:\/\/centrumzaburzenodzywiania.pl\/strefaspecjalisty\/niejedzenie-w-perspektywie-historycznej-i-psychoanalitycznej\/#breadcrumb","itemListElement":[{"@type":"ListItem","position":1,"name":"Strona g\u0142\u00f3wna","item":"https:\/\/centrumzaburzenodzywiania.pl\/strefaspecjalisty\/"},{"@type":"ListItem","position":2,"name":"\u201eNiejedzenie\u201d w perspektywie historycznej i psychoanalitycznej."}]},{"@type":"WebSite","@id":"https:\/\/centrumzaburzenodzywiania.pl\/strefaspecjalisty\/#website","url":"https:\/\/centrumzaburzenodzywiania.pl\/strefaspecjalisty\/","name":"Strefa Specjalisty - Og\u00f3lnopolskie Centrum Zaburze\u0144 Od\u017cywiania","description":"Strefa Specjalisty - Og\u00f3lnopolskie Centrum Zaburze\u0144 Od\u017cywiania","publisher":{"@id":"https:\/\/centrumzaburzenodzywiania.pl\/strefaspecjalisty\/#organization"},"potentialAction":[{"@type":"SearchAction","target":{"@type":"EntryPoint","urlTemplate":"https:\/\/centrumzaburzenodzywiania.pl\/strefaspecjalisty\/?s={search_term_string}"},"query-input":{"@type":"PropertyValueSpecification","valueRequired":true,"valueName":"search_term_string"}}],"inLanguage":"pl-PL"},{"@type":"Organization","@id":"https:\/\/centrumzaburzenodzywiania.pl\/strefaspecjalisty\/#organization","name":"Strefa Specjalisty - Og\u00f3lnopolskie Centrum Zaburze\u0144 Od\u017cywiania","url":"https:\/\/centrumzaburzenodzywiania.pl\/strefaspecjalisty\/","logo":{"@type":"ImageObject","inLanguage":"pl-PL","@id":"https:\/\/centrumzaburzenodzywiania.pl\/strefaspecjalisty\/#\/schema\/logo\/image\/","url":"https:\/\/centrumzaburzenodzywiania.pl\/strefaspecjalisty\/wp-content\/uploads\/2025\/11\/logo.png","contentUrl":"https:\/\/centrumzaburzenodzywiania.pl\/strefaspecjalisty\/wp-content\/uploads\/2025\/11\/logo.png","width":141,"height":54,"caption":"Strefa Specjalisty - Og\u00f3lnopolskie Centrum Zaburze\u0144 Od\u017cywiania"},"image":{"@id":"https:\/\/centrumzaburzenodzywiania.pl\/strefaspecjalisty\/#\/schema\/logo\/image\/"}},{"@type":"Person","@id":"https:\/\/centrumzaburzenodzywiania.pl\/strefaspecjalisty\/#\/schema\/person\/4bb57bd5e4bd7d5f41cee36db68e8395","name":"Monika Piotrowska","image":{"@type":"ImageObject","inLanguage":"pl-PL","@id":"https:\/\/secure.gravatar.com\/avatar\/f10ad2822576477d416c760a199900e38d61b307c4b95b8675199d3e39a811b3?s=96&d=mm&r=g","url":"https:\/\/secure.gravatar.com\/avatar\/f10ad2822576477d416c760a199900e38d61b307c4b95b8675199d3e39a811b3?s=96&d=mm&r=g","contentUrl":"https:\/\/secure.gravatar.com\/avatar\/f10ad2822576477d416c760a199900e38d61b307c4b95b8675199d3e39a811b3?s=96&d=mm&r=g","caption":"Monika Piotrowska"},"url":"https:\/\/centrumzaburzenodzywiania.pl\/strefaspecjalisty\/author\/piotrowska1monikagmail-com\/"}]}},"_links":{"self":[{"href":"https:\/\/centrumzaburzenodzywiania.pl\/strefaspecjalisty\/wp-json\/wp\/v2\/posts\/140","targetHints":{"allow":["GET"]}}],"collection":[{"href":"https:\/\/centrumzaburzenodzywiania.pl\/strefaspecjalisty\/wp-json\/wp\/v2\/posts"}],"about":[{"href":"https:\/\/centrumzaburzenodzywiania.pl\/strefaspecjalisty\/wp-json\/wp\/v2\/types\/post"}],"author":[{"embeddable":true,"href":"https:\/\/centrumzaburzenodzywiania.pl\/strefaspecjalisty\/wp-json\/wp\/v2\/users\/3"}],"replies":[{"embeddable":true,"href":"https:\/\/centrumzaburzenodzywiania.pl\/strefaspecjalisty\/wp-json\/wp\/v2\/comments?post=140"}],"version-history":[{"count":2,"href":"https:\/\/centrumzaburzenodzywiania.pl\/strefaspecjalisty\/wp-json\/wp\/v2\/posts\/140\/revisions"}],"predecessor-version":[{"id":3723,"href":"https:\/\/centrumzaburzenodzywiania.pl\/strefaspecjalisty\/wp-json\/wp\/v2\/posts\/140\/revisions\/3723"}],"wp:featuredmedia":[{"embeddable":true,"href":"https:\/\/centrumzaburzenodzywiania.pl\/strefaspecjalisty\/wp-json\/wp\/v2\/media\/141"}],"wp:attachment":[{"href":"https:\/\/centrumzaburzenodzywiania.pl\/strefaspecjalisty\/wp-json\/wp\/v2\/media?parent=140"}],"wp:term":[{"taxonomy":"category","embeddable":true,"href":"https:\/\/centrumzaburzenodzywiania.pl\/strefaspecjalisty\/wp-json\/wp\/v2\/categories?post=140"},{"taxonomy":"post_tag","embeddable":true,"href":"https:\/\/centrumzaburzenodzywiania.pl\/strefaspecjalisty\/wp-json\/wp\/v2\/tags?post=140"}],"curies":[{"name":"wp","href":"https:\/\/api.w.org\/{rel}","templated":true}]}}