{"id":1278,"date":"2022-11-17T15:46:30","date_gmt":"2022-11-17T14:46:30","guid":{"rendered":"https:\/\/centrumzaburzenodzywiania.pl\/strefaspecjalisty\/?p=1278"},"modified":"2026-01-12T08:33:02","modified_gmt":"2026-01-12T07:33:02","slug":"rodzic-w-gabinecie-specjalisty","status":"publish","type":"post","link":"https:\/\/centrumzaburzenodzywiania.pl\/strefaspecjalisty\/rodzic-w-gabinecie-specjalisty\/","title":{"rendered":"Rodzic w gabinecie specjalisty"},"content":{"rendered":"\n<p><em>\u201eRodzice stanowi\u0105 integraln\u0105 cz\u0119\u015b\u0107 terapii dzieci w ka\u017cdej chorobie,\u00a0<\/em><br><em>jaka mo\u017ce wam przyj\u015b\u0107 do g\u0142owy.\u00a0<\/em><br><em>Dlaczego zatem w wypadku zaburze\u0144 od\u017cywiania mia\u0142oby by\u0107 inaczej\u201d?<\/em><\/p>\n\n\n\n<p>(Lock, Le Grange, 2006)<\/p>\n\n\n\n<p>TEKST: <strong>KAROLINA KWARCI\u0143SKA<\/strong><\/p>\n\n\n\n<p>Mo\u017cna \u015bmia\u0142o powiedzie\u0107, \u017ce to choroba przyprowadzi\u0142a rodzica do waszego gabinetu. I mimo \u017ce ani ona nie jest z tego zadowolona (w ko\u0144cu b\u0119dziecie chcieli j\u0105 usun\u0105\u0107), ani rodzic (kt\u00f3ry widzi was po raz pierwszy, a ma opowiedzie\u0107 o wielu, cz\u0119sto bolesnych i trudnych kwestiach), to gdyby nie ona, prawdopodobnie nigdy by\u015bcie si\u0119 ze sob\u0105 nie spotkali.<\/p>\n\n\n\n<p>Kiedy rodzic siada przed wami w fotelu, siadaj\u0105 obok wszystkie jego historie, my\u015bli, przekonania i obawy, kt\u00f3rych nie mo\u017ce tak po prostu, przechodz\u0105c przez drzwi, zostawi\u0107 w korytarzu. Dla rodzica to moment pe\u0142en napi\u0119cia, w kt\u00f3rym mog\u0105 doj\u015b\u0107 do g\u0142osu kr\u0105\u017c\u0105ce wok\u00f3\u0142 l\u0119ki i emocje. Rozejrzyjcie si\u0119 uwa\u017cnie, a zobaczycie: strach przed ocen\u0105 \u2013 \u201emo\u017ce si\u0119 dowiem, \u017ce to moja wina\u201d, \u201epomy\u015bli, \u017ce jestem z\u0142\u0105 matk\u0105\u201d; niepok\u00f3j o \u017cycie dziecka &#8211; \u201etak si\u0119 boj\u0119, \u017ce zaraz trafi do szpitala\u201d, \u201eona nie ma ju\u017c si\u0142y wstawa\u0107, co b\u0119dzie, jak kt\u00f3rego\u015b dnia si\u0119 nie obudzi\u201d; pot\u0119\u017cn\u0105 z\u0142o\u015b\u0107 &#8211; \u201ejakbym teraz mia\u0142a ma\u0142o k\u0142opot\u00f3w na g\u0142owie\u201d, \u201eniech jej pani powie, \u017ce ma si\u0119 przesta\u0107 wyg\u0142upia\u0107 i zacznie po prostu je\u015b\u0107\u201d; g\u0142\u0119boki smutek &#8211; \u201edlaczego ona to sobie robi?\u201d, \u201enie mog\u0119 na to patrze\u0107, przecie\u017c to moje dziecko\u201d; czy frustracj\u0119 &#8211; \u201eile to b\u0119dzie trwa\u0142o?\u201d, \u201eczy ta terapia przyniesie w og\u00f3le jakie\u015b efekty?\u201d.<\/p>\n\n\n\n<p>Z ka\u017cdym z tych g\u0142os\u00f3w mo\u017cecie porozmawia\u0107. <strong>Wys\u0142uchane, przestaj\u0105 by\u0107 takie g\u0142o\u015bne i natarczywe.<\/strong> A w\u00f3wczas przychodzi dobry moment, by pomy\u015ble\u0107 o wsp\u00f3lnym celu. Tak naprawd\u0119 oboje chcecie pom\u00f3c, wystarczy, tylko i a\u017c, \u017ce obdarzycie si\u0119 pewnym zaufaniem. Wy uznacie, \u017ce siedz\u0105cy przed wami rodzic ma wystarczaj\u0105ce zasoby, \u017ceby sprosta\u0107 zadaniu, a rodzic, \u017ce ca\u0142a wasza wiedza i do\u015bwiadczenie stan\u0105 si\u0119 wa\u017cnym narz\u0119dziem w procesie leczenia. Przytrzymajcie pokusy szukania w rodzicach winnych choroby dziecka, pytanie o przyczyny nie jest na tym etapie najwa\u017cniejsze, a mo\u017ce nastawi\u0107 was przeciwko sobie, dystansowa\u0107, oddala\u0107 od procesu leczenia. Nie wchod\u017acie r\u00f3wnie\u017c w rol\u0119 \u201elepszego rodzica\u201d. To rodzice s\u0105 rodzicami, nawet je\u017celi musz\u0105 sami odnale\u017a\u0107 si\u0119 w nowej sytuacji i nie zawsze zrobi\u0105 wszystko jak nale\u017cy, to w wi\u0119kszo\u015bci przypadk\u00f3w naprawd\u0119 zale\u017cy im na swoim dziecku.<\/p>\n\n\n\n<p>Pami\u0119tajcie, \u017ce do zrozumieniu tego, co si\u0119 dzieje z dzieckiem, rodzice potrzebuj\u0105 troch\u0119 czasu. Wielu spo\u015br\u00f3d nich nie wie zbyt wiele na temat zaburze\u0144 od\u017cywiania,<strong> potrzebuj\u0105 edukacji<\/strong> \u2013 przychodz\u0105 do specjalisty po informacje, czym one s\u0105, jakie zmiany fizyczne i psychiczne powoduj\u0105, jakie mog\u0105 by\u0107 tego konsekwencje. Inni rodzice <strong>przychodz\u0105 z nadziej\u0105<\/strong>, \u017ce to mo\u017ce jeszcze nie \u201eto\u201d, mo\u017ce to tylko chwilowa moda na odchudzanie, a nie anoreksja, czy bulimia, mo\u017ce przejdzie samo. Inni przeczytali ju\u017c bardzo wiele, ale w g\u0142owie maj\u0105 g\u0142\u00f3wnie chaos, <strong>potrzebuj\u0105 ukierunkowania<\/strong>, co teraz robi\u0107, od kogo zacz\u0105\u0107, w jakiej kolejno\u015bci. Jeszcze inni odczuwaj\u0105 rodzaj konfliktu, chc\u0105 z jednej strony, by ich dziecko osi\u0105ga\u0142o wyniki np. w nauce, czy w sporcie, szczeg\u00f3lnie je\u017celi maj\u0105 por\u00f3wnanie z r\u00f3wie\u015bnikami \u201ekt\u00f3rym na niczym nie zale\u017cy\u201d, a jednocze\u015bnie widz\u0105, \u017ce ta sama determinacja, kt\u00f3r\u0105 tak ceni\u0105, prowadzi do g\u0142od\u00f3wek, ekstremalnie intensywnych \u0107wicze\u0144 fizycznych i wyniszczania organizmu. Mimo prowadzonych rozm\u00f3w, ich dzieci nie chc\u0105 ani si\u0119 zatrzyma\u0107, ani zwolni\u0107 tempa. Jeszcze inni rodzice s\u0105 zdezorientowani albo zrozpaczeni \u2013 nie poznaj\u0105 swojej c\u00f3rki lub syna. Nigdy wcze\u015bniej nie by\u0142o w domu tylu awantur, wzajemnych wyzwisk, trzaskania i zamykania drzwi od pokoju. To przecie\u017c kiedy\u015b by\u0142o takie mi\u0142e i spokojne dziecko.<\/p>\n\n\n\n<p>Rodzice musz\u0105 si\u0119 nauczy\u0107 nowego funkcjonowania w domu, a wprowadzanie zmian jest procesem, w kt\u00f3rym gotowo\u015b\u0107 musi spotka\u0107 si\u0119 z odwag\u0105 do zmierzenia si\u0119 z tematem i cierpliwo\u015bci\u0105 do testowania nowych sposob\u00f3w radzenia sobie z chorob\u0105. Nie wszystko w tych procesach b\u0119dzie sz\u0142o g\u0142adko i bezproblemowo, zn\u00f3w pojawi\u0105 si\u0119 emocje: rezygnacja, frustracja, zaskoczenie, rozczarowanie, czy z\u0142o\u015b\u0107.<\/p>\n\n\n\n<p>Ka\u017cdy w tym procesie ma soj\u0105 rol\u0119<strong> &#8211; <\/strong>wy jako specjali\u015bci pracujecie w gabinecie, rodzic pracuje w domu.<\/p>\n\n\n\n<p>To w domu b\u0119dzie poszerzana dieta, testowane nowe nawyki, wprowadzana regularno\u015b\u0107, czy wychodzenie poza plan i schemat. Wsp\u00f3lne spotkania w gabinecie b\u0119d\u0105 s\u0142u\u017cy\u0142y analizowaniu sytuacji, sprawdzaniu rozwi\u0105za\u0144 lub korekt, je\u017celi to, co zosta\u0142o wprowadzone nie sprawdza si\u0119 i wymaga zmiany. Najtrudniejszy jest zawsze pocz\u0105tek. Wsp\u00f3lne spotkania pomog\u0105 r\u00f3wnie\u017c rodzicom nie poddawa\u0107 si\u0119, szczeg\u00f3lnie, gdy b\u0119dzie im zale\u017ca\u0142o, aby dziecko zacz\u0119\u0142o je\u015b\u0107 i wr\u00f3ci\u0142o do zdrowia, a ono z determinacj\u0105 b\u0119dzie d\u0105\u017cy\u0142o do tracenia wagi i ukrywania prawdy. Je\u015bli w takich momentach nie b\u0119dziecie wzmacnia\u0107 rodzica, a on si\u0119 podda, wygraj\u0105 zaburzenia od\u017cywiania. Dziecko zostanie samo, a chorobie bardzo zale\u017cy na tym, aby je mie\u0107 na wy\u0142\u0105czno\u015b\u0107.&nbsp;<\/p>\n\n\n\n<p>Miejcie to w pami\u0119ci, gdy kolejny rodzic usi\u0105dzie przed wami na fotelu\u2026<\/p>\n\n\n\n<p>Bibliografia:<\/p>\n\n\n\n<p>Chrz\u0105stowski, Sz., de Barbaro, B. (2011). <em>Postmodernistyczne inspiracje w psychoterapii<\/em>. Krak\u00f3w: WUJ.<\/p>\n\n\n\n<p>J\u00f3zefik, B. (2006). <em>Relacje rodzinne w anoreksji i bulimii psychicznej<\/em>. Krak\u00f3w: Znak.<\/p>\n\n\n\n<p>Lock, J., Le Grange, D. (2006). <em>Twoje dziecko i zaburzenia od\u017cywiania. Jak mu pom\u00f3c?<\/em> Krak\u00f3w: Znak<\/p>\n\n\n\n<p><strong>Wi\u0119cej przyk\u0142ad\u00f3w i pomocnych rozwi\u0105za\u0144 zaprezentujemy w szkoleniu w ca\u0142o\u015bci po\u015bwi\u0119conemu wsp\u00f3\u0142pracy z rodzicami. Je\u015bli zaciekawi\u0142 Ci\u0119 temat lub znasz go doskonale, ale potrzebujesz wi\u0119cej wiedzy i praktyki w tym obszarze, spotkajmy si\u0119 21 pa\u017adziernika o g. 9.00.<\/strong><\/p>\n\n\n\n<p><a href=\"https:\/\/lp.centrumzaburzenodzywiania.pl\/zapisy_warsztat_rodzic_jesien\"><strong>TUTAJ mo\u017cesz zapisa\u0107 si\u0119 na szkolenie<\/strong><\/a><\/p>\n","protected":false},"excerpt":{"rendered":"<p>\u201eRodzice stanowi\u0105 integraln\u0105 cz\u0119\u015b\u0107 terapii dzieci w ka\u017cdej chorobie,\u00a0jaka mo\u017ce wam przyj\u015b\u0107 do g\u0142owy.\u00a0Dlaczego zatem w wypadku zaburze\u0144 od\u017cywiania mia\u0142oby by\u0107 inaczej\u201d? (Lock, Le Grange, 2006) TEKST: KAROLINA KWARCI\u0143SKA Mo\u017cna \u015bmia\u0142o powiedzie\u0107, \u017ce to choroba przyprowadzi\u0142a rodzica do waszego gabinetu. I mimo \u017ce ani ona nie jest z tego zadowolona (w ko\u0144cu b\u0119dziecie chcieli j\u0105 [&hellip;]<\/p>\n","protected":false},"author":3,"featured_media":1279,"comment_status":"closed","ping_status":"closed","sticky":false,"template":"","format":"standard","meta":{"_acf_changed":false,"inline_featured_image":false,"footnotes":""},"categories":[2],"tags":[],"class_list":["post-1278","post","type-post","status-publish","format-standard","has-post-thumbnail","hentry","category-blog"],"acf":[],"yoast_head":"<!-- This site is optimized with the Yoast SEO plugin v27.4 - https:\/\/yoast.com\/product\/yoast-seo-wordpress\/ -->\n<title>Rodzic w gabinecie specjalisty - Strefa Specjalisty - Og\u00f3lnopolskie Centrum Zaburze\u0144 Od\u017cywiania<\/title>\n<meta name=\"description\" content=\"Dowiedz si\u0119, jak pracowa\u0107 z rodzicem w gabinecie specjalisty. Wiedza i praktyczne wskaz\u00f3wki od Specjalist\u00f3w.\" \/>\n<meta name=\"robots\" content=\"index, follow, max-snippet:-1, max-image-preview:large, max-video-preview:-1\" \/>\n<link rel=\"canonical\" href=\"https:\/\/centrumzaburzenodzywiania.pl\/strefaspecjalisty\/rodzic-w-gabinecie-specjalisty\/\" \/>\n<meta property=\"og:locale\" content=\"pl_PL\" \/>\n<meta property=\"og:type\" content=\"article\" \/>\n<meta property=\"og:title\" content=\"Rodzic w gabinecie specjalisty - Strefa Specjalisty - Og\u00f3lnopolskie Centrum Zaburze\u0144 Od\u017cywiania\" \/>\n<meta property=\"og:description\" content=\"Dowiedz si\u0119, jak pracowa\u0107 z rodzicem w gabinecie specjalisty. Wiedza i praktyczne wskaz\u00f3wki od Specjalist\u00f3w.\" \/>\n<meta property=\"og:url\" content=\"https:\/\/centrumzaburzenodzywiania.pl\/strefaspecjalisty\/rodzic-w-gabinecie-specjalisty\/\" \/>\n<meta property=\"og:site_name\" content=\"Strefa Specjalisty - Og\u00f3lnopolskie Centrum Zaburze\u0144 Od\u017cywiania\" \/>\n<meta property=\"article:published_time\" content=\"2022-11-17T14:46:30+00:00\" \/>\n<meta property=\"article:modified_time\" content=\"2026-01-12T07:33:02+00:00\" \/>\n<meta property=\"og:image\" content=\"https:\/\/centrumzaburzenodzywiania.pl\/strefaspecjalisty\/wp-content\/uploads\/2022\/11\/rodzice_w_Gabinecie-scaled.jpg\" \/>\n\t<meta property=\"og:image:width\" content=\"2560\" \/>\n\t<meta property=\"og:image:height\" content=\"1707\" \/>\n\t<meta property=\"og:image:type\" content=\"image\/jpeg\" \/>\n<meta name=\"author\" content=\"Monika Piotrowska\" \/>\n<meta name=\"twitter:card\" content=\"summary_large_image\" \/>\n<meta name=\"twitter:label1\" content=\"Napisane przez\" \/>\n\t<meta name=\"twitter:data1\" content=\"Monika Piotrowska\" \/>\n\t<meta name=\"twitter:label2\" content=\"Szacowany czas czytania\" \/>\n\t<meta name=\"twitter:data2\" content=\"6 minut\" \/>\n<script type=\"application\/ld+json\" class=\"yoast-schema-graph\">{\"@context\":\"https:\\\/\\\/schema.org\",\"@graph\":[{\"@type\":\"Article\",\"@id\":\"https:\\\/\\\/centrumzaburzenodzywiania.pl\\\/strefaspecjalisty\\\/rodzic-w-gabinecie-specjalisty\\\/#article\",\"isPartOf\":{\"@id\":\"https:\\\/\\\/centrumzaburzenodzywiania.pl\\\/strefaspecjalisty\\\/rodzic-w-gabinecie-specjalisty\\\/\"},\"author\":{\"name\":\"Monika Piotrowska\",\"@id\":\"https:\\\/\\\/centrumzaburzenodzywiania.pl\\\/strefaspecjalisty\\\/#\\\/schema\\\/person\\\/4bb57bd5e4bd7d5f41cee36db68e8395\"},\"headline\":\"Rodzic w gabinecie specjalisty\",\"datePublished\":\"2022-11-17T14:46:30+00:00\",\"dateModified\":\"2026-01-12T07:33:02+00:00\",\"mainEntityOfPage\":{\"@id\":\"https:\\\/\\\/centrumzaburzenodzywiania.pl\\\/strefaspecjalisty\\\/rodzic-w-gabinecie-specjalisty\\\/\"},\"wordCount\":997,\"publisher\":{\"@id\":\"https:\\\/\\\/centrumzaburzenodzywiania.pl\\\/strefaspecjalisty\\\/#organization\"},\"image\":{\"@id\":\"https:\\\/\\\/centrumzaburzenodzywiania.pl\\\/strefaspecjalisty\\\/rodzic-w-gabinecie-specjalisty\\\/#primaryimage\"},\"thumbnailUrl\":\"https:\\\/\\\/centrumzaburzenodzywiania.pl\\\/strefaspecjalisty\\\/wp-content\\\/uploads\\\/2022\\\/11\\\/rodzice_w_Gabinecie-scaled.jpg\",\"articleSection\":[\"Blog\"],\"inLanguage\":\"pl-PL\"},{\"@type\":\"WebPage\",\"@id\":\"https:\\\/\\\/centrumzaburzenodzywiania.pl\\\/strefaspecjalisty\\\/rodzic-w-gabinecie-specjalisty\\\/\",\"url\":\"https:\\\/\\\/centrumzaburzenodzywiania.pl\\\/strefaspecjalisty\\\/rodzic-w-gabinecie-specjalisty\\\/\",\"name\":\"Rodzic w gabinecie specjalisty - Strefa Specjalisty - Og\u00f3lnopolskie Centrum Zaburze\u0144 Od\u017cywiania\",\"isPartOf\":{\"@id\":\"https:\\\/\\\/centrumzaburzenodzywiania.pl\\\/strefaspecjalisty\\\/#website\"},\"primaryImageOfPage\":{\"@id\":\"https:\\\/\\\/centrumzaburzenodzywiania.pl\\\/strefaspecjalisty\\\/rodzic-w-gabinecie-specjalisty\\\/#primaryimage\"},\"image\":{\"@id\":\"https:\\\/\\\/centrumzaburzenodzywiania.pl\\\/strefaspecjalisty\\\/rodzic-w-gabinecie-specjalisty\\\/#primaryimage\"},\"thumbnailUrl\":\"https:\\\/\\\/centrumzaburzenodzywiania.pl\\\/strefaspecjalisty\\\/wp-content\\\/uploads\\\/2022\\\/11\\\/rodzice_w_Gabinecie-scaled.jpg\",\"datePublished\":\"2022-11-17T14:46:30+00:00\",\"dateModified\":\"2026-01-12T07:33:02+00:00\",\"description\":\"Dowiedz si\u0119, jak pracowa\u0107 z rodzicem w gabinecie specjalisty. Wiedza i praktyczne wskaz\u00f3wki od Specjalist\u00f3w.\",\"breadcrumb\":{\"@id\":\"https:\\\/\\\/centrumzaburzenodzywiania.pl\\\/strefaspecjalisty\\\/rodzic-w-gabinecie-specjalisty\\\/#breadcrumb\"},\"inLanguage\":\"pl-PL\",\"potentialAction\":[{\"@type\":\"ReadAction\",\"target\":[\"https:\\\/\\\/centrumzaburzenodzywiania.pl\\\/strefaspecjalisty\\\/rodzic-w-gabinecie-specjalisty\\\/\"]}]},{\"@type\":\"ImageObject\",\"inLanguage\":\"pl-PL\",\"@id\":\"https:\\\/\\\/centrumzaburzenodzywiania.pl\\\/strefaspecjalisty\\\/rodzic-w-gabinecie-specjalisty\\\/#primaryimage\",\"url\":\"https:\\\/\\\/centrumzaburzenodzywiania.pl\\\/strefaspecjalisty\\\/wp-content\\\/uploads\\\/2022\\\/11\\\/rodzice_w_Gabinecie-scaled.jpg\",\"contentUrl\":\"https:\\\/\\\/centrumzaburzenodzywiania.pl\\\/strefaspecjalisty\\\/wp-content\\\/uploads\\\/2022\\\/11\\\/rodzice_w_Gabinecie-scaled.jpg\",\"width\":2560,\"height\":1707,\"caption\":\"Rodzice w gabinecie\"},{\"@type\":\"BreadcrumbList\",\"@id\":\"https:\\\/\\\/centrumzaburzenodzywiania.pl\\\/strefaspecjalisty\\\/rodzic-w-gabinecie-specjalisty\\\/#breadcrumb\",\"itemListElement\":[{\"@type\":\"ListItem\",\"position\":1,\"name\":\"Strona g\u0142\u00f3wna\",\"item\":\"https:\\\/\\\/centrumzaburzenodzywiania.pl\\\/strefaspecjalisty\\\/\"},{\"@type\":\"ListItem\",\"position\":2,\"name\":\"Rodzic w gabinecie specjalisty\"}]},{\"@type\":\"WebSite\",\"@id\":\"https:\\\/\\\/centrumzaburzenodzywiania.pl\\\/strefaspecjalisty\\\/#website\",\"url\":\"https:\\\/\\\/centrumzaburzenodzywiania.pl\\\/strefaspecjalisty\\\/\",\"name\":\"Strefa Specjalisty - Og\u00f3lnopolskie Centrum Zaburze\u0144 Od\u017cywiania\",\"description\":\"Strefa Specjalisty - Og\u00f3lnopolskie Centrum Zaburze\u0144 Od\u017cywiania\",\"publisher\":{\"@id\":\"https:\\\/\\\/centrumzaburzenodzywiania.pl\\\/strefaspecjalisty\\\/#organization\"},\"potentialAction\":[{\"@type\":\"SearchAction\",\"target\":{\"@type\":\"EntryPoint\",\"urlTemplate\":\"https:\\\/\\\/centrumzaburzenodzywiania.pl\\\/strefaspecjalisty\\\/?s={search_term_string}\"},\"query-input\":{\"@type\":\"PropertyValueSpecification\",\"valueRequired\":true,\"valueName\":\"search_term_string\"}}],\"inLanguage\":\"pl-PL\"},{\"@type\":\"Organization\",\"@id\":\"https:\\\/\\\/centrumzaburzenodzywiania.pl\\\/strefaspecjalisty\\\/#organization\",\"name\":\"Strefa Specjalisty - Og\u00f3lnopolskie Centrum Zaburze\u0144 Od\u017cywiania\",\"url\":\"https:\\\/\\\/centrumzaburzenodzywiania.pl\\\/strefaspecjalisty\\\/\",\"logo\":{\"@type\":\"ImageObject\",\"inLanguage\":\"pl-PL\",\"@id\":\"https:\\\/\\\/centrumzaburzenodzywiania.pl\\\/strefaspecjalisty\\\/#\\\/schema\\\/logo\\\/image\\\/\",\"url\":\"https:\\\/\\\/centrumzaburzenodzywiania.pl\\\/strefaspecjalisty\\\/wp-content\\\/uploads\\\/2025\\\/11\\\/logo.png\",\"contentUrl\":\"https:\\\/\\\/centrumzaburzenodzywiania.pl\\\/strefaspecjalisty\\\/wp-content\\\/uploads\\\/2025\\\/11\\\/logo.png\",\"width\":141,\"height\":54,\"caption\":\"Strefa Specjalisty - Og\u00f3lnopolskie Centrum Zaburze\u0144 Od\u017cywiania\"},\"image\":{\"@id\":\"https:\\\/\\\/centrumzaburzenodzywiania.pl\\\/strefaspecjalisty\\\/#\\\/schema\\\/logo\\\/image\\\/\"}},{\"@type\":\"Person\",\"@id\":\"https:\\\/\\\/centrumzaburzenodzywiania.pl\\\/strefaspecjalisty\\\/#\\\/schema\\\/person\\\/4bb57bd5e4bd7d5f41cee36db68e8395\",\"name\":\"Monika Piotrowska\",\"image\":{\"@type\":\"ImageObject\",\"inLanguage\":\"pl-PL\",\"@id\":\"https:\\\/\\\/secure.gravatar.com\\\/avatar\\\/f10ad2822576477d416c760a199900e38d61b307c4b95b8675199d3e39a811b3?s=96&d=mm&r=g\",\"url\":\"https:\\\/\\\/secure.gravatar.com\\\/avatar\\\/f10ad2822576477d416c760a199900e38d61b307c4b95b8675199d3e39a811b3?s=96&d=mm&r=g\",\"contentUrl\":\"https:\\\/\\\/secure.gravatar.com\\\/avatar\\\/f10ad2822576477d416c760a199900e38d61b307c4b95b8675199d3e39a811b3?s=96&d=mm&r=g\",\"caption\":\"Monika Piotrowska\"},\"url\":\"https:\\\/\\\/centrumzaburzenodzywiania.pl\\\/strefaspecjalisty\\\/author\\\/piotrowska1monikagmail-com\\\/\"}]}<\/script>\n<!-- \/ Yoast SEO plugin. -->","yoast_head_json":{"title":"Rodzic w gabinecie specjalisty - Strefa Specjalisty - Og\u00f3lnopolskie Centrum Zaburze\u0144 Od\u017cywiania","description":"Dowiedz si\u0119, jak pracowa\u0107 z rodzicem w gabinecie specjalisty. Wiedza i praktyczne wskaz\u00f3wki od Specjalist\u00f3w.","robots":{"index":"index","follow":"follow","max-snippet":"max-snippet:-1","max-image-preview":"max-image-preview:large","max-video-preview":"max-video-preview:-1"},"canonical":"https:\/\/centrumzaburzenodzywiania.pl\/strefaspecjalisty\/rodzic-w-gabinecie-specjalisty\/","og_locale":"pl_PL","og_type":"article","og_title":"Rodzic w gabinecie specjalisty - Strefa Specjalisty - Og\u00f3lnopolskie Centrum Zaburze\u0144 Od\u017cywiania","og_description":"Dowiedz si\u0119, jak pracowa\u0107 z rodzicem w gabinecie specjalisty. Wiedza i praktyczne wskaz\u00f3wki od Specjalist\u00f3w.","og_url":"https:\/\/centrumzaburzenodzywiania.pl\/strefaspecjalisty\/rodzic-w-gabinecie-specjalisty\/","og_site_name":"Strefa Specjalisty - Og\u00f3lnopolskie Centrum Zaburze\u0144 Od\u017cywiania","article_published_time":"2022-11-17T14:46:30+00:00","article_modified_time":"2026-01-12T07:33:02+00:00","og_image":[{"width":2560,"height":1707,"url":"https:\/\/centrumzaburzenodzywiania.pl\/strefaspecjalisty\/wp-content\/uploads\/2022\/11\/rodzice_w_Gabinecie-scaled.jpg","type":"image\/jpeg"}],"author":"Monika Piotrowska","twitter_card":"summary_large_image","twitter_misc":{"Napisane przez":"Monika Piotrowska","Szacowany czas czytania":"6 minut"},"schema":{"@context":"https:\/\/schema.org","@graph":[{"@type":"Article","@id":"https:\/\/centrumzaburzenodzywiania.pl\/strefaspecjalisty\/rodzic-w-gabinecie-specjalisty\/#article","isPartOf":{"@id":"https:\/\/centrumzaburzenodzywiania.pl\/strefaspecjalisty\/rodzic-w-gabinecie-specjalisty\/"},"author":{"name":"Monika Piotrowska","@id":"https:\/\/centrumzaburzenodzywiania.pl\/strefaspecjalisty\/#\/schema\/person\/4bb57bd5e4bd7d5f41cee36db68e8395"},"headline":"Rodzic w gabinecie specjalisty","datePublished":"2022-11-17T14:46:30+00:00","dateModified":"2026-01-12T07:33:02+00:00","mainEntityOfPage":{"@id":"https:\/\/centrumzaburzenodzywiania.pl\/strefaspecjalisty\/rodzic-w-gabinecie-specjalisty\/"},"wordCount":997,"publisher":{"@id":"https:\/\/centrumzaburzenodzywiania.pl\/strefaspecjalisty\/#organization"},"image":{"@id":"https:\/\/centrumzaburzenodzywiania.pl\/strefaspecjalisty\/rodzic-w-gabinecie-specjalisty\/#primaryimage"},"thumbnailUrl":"https:\/\/centrumzaburzenodzywiania.pl\/strefaspecjalisty\/wp-content\/uploads\/2022\/11\/rodzice_w_Gabinecie-scaled.jpg","articleSection":["Blog"],"inLanguage":"pl-PL"},{"@type":"WebPage","@id":"https:\/\/centrumzaburzenodzywiania.pl\/strefaspecjalisty\/rodzic-w-gabinecie-specjalisty\/","url":"https:\/\/centrumzaburzenodzywiania.pl\/strefaspecjalisty\/rodzic-w-gabinecie-specjalisty\/","name":"Rodzic w gabinecie specjalisty - Strefa Specjalisty - Og\u00f3lnopolskie Centrum Zaburze\u0144 Od\u017cywiania","isPartOf":{"@id":"https:\/\/centrumzaburzenodzywiania.pl\/strefaspecjalisty\/#website"},"primaryImageOfPage":{"@id":"https:\/\/centrumzaburzenodzywiania.pl\/strefaspecjalisty\/rodzic-w-gabinecie-specjalisty\/#primaryimage"},"image":{"@id":"https:\/\/centrumzaburzenodzywiania.pl\/strefaspecjalisty\/rodzic-w-gabinecie-specjalisty\/#primaryimage"},"thumbnailUrl":"https:\/\/centrumzaburzenodzywiania.pl\/strefaspecjalisty\/wp-content\/uploads\/2022\/11\/rodzice_w_Gabinecie-scaled.jpg","datePublished":"2022-11-17T14:46:30+00:00","dateModified":"2026-01-12T07:33:02+00:00","description":"Dowiedz si\u0119, jak pracowa\u0107 z rodzicem w gabinecie specjalisty. Wiedza i praktyczne wskaz\u00f3wki od Specjalist\u00f3w.","breadcrumb":{"@id":"https:\/\/centrumzaburzenodzywiania.pl\/strefaspecjalisty\/rodzic-w-gabinecie-specjalisty\/#breadcrumb"},"inLanguage":"pl-PL","potentialAction":[{"@type":"ReadAction","target":["https:\/\/centrumzaburzenodzywiania.pl\/strefaspecjalisty\/rodzic-w-gabinecie-specjalisty\/"]}]},{"@type":"ImageObject","inLanguage":"pl-PL","@id":"https:\/\/centrumzaburzenodzywiania.pl\/strefaspecjalisty\/rodzic-w-gabinecie-specjalisty\/#primaryimage","url":"https:\/\/centrumzaburzenodzywiania.pl\/strefaspecjalisty\/wp-content\/uploads\/2022\/11\/rodzice_w_Gabinecie-scaled.jpg","contentUrl":"https:\/\/centrumzaburzenodzywiania.pl\/strefaspecjalisty\/wp-content\/uploads\/2022\/11\/rodzice_w_Gabinecie-scaled.jpg","width":2560,"height":1707,"caption":"Rodzice w gabinecie"},{"@type":"BreadcrumbList","@id":"https:\/\/centrumzaburzenodzywiania.pl\/strefaspecjalisty\/rodzic-w-gabinecie-specjalisty\/#breadcrumb","itemListElement":[{"@type":"ListItem","position":1,"name":"Strona g\u0142\u00f3wna","item":"https:\/\/centrumzaburzenodzywiania.pl\/strefaspecjalisty\/"},{"@type":"ListItem","position":2,"name":"Rodzic w gabinecie specjalisty"}]},{"@type":"WebSite","@id":"https:\/\/centrumzaburzenodzywiania.pl\/strefaspecjalisty\/#website","url":"https:\/\/centrumzaburzenodzywiania.pl\/strefaspecjalisty\/","name":"Strefa Specjalisty - Og\u00f3lnopolskie Centrum Zaburze\u0144 Od\u017cywiania","description":"Strefa Specjalisty - Og\u00f3lnopolskie Centrum Zaburze\u0144 Od\u017cywiania","publisher":{"@id":"https:\/\/centrumzaburzenodzywiania.pl\/strefaspecjalisty\/#organization"},"potentialAction":[{"@type":"SearchAction","target":{"@type":"EntryPoint","urlTemplate":"https:\/\/centrumzaburzenodzywiania.pl\/strefaspecjalisty\/?s={search_term_string}"},"query-input":{"@type":"PropertyValueSpecification","valueRequired":true,"valueName":"search_term_string"}}],"inLanguage":"pl-PL"},{"@type":"Organization","@id":"https:\/\/centrumzaburzenodzywiania.pl\/strefaspecjalisty\/#organization","name":"Strefa Specjalisty - Og\u00f3lnopolskie Centrum Zaburze\u0144 Od\u017cywiania","url":"https:\/\/centrumzaburzenodzywiania.pl\/strefaspecjalisty\/","logo":{"@type":"ImageObject","inLanguage":"pl-PL","@id":"https:\/\/centrumzaburzenodzywiania.pl\/strefaspecjalisty\/#\/schema\/logo\/image\/","url":"https:\/\/centrumzaburzenodzywiania.pl\/strefaspecjalisty\/wp-content\/uploads\/2025\/11\/logo.png","contentUrl":"https:\/\/centrumzaburzenodzywiania.pl\/strefaspecjalisty\/wp-content\/uploads\/2025\/11\/logo.png","width":141,"height":54,"caption":"Strefa Specjalisty - Og\u00f3lnopolskie Centrum Zaburze\u0144 Od\u017cywiania"},"image":{"@id":"https:\/\/centrumzaburzenodzywiania.pl\/strefaspecjalisty\/#\/schema\/logo\/image\/"}},{"@type":"Person","@id":"https:\/\/centrumzaburzenodzywiania.pl\/strefaspecjalisty\/#\/schema\/person\/4bb57bd5e4bd7d5f41cee36db68e8395","name":"Monika Piotrowska","image":{"@type":"ImageObject","inLanguage":"pl-PL","@id":"https:\/\/secure.gravatar.com\/avatar\/f10ad2822576477d416c760a199900e38d61b307c4b95b8675199d3e39a811b3?s=96&d=mm&r=g","url":"https:\/\/secure.gravatar.com\/avatar\/f10ad2822576477d416c760a199900e38d61b307c4b95b8675199d3e39a811b3?s=96&d=mm&r=g","contentUrl":"https:\/\/secure.gravatar.com\/avatar\/f10ad2822576477d416c760a199900e38d61b307c4b95b8675199d3e39a811b3?s=96&d=mm&r=g","caption":"Monika Piotrowska"},"url":"https:\/\/centrumzaburzenodzywiania.pl\/strefaspecjalisty\/author\/piotrowska1monikagmail-com\/"}]}},"_links":{"self":[{"href":"https:\/\/centrumzaburzenodzywiania.pl\/strefaspecjalisty\/wp-json\/wp\/v2\/posts\/1278","targetHints":{"allow":["GET"]}}],"collection":[{"href":"https:\/\/centrumzaburzenodzywiania.pl\/strefaspecjalisty\/wp-json\/wp\/v2\/posts"}],"about":[{"href":"https:\/\/centrumzaburzenodzywiania.pl\/strefaspecjalisty\/wp-json\/wp\/v2\/types\/post"}],"author":[{"embeddable":true,"href":"https:\/\/centrumzaburzenodzywiania.pl\/strefaspecjalisty\/wp-json\/wp\/v2\/users\/3"}],"replies":[{"embeddable":true,"href":"https:\/\/centrumzaburzenodzywiania.pl\/strefaspecjalisty\/wp-json\/wp\/v2\/comments?post=1278"}],"version-history":[{"count":7,"href":"https:\/\/centrumzaburzenodzywiania.pl\/strefaspecjalisty\/wp-json\/wp\/v2\/posts\/1278\/revisions"}],"predecessor-version":[{"id":4063,"href":"https:\/\/centrumzaburzenodzywiania.pl\/strefaspecjalisty\/wp-json\/wp\/v2\/posts\/1278\/revisions\/4063"}],"wp:featuredmedia":[{"embeddable":true,"href":"https:\/\/centrumzaburzenodzywiania.pl\/strefaspecjalisty\/wp-json\/wp\/v2\/media\/1279"}],"wp:attachment":[{"href":"https:\/\/centrumzaburzenodzywiania.pl\/strefaspecjalisty\/wp-json\/wp\/v2\/media?parent=1278"}],"wp:term":[{"taxonomy":"category","embeddable":true,"href":"https:\/\/centrumzaburzenodzywiania.pl\/strefaspecjalisty\/wp-json\/wp\/v2\/categories?post=1278"},{"taxonomy":"post_tag","embeddable":true,"href":"https:\/\/centrumzaburzenodzywiania.pl\/strefaspecjalisty\/wp-json\/wp\/v2\/tags?post=1278"}],"curies":[{"name":"wp","href":"https:\/\/api.w.org\/{rel}","templated":true}]}}