{"id":125,"date":"2021-02-28T11:48:27","date_gmt":"2021-02-28T10:48:27","guid":{"rendered":"https:\/\/centrumzaburzenodzywiania.pl\/strefaspecjalisty\/?p=125"},"modified":"2026-01-13T18:08:58","modified_gmt":"2026-01-13T17:08:58","slug":"wystepowanie-czynnikow-ryzyka-jadlowstretu-psychicznego-i-bulimii-u-18-letnich-dziewczat","status":"publish","type":"post","link":"https:\/\/centrumzaburzenodzywiania.pl\/strefaspecjalisty\/wystepowanie-czynnikow-ryzyka-jadlowstretu-psychicznego-i-bulimii-u-18-letnich-dziewczat\/","title":{"rendered":"Wyst\u0119powanie czynnik\u00f3w ryzyka jad\u0142owstr\u0119tu psychicznego i bulimii u 18-letnich dziewcz\u0105t"},"content":{"rendered":"\n<p>Wczesna identyfikacja os\u00f3b ze zwi\u0119kszonym ryzykiem wyst\u0105pienia zaburze\u0144 od\u017cywiania jest podstaw\u0105 odpowiedniego post\u0119powania profilaktycznego i mo\u017ce zapobiec wyst\u0105pieniu choroby. Celem pracy badawczej przeprowadzonej przez pracownik\u00f3w Zak\u0142adu Promocji Zdrowia Akademii Wychowania Fizycznego we Wroc\u0142awiu by\u0142a ocena cz\u0119sto\u015bci wyst\u0119powania konstytucjonalnych, behawioralnych i psychologicznych czynnik\u00f3w ryzyka anoreksji i bulimii u 18-letnich dziewcz\u0105t.<\/p>\n\n\n\n<p>Materia\u0142 i metody<\/p>\n\n\n\n<p>Badanie zosta\u0142o przeprowadzone w\u015br\u00f3d 100 uczennic liceum og\u00f3lnokszta\u0142c\u0105cego we Wroc\u0142awiu. \u015arednia wieku dziewcz\u0105t wynosi\u0142a 18,1. Ankiet\u0119 opracowano na podstawie systemu diagnozy nozologicznej Ameryka\u0144skiego Towarzystwa Psychiatrycznego \u2013 DSM-IV, Mi\u0119dzynarodowej Statystycznej Klasyfikacji Chor\u00f3b i Problem\u00f3w Zdrowotnych \u2013 ICD-10 oraz doniesie\u0144 z pi\u015bmiennictwa. Sk\u0142ada\u0142a si\u0119 ona z cz\u0119\u015bci og\u00f3lnej, szczeg\u00f3\u0142owej oraz pyta\u0144 testuj\u0105cych wyst\u0119powanie zaburze\u0144 od\u017cywiania. W cz\u0119\u015bci szczeg\u00f3\u0142owej ankiety pytania dotyczy\u0142y m.in. stylu \u017cycia (w tym sposobu od\u017cywiania), stosowania u\u017cywek, aktywno\u015bci fizycznej oraz psychologicznych czynnik\u00f3w ryzyka wyst\u0105pienia anoreksji i bulimii.<\/p>\n\n\n\n<p>Wybrane wyniki<\/p>\n\n\n\n<p>Analiza szczeg\u00f3\u0142owej cz\u0119\u015bci ankiety wykaza\u0142a, \u017ce&nbsp;<em>\u201eponad po\u0142owa respondentek nie akceptowa\u0142a swojego wygl\u0105du, przy czym 53% dziewcz\u0105t deklarowano podj\u0119cie dzia\u0142a\u0144 w kierunku dokonania zmian, a 6% zrezygnowa\u0142o z jakichkolwiek dzia\u0142a\u0144, nie wierz\u0105c w mo\u017cliwo\u015b\u0107 powodzenia.\u201d<\/em><sup>1<\/sup>&nbsp;42% uczennic uzna\u0142o, \u017ce akceptuje swoj\u0105 sylwetk\u0119, 36% zdecydowanie nie akceptowa\u0142o swojej sylwetki, 22% by\u0142o niezdecydowanych. Problem utrzymaniem prawid\u0142owej masy cia\u0142a zadeklarowa\u0142a blisko 1\/3 dziewcz\u0105t. Za g\u0142od\u00f3wk\u0105 opowiedzia\u0142o si\u0119 17 dziewcz\u0105t, a za stosowaniem \u015brodk\u00f3w moczop\u0119dnych i przeczyszczaj\u0105cych \u2013 4 respondentki. 7 os\u00f3b wskaza\u0142o palenie tytoniu lub przyjmowanie narkotyk\u00f3w jako spos\u00f3b na uzyskanie prawid\u0142owej masy cia\u0142a. Warto\u015b\u0107 kaloryczn\u0105 w posi\u0142kach ocenia\u0142a 1\/3 dziewcz\u0105t. Stwierdzono r\u00f3wnie\u017c, \u017ce 3\/4 os\u00f3b od\u017cywia\u0142o si\u0119 nieprawid\u0142owo m.in. spo\u017cywa\u0142o zbyt ma\u0142\u0105 liczb\u0119 posi\u0142k\u00f3w dziennie lub posi\u0142ki by\u0142y nieregularne. Ponad 72% dziewcz\u0105t przyzna\u0142o, \u017ce mia\u0142o zachowania typowe dla zaburze\u0144 od\u017cywiania m.in. jedzenie w ukryciu, niemo\u017cno\u015b\u0107 przerwania jedzenia, do\u015bwiadczenia uczucia wstydu i nienawi\u015bci z powodu nadmiernego apetytu i przejadania si\u0119 oraz potrzeby niepohamowanego jedzenia w sytuacji intensywnych prze\u017cy\u0107 emocjonalnych.&nbsp;<em>\u201eBlisko 60% dziewcz\u0105t przyzna\u0142o, \u017ce odchudza\u0142y si\u0119 w przesz\u0142o\u015bci, 11% dziewcz\u0105t ca\u0142y czas przestrzega\u0142o diety odchudzaj\u0105cej, a jedynie 29% uzna\u0142o, \u017ce odchudza\u0142y si\u0119 w przesz\u0142o\u015bci.\u201d<\/em><sup>2<\/sup>&nbsp;Wskaz\u00f3wek dotycz\u0105cych odchudzania osoby szuka\u0142y w czasopismach kobiecych oraz w\u015br\u00f3d porad kole\u017canek.<\/p>\n\n\n\n<p>Dyskusja<\/p>\n\n\n\n<p><em>\u201eW badaniach autor\u00f3w niniejszej pracy u 1\/4 dziewcz\u0105t stwierdzono niedob\u00f3r masy cia\u0142a (BMI&lt;18,5), ponad po\u0142owa ankietowanych by\u0142a niezadowolona ze swojego wygl\u0105du, a 36% zdecydowanie nie akceptowa\u0142a swojej sylwetki, najcz\u0119\u015bciej z powodu obecno\u015bci tkanki t\u0142uszczowej w okolicy udowo-po\u015bladkowej.\u201d<\/em><sup>3<\/sup>&nbsp;Uwidacznia si\u0119 tu uleganie tendencjom do lansowania kobiety o wska\u017aniku masy cia\u0142a poni\u017cej warto\u015bci prawid\u0142owej w mediach i modzie. Wiadomo tak\u017ce, \u017ce brak akceptacji swojego wygl\u0105du jest czynnikiem ryzyka anoreksji. Bardzo wysoki by\u0142 odsetek dziewcz\u0105t, kt\u00f3re przejawia\u0142y zachowania typowe dla zaburze\u0144 od\u017cywiania. Nieprawid\u0142owe od\u017cywiania mo\u017ce prowadzi\u0107 do rozwini\u0119cia choroby. Wskazuje si\u0119 na konieczno\u015b\u0107 wdra\u017cania program\u00f3w edukacyjno-profilaktycznych, w kt\u00f3rych niezb\u0119dny jest tak\u017ce aktywny udzia\u0142 grona pedagogicznego i personelu medycznego.<\/p>\n\n\n\n<p>Wniosek<\/p>\n\n\n\n<p>\u201eU 18-letnich dziewcz\u0105t cz\u0119sto wyst\u0119puj\u0105 konstytucjonalne, behawioralne i psychologiczne czynniki ryzyka anoreksji i bulimii, do kt\u00f3rych najcz\u0119\u015bciej nale\u017c\u0105: brak akceptacji w\u0142asnego cia\u0142a i nieprawid\u0142owe od\u017cywianie.\u201d<sup>4<\/sup><\/p>\n\n\n\n<p>Na podstawie:<br>F.Lwow, K.Dunajska, A.Milewicz; Wyst\u0119powanie czynnik\u00f3w ryzyka jad\u0142owstr\u0119tu psychicznego i bulimii u 18-letnich dziewcz\u0105t; Endokrynologia, Oty\u0142o\u015b\u0107, Zaburzenia Przemiany Materii, tom 3, nr 3, 2007<\/p>\n\n\n\n<p><sup>1,2,3<\/sup>F.Lwow, K.Dunajska, A.Milewicz; Wyst\u0119powanie czynnik\u00f3w ryzyka jad\u0142owstr\u0119tu psychicznego i bulimii u 18-letnich dziewcz\u0105t; Endokrynologia, Oty\u0142o\u015b\u0107, Zaburzenia Przemiany Materii, tom 3, nr 3, 2007<\/p>\n\n\n\n<p><em>autor: Magdalena Krupa<\/em><\/p>\n","protected":false},"excerpt":{"rendered":"<p>Wczesna identyfikacja os\u00f3b ze zwi\u0119kszonym ryzykiem wyst\u0105pienia zaburze\u0144 od\u017cywiania jest podstaw\u0105 odpowiedniego post\u0119powania profilaktycznego i mo\u017ce zapobiec wyst\u0105pieniu choroby. Celem pracy badawczej przeprowadzonej przez pracownik\u00f3w Zak\u0142adu Promocji Zdrowia Akademii Wychowania Fizycznego we Wroc\u0142awiu by\u0142a ocena cz\u0119sto\u015bci wyst\u0119powania konstytucjonalnych, behawioralnych i psychologicznych czynnik\u00f3w ryzyka anoreksji i bulimii u 18-letnich dziewcz\u0105t. Materia\u0142 i metody Badanie zosta\u0142o przeprowadzone [&hellip;]<\/p>\n","protected":false},"author":3,"featured_media":126,"comment_status":"closed","ping_status":"closed","sticky":false,"template":"","format":"standard","meta":{"_acf_changed":false,"inline_featured_image":false,"footnotes":""},"categories":[2],"tags":[],"class_list":["post-125","post","type-post","status-publish","format-standard","has-post-thumbnail","hentry","category-blog"],"acf":[],"yoast_head":"<!-- This site is optimized with the Yoast SEO plugin v27.4 - https:\/\/yoast.com\/product\/yoast-seo-wordpress\/ -->\n<title>Czynniki ryzyka anoreksji i bulimii u 18-letnich dziewcz\u0105t - Blog - Strefa Specjalisty - Og\u00f3lnopolskie Centrum Zaburze\u0144 Od\u017cywiania<\/title>\n<meta name=\"description\" content=\"Opis badania, kt\u00f3re identyfikuje czynniki ryzyka jad\u0142owstr\u0119tu psychicznego i bulimii u 18-letnich dziewcz\u0105t.\" \/>\n<meta name=\"robots\" content=\"index, follow, max-snippet:-1, max-image-preview:large, max-video-preview:-1\" \/>\n<link rel=\"canonical\" href=\"https:\/\/centrumzaburzenodzywiania.pl\/strefaspecjalisty\/wystepowanie-czynnikow-ryzyka-jadlowstretu-psychicznego-i-bulimii-u-18-letnich-dziewczat\/\" \/>\n<meta property=\"og:locale\" content=\"pl_PL\" \/>\n<meta property=\"og:type\" content=\"article\" \/>\n<meta property=\"og:title\" content=\"Czynniki ryzyka anoreksji i bulimii u 18-letnich dziewcz\u0105t - Blog - Strefa Specjalisty - Og\u00f3lnopolskie Centrum Zaburze\u0144 Od\u017cywiania\" \/>\n<meta property=\"og:description\" content=\"Opis badania, kt\u00f3re identyfikuje czynniki ryzyka jad\u0142owstr\u0119tu psychicznego i bulimii u 18-letnich dziewcz\u0105t.\" \/>\n<meta property=\"og:url\" content=\"https:\/\/centrumzaburzenodzywiania.pl\/strefaspecjalisty\/wystepowanie-czynnikow-ryzyka-jadlowstretu-psychicznego-i-bulimii-u-18-letnich-dziewczat\/\" \/>\n<meta property=\"og:site_name\" content=\"Strefa Specjalisty - Og\u00f3lnopolskie Centrum Zaburze\u0144 Od\u017cywiania\" \/>\n<meta property=\"article:published_time\" content=\"2021-02-28T10:48:27+00:00\" \/>\n<meta property=\"article:modified_time\" content=\"2026-01-13T17:08:58+00:00\" \/>\n<meta property=\"og:image\" content=\"https:\/\/centrumzaburzenodzywiania.pl\/strefaspecjalisty\/wp-content\/uploads\/2021\/02\/wystepowanie-czynnikow-ryzyka-jadlowstretu-psychicznego-i-bulimii-u-18-letnich-dziewczat.jpg\" \/>\n\t<meta property=\"og:image:width\" content=\"1492\" \/>\n\t<meta property=\"og:image:height\" content=\"855\" \/>\n\t<meta property=\"og:image:type\" content=\"image\/jpeg\" \/>\n<meta name=\"author\" content=\"Monika Piotrowska\" \/>\n<meta name=\"twitter:card\" content=\"summary_large_image\" \/>\n<meta name=\"twitter:label1\" content=\"Napisane przez\" \/>\n\t<meta name=\"twitter:data1\" content=\"Monika Piotrowska\" \/>\n\t<meta name=\"twitter:label2\" content=\"Szacowany czas czytania\" \/>\n\t<meta name=\"twitter:data2\" content=\"4 minuty\" \/>\n<script type=\"application\/ld+json\" class=\"yoast-schema-graph\">{\"@context\":\"https:\\\/\\\/schema.org\",\"@graph\":[{\"@type\":\"Article\",\"@id\":\"https:\\\/\\\/centrumzaburzenodzywiania.pl\\\/strefaspecjalisty\\\/wystepowanie-czynnikow-ryzyka-jadlowstretu-psychicznego-i-bulimii-u-18-letnich-dziewczat\\\/#article\",\"isPartOf\":{\"@id\":\"https:\\\/\\\/centrumzaburzenodzywiania.pl\\\/strefaspecjalisty\\\/wystepowanie-czynnikow-ryzyka-jadlowstretu-psychicznego-i-bulimii-u-18-letnich-dziewczat\\\/\"},\"author\":{\"name\":\"Monika Piotrowska\",\"@id\":\"https:\\\/\\\/centrumzaburzenodzywiania.pl\\\/strefaspecjalisty\\\/#\\\/schema\\\/person\\\/4bb57bd5e4bd7d5f41cee36db68e8395\"},\"headline\":\"Wyst\u0119powanie czynnik\u00f3w ryzyka jad\u0142owstr\u0119tu psychicznego i bulimii u 18-letnich dziewcz\u0105t\",\"datePublished\":\"2021-02-28T10:48:27+00:00\",\"dateModified\":\"2026-01-13T17:08:58+00:00\",\"mainEntityOfPage\":{\"@id\":\"https:\\\/\\\/centrumzaburzenodzywiania.pl\\\/strefaspecjalisty\\\/wystepowanie-czynnikow-ryzyka-jadlowstretu-psychicznego-i-bulimii-u-18-letnich-dziewczat\\\/\"},\"wordCount\":683,\"publisher\":{\"@id\":\"https:\\\/\\\/centrumzaburzenodzywiania.pl\\\/strefaspecjalisty\\\/#organization\"},\"image\":{\"@id\":\"https:\\\/\\\/centrumzaburzenodzywiania.pl\\\/strefaspecjalisty\\\/wystepowanie-czynnikow-ryzyka-jadlowstretu-psychicznego-i-bulimii-u-18-letnich-dziewczat\\\/#primaryimage\"},\"thumbnailUrl\":\"https:\\\/\\\/centrumzaburzenodzywiania.pl\\\/strefaspecjalisty\\\/wp-content\\\/uploads\\\/2021\\\/02\\\/wystepowanie-czynnikow-ryzyka-jadlowstretu-psychicznego-i-bulimii-u-18-letnich-dziewczat.jpg\",\"articleSection\":[\"Blog\"],\"inLanguage\":\"pl-PL\"},{\"@type\":\"WebPage\",\"@id\":\"https:\\\/\\\/centrumzaburzenodzywiania.pl\\\/strefaspecjalisty\\\/wystepowanie-czynnikow-ryzyka-jadlowstretu-psychicznego-i-bulimii-u-18-letnich-dziewczat\\\/\",\"url\":\"https:\\\/\\\/centrumzaburzenodzywiania.pl\\\/strefaspecjalisty\\\/wystepowanie-czynnikow-ryzyka-jadlowstretu-psychicznego-i-bulimii-u-18-letnich-dziewczat\\\/\",\"name\":\"Czynniki ryzyka anoreksji i bulimii u 18-letnich dziewcz\u0105t - Blog - Strefa Specjalisty - Og\u00f3lnopolskie Centrum Zaburze\u0144 Od\u017cywiania\",\"isPartOf\":{\"@id\":\"https:\\\/\\\/centrumzaburzenodzywiania.pl\\\/strefaspecjalisty\\\/#website\"},\"primaryImageOfPage\":{\"@id\":\"https:\\\/\\\/centrumzaburzenodzywiania.pl\\\/strefaspecjalisty\\\/wystepowanie-czynnikow-ryzyka-jadlowstretu-psychicznego-i-bulimii-u-18-letnich-dziewczat\\\/#primaryimage\"},\"image\":{\"@id\":\"https:\\\/\\\/centrumzaburzenodzywiania.pl\\\/strefaspecjalisty\\\/wystepowanie-czynnikow-ryzyka-jadlowstretu-psychicznego-i-bulimii-u-18-letnich-dziewczat\\\/#primaryimage\"},\"thumbnailUrl\":\"https:\\\/\\\/centrumzaburzenodzywiania.pl\\\/strefaspecjalisty\\\/wp-content\\\/uploads\\\/2021\\\/02\\\/wystepowanie-czynnikow-ryzyka-jadlowstretu-psychicznego-i-bulimii-u-18-letnich-dziewczat.jpg\",\"datePublished\":\"2021-02-28T10:48:27+00:00\",\"dateModified\":\"2026-01-13T17:08:58+00:00\",\"description\":\"Opis badania, kt\u00f3re identyfikuje czynniki ryzyka jad\u0142owstr\u0119tu psychicznego i bulimii u 18-letnich dziewcz\u0105t.\",\"breadcrumb\":{\"@id\":\"https:\\\/\\\/centrumzaburzenodzywiania.pl\\\/strefaspecjalisty\\\/wystepowanie-czynnikow-ryzyka-jadlowstretu-psychicznego-i-bulimii-u-18-letnich-dziewczat\\\/#breadcrumb\"},\"inLanguage\":\"pl-PL\",\"potentialAction\":[{\"@type\":\"ReadAction\",\"target\":[\"https:\\\/\\\/centrumzaburzenodzywiania.pl\\\/strefaspecjalisty\\\/wystepowanie-czynnikow-ryzyka-jadlowstretu-psychicznego-i-bulimii-u-18-letnich-dziewczat\\\/\"]}]},{\"@type\":\"ImageObject\",\"inLanguage\":\"pl-PL\",\"@id\":\"https:\\\/\\\/centrumzaburzenodzywiania.pl\\\/strefaspecjalisty\\\/wystepowanie-czynnikow-ryzyka-jadlowstretu-psychicznego-i-bulimii-u-18-letnich-dziewczat\\\/#primaryimage\",\"url\":\"https:\\\/\\\/centrumzaburzenodzywiania.pl\\\/strefaspecjalisty\\\/wp-content\\\/uploads\\\/2021\\\/02\\\/wystepowanie-czynnikow-ryzyka-jadlowstretu-psychicznego-i-bulimii-u-18-letnich-dziewczat.jpg\",\"contentUrl\":\"https:\\\/\\\/centrumzaburzenodzywiania.pl\\\/strefaspecjalisty\\\/wp-content\\\/uploads\\\/2021\\\/02\\\/wystepowanie-czynnikow-ryzyka-jadlowstretu-psychicznego-i-bulimii-u-18-letnich-dziewczat.jpg\",\"width\":1492,\"height\":855},{\"@type\":\"BreadcrumbList\",\"@id\":\"https:\\\/\\\/centrumzaburzenodzywiania.pl\\\/strefaspecjalisty\\\/wystepowanie-czynnikow-ryzyka-jadlowstretu-psychicznego-i-bulimii-u-18-letnich-dziewczat\\\/#breadcrumb\",\"itemListElement\":[{\"@type\":\"ListItem\",\"position\":1,\"name\":\"Strona g\u0142\u00f3wna\",\"item\":\"https:\\\/\\\/centrumzaburzenodzywiania.pl\\\/strefaspecjalisty\\\/\"},{\"@type\":\"ListItem\",\"position\":2,\"name\":\"Wyst\u0119powanie czynnik\u00f3w ryzyka jad\u0142owstr\u0119tu psychicznego i bulimii u 18-letnich dziewcz\u0105t\"}]},{\"@type\":\"WebSite\",\"@id\":\"https:\\\/\\\/centrumzaburzenodzywiania.pl\\\/strefaspecjalisty\\\/#website\",\"url\":\"https:\\\/\\\/centrumzaburzenodzywiania.pl\\\/strefaspecjalisty\\\/\",\"name\":\"Strefa Specjalisty - Og\u00f3lnopolskie Centrum Zaburze\u0144 Od\u017cywiania\",\"description\":\"Strefa Specjalisty - Og\u00f3lnopolskie Centrum Zaburze\u0144 Od\u017cywiania\",\"publisher\":{\"@id\":\"https:\\\/\\\/centrumzaburzenodzywiania.pl\\\/strefaspecjalisty\\\/#organization\"},\"potentialAction\":[{\"@type\":\"SearchAction\",\"target\":{\"@type\":\"EntryPoint\",\"urlTemplate\":\"https:\\\/\\\/centrumzaburzenodzywiania.pl\\\/strefaspecjalisty\\\/?s={search_term_string}\"},\"query-input\":{\"@type\":\"PropertyValueSpecification\",\"valueRequired\":true,\"valueName\":\"search_term_string\"}}],\"inLanguage\":\"pl-PL\"},{\"@type\":\"Organization\",\"@id\":\"https:\\\/\\\/centrumzaburzenodzywiania.pl\\\/strefaspecjalisty\\\/#organization\",\"name\":\"Strefa Specjalisty - Og\u00f3lnopolskie Centrum Zaburze\u0144 Od\u017cywiania\",\"url\":\"https:\\\/\\\/centrumzaburzenodzywiania.pl\\\/strefaspecjalisty\\\/\",\"logo\":{\"@type\":\"ImageObject\",\"inLanguage\":\"pl-PL\",\"@id\":\"https:\\\/\\\/centrumzaburzenodzywiania.pl\\\/strefaspecjalisty\\\/#\\\/schema\\\/logo\\\/image\\\/\",\"url\":\"https:\\\/\\\/centrumzaburzenodzywiania.pl\\\/strefaspecjalisty\\\/wp-content\\\/uploads\\\/2025\\\/11\\\/logo.png\",\"contentUrl\":\"https:\\\/\\\/centrumzaburzenodzywiania.pl\\\/strefaspecjalisty\\\/wp-content\\\/uploads\\\/2025\\\/11\\\/logo.png\",\"width\":141,\"height\":54,\"caption\":\"Strefa Specjalisty - Og\u00f3lnopolskie Centrum Zaburze\u0144 Od\u017cywiania\"},\"image\":{\"@id\":\"https:\\\/\\\/centrumzaburzenodzywiania.pl\\\/strefaspecjalisty\\\/#\\\/schema\\\/logo\\\/image\\\/\"}},{\"@type\":\"Person\",\"@id\":\"https:\\\/\\\/centrumzaburzenodzywiania.pl\\\/strefaspecjalisty\\\/#\\\/schema\\\/person\\\/4bb57bd5e4bd7d5f41cee36db68e8395\",\"name\":\"Monika Piotrowska\",\"image\":{\"@type\":\"ImageObject\",\"inLanguage\":\"pl-PL\",\"@id\":\"https:\\\/\\\/secure.gravatar.com\\\/avatar\\\/f10ad2822576477d416c760a199900e38d61b307c4b95b8675199d3e39a811b3?s=96&d=mm&r=g\",\"url\":\"https:\\\/\\\/secure.gravatar.com\\\/avatar\\\/f10ad2822576477d416c760a199900e38d61b307c4b95b8675199d3e39a811b3?s=96&d=mm&r=g\",\"contentUrl\":\"https:\\\/\\\/secure.gravatar.com\\\/avatar\\\/f10ad2822576477d416c760a199900e38d61b307c4b95b8675199d3e39a811b3?s=96&d=mm&r=g\",\"caption\":\"Monika Piotrowska\"},\"url\":\"https:\\\/\\\/centrumzaburzenodzywiania.pl\\\/strefaspecjalisty\\\/author\\\/piotrowska1monikagmail-com\\\/\"}]}<\/script>\n<!-- \/ Yoast SEO plugin. -->","yoast_head_json":{"title":"Czynniki ryzyka anoreksji i bulimii u 18-letnich dziewcz\u0105t - Blog - Strefa Specjalisty - Og\u00f3lnopolskie Centrum Zaburze\u0144 Od\u017cywiania","description":"Opis badania, kt\u00f3re identyfikuje czynniki ryzyka jad\u0142owstr\u0119tu psychicznego i bulimii u 18-letnich dziewcz\u0105t.","robots":{"index":"index","follow":"follow","max-snippet":"max-snippet:-1","max-image-preview":"max-image-preview:large","max-video-preview":"max-video-preview:-1"},"canonical":"https:\/\/centrumzaburzenodzywiania.pl\/strefaspecjalisty\/wystepowanie-czynnikow-ryzyka-jadlowstretu-psychicznego-i-bulimii-u-18-letnich-dziewczat\/","og_locale":"pl_PL","og_type":"article","og_title":"Czynniki ryzyka anoreksji i bulimii u 18-letnich dziewcz\u0105t - Blog - Strefa Specjalisty - Og\u00f3lnopolskie Centrum Zaburze\u0144 Od\u017cywiania","og_description":"Opis badania, kt\u00f3re identyfikuje czynniki ryzyka jad\u0142owstr\u0119tu psychicznego i bulimii u 18-letnich dziewcz\u0105t.","og_url":"https:\/\/centrumzaburzenodzywiania.pl\/strefaspecjalisty\/wystepowanie-czynnikow-ryzyka-jadlowstretu-psychicznego-i-bulimii-u-18-letnich-dziewczat\/","og_site_name":"Strefa Specjalisty - Og\u00f3lnopolskie Centrum Zaburze\u0144 Od\u017cywiania","article_published_time":"2021-02-28T10:48:27+00:00","article_modified_time":"2026-01-13T17:08:58+00:00","og_image":[{"width":1492,"height":855,"url":"https:\/\/centrumzaburzenodzywiania.pl\/strefaspecjalisty\/wp-content\/uploads\/2021\/02\/wystepowanie-czynnikow-ryzyka-jadlowstretu-psychicznego-i-bulimii-u-18-letnich-dziewczat.jpg","type":"image\/jpeg"}],"author":"Monika Piotrowska","twitter_card":"summary_large_image","twitter_misc":{"Napisane przez":"Monika Piotrowska","Szacowany czas czytania":"4 minuty"},"schema":{"@context":"https:\/\/schema.org","@graph":[{"@type":"Article","@id":"https:\/\/centrumzaburzenodzywiania.pl\/strefaspecjalisty\/wystepowanie-czynnikow-ryzyka-jadlowstretu-psychicznego-i-bulimii-u-18-letnich-dziewczat\/#article","isPartOf":{"@id":"https:\/\/centrumzaburzenodzywiania.pl\/strefaspecjalisty\/wystepowanie-czynnikow-ryzyka-jadlowstretu-psychicznego-i-bulimii-u-18-letnich-dziewczat\/"},"author":{"name":"Monika Piotrowska","@id":"https:\/\/centrumzaburzenodzywiania.pl\/strefaspecjalisty\/#\/schema\/person\/4bb57bd5e4bd7d5f41cee36db68e8395"},"headline":"Wyst\u0119powanie czynnik\u00f3w ryzyka jad\u0142owstr\u0119tu psychicznego i bulimii u 18-letnich dziewcz\u0105t","datePublished":"2021-02-28T10:48:27+00:00","dateModified":"2026-01-13T17:08:58+00:00","mainEntityOfPage":{"@id":"https:\/\/centrumzaburzenodzywiania.pl\/strefaspecjalisty\/wystepowanie-czynnikow-ryzyka-jadlowstretu-psychicznego-i-bulimii-u-18-letnich-dziewczat\/"},"wordCount":683,"publisher":{"@id":"https:\/\/centrumzaburzenodzywiania.pl\/strefaspecjalisty\/#organization"},"image":{"@id":"https:\/\/centrumzaburzenodzywiania.pl\/strefaspecjalisty\/wystepowanie-czynnikow-ryzyka-jadlowstretu-psychicznego-i-bulimii-u-18-letnich-dziewczat\/#primaryimage"},"thumbnailUrl":"https:\/\/centrumzaburzenodzywiania.pl\/strefaspecjalisty\/wp-content\/uploads\/2021\/02\/wystepowanie-czynnikow-ryzyka-jadlowstretu-psychicznego-i-bulimii-u-18-letnich-dziewczat.jpg","articleSection":["Blog"],"inLanguage":"pl-PL"},{"@type":"WebPage","@id":"https:\/\/centrumzaburzenodzywiania.pl\/strefaspecjalisty\/wystepowanie-czynnikow-ryzyka-jadlowstretu-psychicznego-i-bulimii-u-18-letnich-dziewczat\/","url":"https:\/\/centrumzaburzenodzywiania.pl\/strefaspecjalisty\/wystepowanie-czynnikow-ryzyka-jadlowstretu-psychicznego-i-bulimii-u-18-letnich-dziewczat\/","name":"Czynniki ryzyka anoreksji i bulimii u 18-letnich dziewcz\u0105t - Blog - Strefa Specjalisty - Og\u00f3lnopolskie Centrum Zaburze\u0144 Od\u017cywiania","isPartOf":{"@id":"https:\/\/centrumzaburzenodzywiania.pl\/strefaspecjalisty\/#website"},"primaryImageOfPage":{"@id":"https:\/\/centrumzaburzenodzywiania.pl\/strefaspecjalisty\/wystepowanie-czynnikow-ryzyka-jadlowstretu-psychicznego-i-bulimii-u-18-letnich-dziewczat\/#primaryimage"},"image":{"@id":"https:\/\/centrumzaburzenodzywiania.pl\/strefaspecjalisty\/wystepowanie-czynnikow-ryzyka-jadlowstretu-psychicznego-i-bulimii-u-18-letnich-dziewczat\/#primaryimage"},"thumbnailUrl":"https:\/\/centrumzaburzenodzywiania.pl\/strefaspecjalisty\/wp-content\/uploads\/2021\/02\/wystepowanie-czynnikow-ryzyka-jadlowstretu-psychicznego-i-bulimii-u-18-letnich-dziewczat.jpg","datePublished":"2021-02-28T10:48:27+00:00","dateModified":"2026-01-13T17:08:58+00:00","description":"Opis badania, kt\u00f3re identyfikuje czynniki ryzyka jad\u0142owstr\u0119tu psychicznego i bulimii u 18-letnich dziewcz\u0105t.","breadcrumb":{"@id":"https:\/\/centrumzaburzenodzywiania.pl\/strefaspecjalisty\/wystepowanie-czynnikow-ryzyka-jadlowstretu-psychicznego-i-bulimii-u-18-letnich-dziewczat\/#breadcrumb"},"inLanguage":"pl-PL","potentialAction":[{"@type":"ReadAction","target":["https:\/\/centrumzaburzenodzywiania.pl\/strefaspecjalisty\/wystepowanie-czynnikow-ryzyka-jadlowstretu-psychicznego-i-bulimii-u-18-letnich-dziewczat\/"]}]},{"@type":"ImageObject","inLanguage":"pl-PL","@id":"https:\/\/centrumzaburzenodzywiania.pl\/strefaspecjalisty\/wystepowanie-czynnikow-ryzyka-jadlowstretu-psychicznego-i-bulimii-u-18-letnich-dziewczat\/#primaryimage","url":"https:\/\/centrumzaburzenodzywiania.pl\/strefaspecjalisty\/wp-content\/uploads\/2021\/02\/wystepowanie-czynnikow-ryzyka-jadlowstretu-psychicznego-i-bulimii-u-18-letnich-dziewczat.jpg","contentUrl":"https:\/\/centrumzaburzenodzywiania.pl\/strefaspecjalisty\/wp-content\/uploads\/2021\/02\/wystepowanie-czynnikow-ryzyka-jadlowstretu-psychicznego-i-bulimii-u-18-letnich-dziewczat.jpg","width":1492,"height":855},{"@type":"BreadcrumbList","@id":"https:\/\/centrumzaburzenodzywiania.pl\/strefaspecjalisty\/wystepowanie-czynnikow-ryzyka-jadlowstretu-psychicznego-i-bulimii-u-18-letnich-dziewczat\/#breadcrumb","itemListElement":[{"@type":"ListItem","position":1,"name":"Strona g\u0142\u00f3wna","item":"https:\/\/centrumzaburzenodzywiania.pl\/strefaspecjalisty\/"},{"@type":"ListItem","position":2,"name":"Wyst\u0119powanie czynnik\u00f3w ryzyka jad\u0142owstr\u0119tu psychicznego i bulimii u 18-letnich dziewcz\u0105t"}]},{"@type":"WebSite","@id":"https:\/\/centrumzaburzenodzywiania.pl\/strefaspecjalisty\/#website","url":"https:\/\/centrumzaburzenodzywiania.pl\/strefaspecjalisty\/","name":"Strefa Specjalisty - Og\u00f3lnopolskie Centrum Zaburze\u0144 Od\u017cywiania","description":"Strefa Specjalisty - Og\u00f3lnopolskie Centrum Zaburze\u0144 Od\u017cywiania","publisher":{"@id":"https:\/\/centrumzaburzenodzywiania.pl\/strefaspecjalisty\/#organization"},"potentialAction":[{"@type":"SearchAction","target":{"@type":"EntryPoint","urlTemplate":"https:\/\/centrumzaburzenodzywiania.pl\/strefaspecjalisty\/?s={search_term_string}"},"query-input":{"@type":"PropertyValueSpecification","valueRequired":true,"valueName":"search_term_string"}}],"inLanguage":"pl-PL"},{"@type":"Organization","@id":"https:\/\/centrumzaburzenodzywiania.pl\/strefaspecjalisty\/#organization","name":"Strefa Specjalisty - Og\u00f3lnopolskie Centrum Zaburze\u0144 Od\u017cywiania","url":"https:\/\/centrumzaburzenodzywiania.pl\/strefaspecjalisty\/","logo":{"@type":"ImageObject","inLanguage":"pl-PL","@id":"https:\/\/centrumzaburzenodzywiania.pl\/strefaspecjalisty\/#\/schema\/logo\/image\/","url":"https:\/\/centrumzaburzenodzywiania.pl\/strefaspecjalisty\/wp-content\/uploads\/2025\/11\/logo.png","contentUrl":"https:\/\/centrumzaburzenodzywiania.pl\/strefaspecjalisty\/wp-content\/uploads\/2025\/11\/logo.png","width":141,"height":54,"caption":"Strefa Specjalisty - Og\u00f3lnopolskie Centrum Zaburze\u0144 Od\u017cywiania"},"image":{"@id":"https:\/\/centrumzaburzenodzywiania.pl\/strefaspecjalisty\/#\/schema\/logo\/image\/"}},{"@type":"Person","@id":"https:\/\/centrumzaburzenodzywiania.pl\/strefaspecjalisty\/#\/schema\/person\/4bb57bd5e4bd7d5f41cee36db68e8395","name":"Monika Piotrowska","image":{"@type":"ImageObject","inLanguage":"pl-PL","@id":"https:\/\/secure.gravatar.com\/avatar\/f10ad2822576477d416c760a199900e38d61b307c4b95b8675199d3e39a811b3?s=96&d=mm&r=g","url":"https:\/\/secure.gravatar.com\/avatar\/f10ad2822576477d416c760a199900e38d61b307c4b95b8675199d3e39a811b3?s=96&d=mm&r=g","contentUrl":"https:\/\/secure.gravatar.com\/avatar\/f10ad2822576477d416c760a199900e38d61b307c4b95b8675199d3e39a811b3?s=96&d=mm&r=g","caption":"Monika Piotrowska"},"url":"https:\/\/centrumzaburzenodzywiania.pl\/strefaspecjalisty\/author\/piotrowska1monikagmail-com\/"}]}},"_links":{"self":[{"href":"https:\/\/centrumzaburzenodzywiania.pl\/strefaspecjalisty\/wp-json\/wp\/v2\/posts\/125","targetHints":{"allow":["GET"]}}],"collection":[{"href":"https:\/\/centrumzaburzenodzywiania.pl\/strefaspecjalisty\/wp-json\/wp\/v2\/posts"}],"about":[{"href":"https:\/\/centrumzaburzenodzywiania.pl\/strefaspecjalisty\/wp-json\/wp\/v2\/types\/post"}],"author":[{"embeddable":true,"href":"https:\/\/centrumzaburzenodzywiania.pl\/strefaspecjalisty\/wp-json\/wp\/v2\/users\/3"}],"replies":[{"embeddable":true,"href":"https:\/\/centrumzaburzenodzywiania.pl\/strefaspecjalisty\/wp-json\/wp\/v2\/comments?post=125"}],"version-history":[{"count":2,"href":"https:\/\/centrumzaburzenodzywiania.pl\/strefaspecjalisty\/wp-json\/wp\/v2\/posts\/125\/revisions"}],"predecessor-version":[{"id":3728,"href":"https:\/\/centrumzaburzenodzywiania.pl\/strefaspecjalisty\/wp-json\/wp\/v2\/posts\/125\/revisions\/3728"}],"wp:featuredmedia":[{"embeddable":true,"href":"https:\/\/centrumzaburzenodzywiania.pl\/strefaspecjalisty\/wp-json\/wp\/v2\/media\/126"}],"wp:attachment":[{"href":"https:\/\/centrumzaburzenodzywiania.pl\/strefaspecjalisty\/wp-json\/wp\/v2\/media?parent=125"}],"wp:term":[{"taxonomy":"category","embeddable":true,"href":"https:\/\/centrumzaburzenodzywiania.pl\/strefaspecjalisty\/wp-json\/wp\/v2\/categories?post=125"},{"taxonomy":"post_tag","embeddable":true,"href":"https:\/\/centrumzaburzenodzywiania.pl\/strefaspecjalisty\/wp-json\/wp\/v2\/tags?post=125"}],"curies":[{"name":"wp","href":"https:\/\/api.w.org\/{rel}","templated":true}]}}