{"id":116,"date":"2021-02-26T15:23:20","date_gmt":"2021-02-26T14:23:20","guid":{"rendered":"https:\/\/centrumzaburzenodzywiania.pl\/strefaspecjalisty\/?p=116"},"modified":"2026-01-13T18:25:10","modified_gmt":"2026-01-13T17:25:10","slug":"dlaczego-nie-jem-ocena-przyczyn-zachowan-anorektycznych-oczami-pacjentki","status":"publish","type":"post","link":"https:\/\/centrumzaburzenodzywiania.pl\/strefaspecjalisty\/dlaczego-nie-jem-ocena-przyczyn-zachowan-anorektycznych-oczami-pacjentki\/","title":{"rendered":"Dlaczego nie jem? Ocena przyczyn zachowa\u0144 anorektycznych oczami pacjentki"},"content":{"rendered":"\n<p>Syndrom Gotowo\u015bci Anorektycznej jest konstruktem wy\u0142onionym na podstawie bada\u0144 nad jad\u0142owstr\u0119tem psychicznym przez Beat\u0119 Zi\u00f3\u0142kowsk\u0105. Diagnoza SGA nie przes\u0105dza o wyst\u0105pieniu jad\u0142owstr\u0119tu psychicznego, jest czynnikiem ryzyka chorobowego, objawiaj\u0105cego si\u0119 pod postaci\u0105 zachowa\u0144 anorektycznych. Aby jednak dosz\u0142o do takiej sytuacji musz\u0105 wyst\u0105pi\u0107 osobowo\u015bciowa i osobnicza (sytuacyjna) podatno\u015b\u0107, czyli tzw. pogotowie anorektyczne.&nbsp;Poj\u0119cie Syndromu Gotowo\u015bci Anorektycznej oraz jego diagnoza u\u0142atwia zrozumienie przyczyn wyst\u0119powania jad\u0142owstr\u0119tu psychicznego. Wyniki bada\u0144 potwierdzaj\u0105 istotny wp\u0142yw t\u0142a spo\u0142eczno-kulturowego na pojawienie si\u0119 zaburze\u0144 nawyk\u00f3w \u017cywieniowych oraz obni\u017cenie si\u0119 granicy wieku w zakresie d\u0105\u017cenia do niskiej wagi i szczup\u0142ej sylwetki.&nbsp;<strong>Czy wyniki te maj\u0105 swoje potwierdzenie w rzeczywisto\u015bci? Gdzie, tak naprawd\u0119, le\u017c\u0105 przyczyny zachowa\u0144 anorektycznych? Co o tych uwarunkowaniach my\u015bl\u0105 osoby chore &nbsp;i jak je oceniaj\u0105?<\/strong><br>Celem niniejszego artyku\u0142u jest przedstawienie teorii oraz subiektywnej oceny przyczyn wyst\u0119powania u m\u0142odych os\u00f3b tzw. zachowa\u0144 anorektycznych. I cho\u0107 termin ten nie powoduje w nas przera\u017cenia, warto by\u0107 \u015bwiadomym, \u017ce w\u0142asnie te zachowania zwiastowa\u0107 mog\u0105 pocz\u0105tek zaburze\u0144 od\u017cywiania, szczeg\u00f3lnie anoreksji.<\/p>\n\n\n\n<p><strong>Czym s\u0105 zachowania anorektyczne?<\/strong><br>Na to pytanie odpowiedzia\u0142a Beata Zi\u00f3\u0142kowska, tworz\u0105c list\u0119 zachowa\u0144 anorektycznych. W\u015br\u00f3d nich wyr\u00f3\u017cnia si\u0119, m.in.:<br>\u2013 sk\u0142onno\u015b\u0107 do kontrolowania swojej wagi i wymiar\u00f3w cia\u0142a, czemu towarzyszy napi\u0119cie emocjonalne;<br>\u2013&nbsp;wzmo\u017cone zainteresowanie pokarmami i ich warto\u015bci\u0105 kaloryczn\u0105;<br>\u2013&nbsp;wzmagaj\u0105ca si\u0119 okresowo aktywno\u015b\u0107 fizyczna;<br>\u2013&nbsp;potrzeba perfekcjonizmu;<br>\u2013&nbsp;potrzeba kontroli;<br>\u2013&nbsp;podatno\u015b\u0107 na wp\u0142yw kultury i mass medi\u00f3w;<br>\u2013 labilno\u015b\u0107 uczu\u0107, warunkowana g\u0142\u00f3wnie stosunkiem do jedzenia i cia\u0142a.<\/p>\n\n\n\n<p>U Pacjentki, kt\u00f3rej fragmenty wypowiedzi pochodz\u0105ce&nbsp; z wywiadu przedstawi\u0119 w tym artykule, mo\u017cna wyr\u00f3\u017cni\u0107 nast\u0119puj\u0105ce zachowania anorektyczne: zainteresowanie pokarmami i ich warto\u015bci\u0105 kaloryczn\u0105, wzmagaj\u0105ca si\u0119 okresowo aktywno\u015b\u0107 fizyczna, potrzeba kontroli, podatno\u015b\u0107 na wp\u0142yw kultury i mass medi\u00f3w,<\/p>\n\n\n\n<p>Oto fragmenty wywiadu:<br>\u201e(\u2026)Liczy\u0142am kalorie, wa\u017cy\u0142am si\u0119 i mierzy\u0142am kilka-kilkana\u015bcie razy dziennie. W drugiej liceum r\u00f3wnie\u017c zwraca\u0142am na to du\u017c\u0105 uwag\u0119, ale liczy\u0142am kalorie raz, dwa razy dziennie, przesta\u0142am dopiero w klasie maturalnej(\u2026)\u201d.<\/p>\n\n\n\n<p>\u201e(\u2026)W pierwszej i drugiej klasie liceum. Zale\u017ca\u0142o mi na sz\u00f3stce z wuefu i po prostu chcia\u0142am pokaza\u0107, \u017ce jestem najlepsza, nie tylko w nauce. Zawsze kiedy na wuefie by\u0142a si\u0142ownia, wybiera\u0142am najci\u0119\u017csze \u0107wiczenia na mi\u0119\u015bnie brzucha, robi\u0142am kilkaset brzuszk\u00f3w, bo m\u00f3wi\u0142am sobie w my\u015blach, \u017ce im wi\u0119cej zrobi\u0119, tym wi\u0119cej b\u0119d\u0119 mog\u0142a zje\u015b\u0107 na obiad(\u2026)\u201d.<\/p>\n\n\n\n<p>\u201e(\u2026)W dzieci\u0144stwie w\u0142\u0105czy\u0142am przez przypadek FashionTV. Uzna\u0142am, \u017ce wol\u0119 by\u0107 \u0142adn\u0105 piosenkark\u0105. Moje zainteresowanie modelingiem zacz\u0119\u0142o si\u0119 w gimnazjum(\u2026)\u201d.<\/p>\n\n\n\n<p>Uwarunkowania ekspresji zachowa\u0144 anorektycznych Zi\u00f3\u0142kowska wi\u0105\u017ce przede wszystkim z dwoma kontekstami:<\/p>\n\n\n\n<p>Pierwszy z nich dotyczy sposobu ujmowania cia\u0142a przejawiaj\u0105cym si\u0119 na 4 sposoby: zaburzenia spostrzegania schematu w\u0142asnego cia\u0142a (u 22%), uznanie siebie za nieatrakcyjn\u0105 fizycznie (u 34%), zaburzenia kontakt\u00f3w interpersonalnych (u 15%), potrzeba zmiany wygl\u0105du (u 29%). Zastanawiaj\u0105c si\u0119 nad powodami takiego stanu rzeczy, warto pami\u0119ta\u0107, \u017ce w strukturze samooceny globalnej dziewcz\u0105t z syndromem gotow\u015bci anorektycznej atrakcyjno\u015b\u0107 fizyczna zajmuje podstawowe miejsce.<br>Drugi natomiast dotyczy kontekstu systemu rodzinnego. Istotne s\u0105 tutaj postawy, zachowania i relacje zar\u00f3wno z matk\u0105, jak i ojcem dziewcz\u0105t przejawiaj\u0105cych syndrom gotowo\u015bci anorektycznej. Na zwr\u00f3cenie uwagi zas\u0142uguje tutaj zachowany w pami\u0119ci niew\u0142a\u015bciwy model postaci ojca- surowego\/zamkni\u0119tego lub nieobecnego faktycznie (\u015bmierci\/rozw\u00f3d) lub mentalnie, przesadzona postawa matki wobec jedzenia i wygl\u0105du fizycznego, a tak\u017ce rodzaj relacji dziewcz\u0105t z SGA z rodzicami, zw\u0142aszcza relacji realizowanej w nadmiernym dystansie lub nadopieku\u0144czo\u015bci.<\/p>\n\n\n\n<p>Perspektywa i ocena Pacjentki kontekstu rodzinnego, jako przyczyny zachowa\u0144 anorektycznych:<\/p>\n\n\n\n<p>\u201e(\u2026)Moje problemy zacz\u0119\u0142y si\u0119, kiedy mia\u0142am 12 lat. By\u0142am wysoka i szczup\u0142a, ju\u017c wtedy zale\u017ca\u0142o mi na tym, \u017ceby nie przyty\u0107 i zawsze wygl\u0105da\u0107 tak, jak w\u00f3wczas wygl\u0105da\u0142am. Us\u0142ysza\u0142am wtedy od mojej mamy i si\u00f3str, prawdopodobnie w \u017cartach, \u017ce za kilka lat na pewno przytyj\u0119 i b\u0119d\u0119 gruba, bo w naszej rodzinie jest to genetyczne. Pos\u0142u\u017cy\u0142y si\u0119 przyk\u0142adem mojej ciotki, do kt\u00f3rej jestem bardzo podobna, a kt\u00f3ra mia\u0142a nadwag\u0119. Uzna\u0142y, \u017ce tak po prostu b\u0119dzie, bo mam \u201egrube ko\u015bci\u201d(\u2026)\u201d.<\/p>\n\n\n\n<p>\u201e(\u2026)Mam pi\u0105tk\u0119 rodze\u0144stwa, by\u0142am \u015brodkowym dzieckiem i ca\u0142a uwaga mojej mamy skupiona by\u0142a na najstarszym i na najm\u0142odszym rodze\u0144stwie. Nie ingerowa\u0142a w moje \u017cycie. Od zawsze sama si\u0119 uczy\u0142am, sama wybiera\u0142am swoje zainteresowania, czasami brakowa\u0142o mi zainteresowania z jej strony. Nigdy mnie nie chwali\u0142a osobi\u015bcie mimo tego, \u017ce cz\u0119sto chwali\u0142a si\u0119 mn\u0105 w gronie swoich znajomych. Ba\u0142a si\u0119 chwali\u0107 mnie i moje rodze\u0144stwo, \u017ceby\u015bmy nie spocz\u0119li na laurach. Wr\u0119cz przeciwnie, za wszystko krytykowa\u0142a, gani\u0142a i bardzo du\u017co wymaga\u0142a je\u015bli chodzi o obowi\u0105zki domowe. Cz\u0119sto por\u00f3wnywa\u0142a nas do innych, kt\u00f3rzy rzekomo byli lepsi. Kiedy mieszka\u0142am w internacie, prawie w og\u00f3le do mnie nie dzwoni\u0142a. Gdybym ja nie zadzwoni\u0142a do domu, prawdopodobnie ona by si\u0119 nie odezwa\u0142a. Wychodzi\u0142a z za\u0142o\u017cenia, \u017ce nale\u017cy zaj\u0105\u0107 si\u0119 rodze\u0144stwem, kt\u00f3re sprawia problemy wychowawcze i skoro wszystko u mnie w porz\u0105dku i takich problem\u00f3w nie sprawiam, to nie ma potrzeby kontaktu ze mn\u0105. Moje rozmowy z ni\u0105 ogranicza\u0142y si\u0119 w tym czasie g\u0142\u00f3wnie do tego, czy mam jeszcze pieni\u0105dze(\u2026)\u201d.<\/p>\n\n\n\n<p>Rozmawia\u0142:&nbsp;<strong>Jakub B\u0142a\u017cej<\/strong><br>Tekst:&nbsp;<strong>Jakub B\u0142a\u017cej<\/strong><\/p>\n\n\n\n<p>Bibliografia:<\/p>\n\n\n\n<p>1. Zi\u00f3\u0142kowska, B.: Ekspresja syndromu gotowo\u015bci anorektycznej u dziewcz\u0105t w stadium adolescencji, Wydawnictwo Fundacji Humaniora, Pozna\u0144, 2001<br>2. Zi\u00f3\u0142kowska, B.: Ekspresja syndromu gotowo\u015bci anorektycznej u dziewcz\u0105t w stadium adolescencji, Wydawnictwo Fundacji Humaniora, Pozna\u0144, 2001<br>3. B\u0142a\u017cej J., Funkcjonowanie rodziny i postawy rodzicielskie a ekspresja zachowa\u0144 anorektycznych,&nbsp; Kwartalnik Naukowy Fides Et Ratio, 25(1), s. 320-330<\/p>\n","protected":false},"excerpt":{"rendered":"<p>Syndrom Gotowo\u015bci Anorektycznej jest konstruktem wy\u0142onionym na podstawie bada\u0144 nad jad\u0142owstr\u0119tem psychicznym przez Beat\u0119 Zi\u00f3\u0142kowsk\u0105. Diagnoza SGA nie przes\u0105dza o wyst\u0105pieniu jad\u0142owstr\u0119tu psychicznego, jest czynnikiem ryzyka chorobowego, objawiaj\u0105cego si\u0119 pod postaci\u0105 zachowa\u0144 anorektycznych. Aby jednak dosz\u0142o do takiej sytuacji musz\u0105 wyst\u0105pi\u0107 osobowo\u015bciowa i osobnicza (sytuacyjna) podatno\u015b\u0107, czyli tzw. pogotowie anorektyczne.&nbsp;Poj\u0119cie Syndromu Gotowo\u015bci Anorektycznej oraz jego [&hellip;]<\/p>\n","protected":false},"author":3,"featured_media":117,"comment_status":"closed","ping_status":"closed","sticky":false,"template":"","format":"standard","meta":{"_acf_changed":false,"inline_featured_image":false,"footnotes":""},"categories":[2],"tags":[],"class_list":["post-116","post","type-post","status-publish","format-standard","has-post-thumbnail","hentry","category-blog"],"acf":[],"yoast_head":"<!-- This site is optimized with the Yoast SEO plugin v27.4 - https:\/\/yoast.com\/product\/yoast-seo-wordpress\/ -->\n<title>Ocena przyczyn zachowa\u0144 anorektycznych oczami pacjentki - Blog - Strefa Specjalisty - Og\u00f3lnopolskie Centrum Zaburze\u0144 Od\u017cywiania<\/title>\n<meta name=\"description\" content=\"Dlaczego nie jem? Dowiedz si\u0119, jak pacjentka z anoreksj\u0105 ocenia przyczyny zachowa\u0144 anorektycznych. Syndrom gotowo\u015bci anorektycznej.\" \/>\n<meta name=\"robots\" content=\"index, follow, max-snippet:-1, max-image-preview:large, max-video-preview:-1\" \/>\n<link rel=\"canonical\" href=\"https:\/\/centrumzaburzenodzywiania.pl\/strefaspecjalisty\/dlaczego-nie-jem-ocena-przyczyn-zachowan-anorektycznych-oczami-pacjentki\/\" \/>\n<meta property=\"og:locale\" content=\"pl_PL\" \/>\n<meta property=\"og:type\" content=\"article\" \/>\n<meta property=\"og:title\" content=\"Ocena przyczyn zachowa\u0144 anorektycznych oczami pacjentki - Blog - Strefa Specjalisty - Og\u00f3lnopolskie Centrum Zaburze\u0144 Od\u017cywiania\" \/>\n<meta property=\"og:description\" content=\"Dlaczego nie jem? Dowiedz si\u0119, jak pacjentka z anoreksj\u0105 ocenia przyczyny zachowa\u0144 anorektycznych. Syndrom gotowo\u015bci anorektycznej.\" \/>\n<meta property=\"og:url\" content=\"https:\/\/centrumzaburzenodzywiania.pl\/strefaspecjalisty\/dlaczego-nie-jem-ocena-przyczyn-zachowan-anorektycznych-oczami-pacjentki\/\" \/>\n<meta property=\"og:site_name\" content=\"Strefa Specjalisty - Og\u00f3lnopolskie Centrum Zaburze\u0144 Od\u017cywiania\" \/>\n<meta property=\"article:published_time\" content=\"2021-02-26T14:23:20+00:00\" \/>\n<meta property=\"article:modified_time\" content=\"2026-01-13T17:25:10+00:00\" \/>\n<meta property=\"og:image\" content=\"https:\/\/centrumzaburzenodzywiania.pl\/strefaspecjalisty\/wp-content\/uploads\/2021\/02\/dlaczego-nie-jem-ocena-przyczyn-zachowan-anorektycznych-oczami-pacjentki.jpg\" \/>\n\t<meta property=\"og:image:width\" content=\"2048\" \/>\n\t<meta property=\"og:image:height\" content=\"1367\" \/>\n\t<meta property=\"og:image:type\" content=\"image\/jpeg\" \/>\n<meta name=\"author\" content=\"Monika Piotrowska\" \/>\n<meta name=\"twitter:card\" content=\"summary_large_image\" \/>\n<meta name=\"twitter:label1\" content=\"Napisane przez\" \/>\n\t<meta name=\"twitter:data1\" content=\"Monika Piotrowska\" \/>\n\t<meta name=\"twitter:label2\" content=\"Szacowany czas czytania\" \/>\n\t<meta name=\"twitter:data2\" content=\"6 minut\" \/>\n<script type=\"application\/ld+json\" class=\"yoast-schema-graph\">{\"@context\":\"https:\\\/\\\/schema.org\",\"@graph\":[{\"@type\":\"Article\",\"@id\":\"https:\\\/\\\/centrumzaburzenodzywiania.pl\\\/strefaspecjalisty\\\/dlaczego-nie-jem-ocena-przyczyn-zachowan-anorektycznych-oczami-pacjentki\\\/#article\",\"isPartOf\":{\"@id\":\"https:\\\/\\\/centrumzaburzenodzywiania.pl\\\/strefaspecjalisty\\\/dlaczego-nie-jem-ocena-przyczyn-zachowan-anorektycznych-oczami-pacjentki\\\/\"},\"author\":{\"name\":\"Monika Piotrowska\",\"@id\":\"https:\\\/\\\/centrumzaburzenodzywiania.pl\\\/strefaspecjalisty\\\/#\\\/schema\\\/person\\\/4bb57bd5e4bd7d5f41cee36db68e8395\"},\"headline\":\"Dlaczego nie jem? Ocena przyczyn zachowa\u0144 anorektycznych oczami pacjentki\",\"datePublished\":\"2021-02-26T14:23:20+00:00\",\"dateModified\":\"2026-01-13T17:25:10+00:00\",\"mainEntityOfPage\":{\"@id\":\"https:\\\/\\\/centrumzaburzenodzywiania.pl\\\/strefaspecjalisty\\\/dlaczego-nie-jem-ocena-przyczyn-zachowan-anorektycznych-oczami-pacjentki\\\/\"},\"wordCount\":1033,\"publisher\":{\"@id\":\"https:\\\/\\\/centrumzaburzenodzywiania.pl\\\/strefaspecjalisty\\\/#organization\"},\"image\":{\"@id\":\"https:\\\/\\\/centrumzaburzenodzywiania.pl\\\/strefaspecjalisty\\\/dlaczego-nie-jem-ocena-przyczyn-zachowan-anorektycznych-oczami-pacjentki\\\/#primaryimage\"},\"thumbnailUrl\":\"https:\\\/\\\/centrumzaburzenodzywiania.pl\\\/strefaspecjalisty\\\/wp-content\\\/uploads\\\/2021\\\/02\\\/dlaczego-nie-jem-ocena-przyczyn-zachowan-anorektycznych-oczami-pacjentki.jpg\",\"articleSection\":[\"Blog\"],\"inLanguage\":\"pl-PL\"},{\"@type\":\"WebPage\",\"@id\":\"https:\\\/\\\/centrumzaburzenodzywiania.pl\\\/strefaspecjalisty\\\/dlaczego-nie-jem-ocena-przyczyn-zachowan-anorektycznych-oczami-pacjentki\\\/\",\"url\":\"https:\\\/\\\/centrumzaburzenodzywiania.pl\\\/strefaspecjalisty\\\/dlaczego-nie-jem-ocena-przyczyn-zachowan-anorektycznych-oczami-pacjentki\\\/\",\"name\":\"Ocena przyczyn zachowa\u0144 anorektycznych oczami pacjentki - Blog - Strefa Specjalisty - Og\u00f3lnopolskie Centrum Zaburze\u0144 Od\u017cywiania\",\"isPartOf\":{\"@id\":\"https:\\\/\\\/centrumzaburzenodzywiania.pl\\\/strefaspecjalisty\\\/#website\"},\"primaryImageOfPage\":{\"@id\":\"https:\\\/\\\/centrumzaburzenodzywiania.pl\\\/strefaspecjalisty\\\/dlaczego-nie-jem-ocena-przyczyn-zachowan-anorektycznych-oczami-pacjentki\\\/#primaryimage\"},\"image\":{\"@id\":\"https:\\\/\\\/centrumzaburzenodzywiania.pl\\\/strefaspecjalisty\\\/dlaczego-nie-jem-ocena-przyczyn-zachowan-anorektycznych-oczami-pacjentki\\\/#primaryimage\"},\"thumbnailUrl\":\"https:\\\/\\\/centrumzaburzenodzywiania.pl\\\/strefaspecjalisty\\\/wp-content\\\/uploads\\\/2021\\\/02\\\/dlaczego-nie-jem-ocena-przyczyn-zachowan-anorektycznych-oczami-pacjentki.jpg\",\"datePublished\":\"2021-02-26T14:23:20+00:00\",\"dateModified\":\"2026-01-13T17:25:10+00:00\",\"description\":\"Dlaczego nie jem? Dowiedz si\u0119, jak pacjentka z anoreksj\u0105 ocenia przyczyny zachowa\u0144 anorektycznych. Syndrom gotowo\u015bci anorektycznej.\",\"breadcrumb\":{\"@id\":\"https:\\\/\\\/centrumzaburzenodzywiania.pl\\\/strefaspecjalisty\\\/dlaczego-nie-jem-ocena-przyczyn-zachowan-anorektycznych-oczami-pacjentki\\\/#breadcrumb\"},\"inLanguage\":\"pl-PL\",\"potentialAction\":[{\"@type\":\"ReadAction\",\"target\":[\"https:\\\/\\\/centrumzaburzenodzywiania.pl\\\/strefaspecjalisty\\\/dlaczego-nie-jem-ocena-przyczyn-zachowan-anorektycznych-oczami-pacjentki\\\/\"]}]},{\"@type\":\"ImageObject\",\"inLanguage\":\"pl-PL\",\"@id\":\"https:\\\/\\\/centrumzaburzenodzywiania.pl\\\/strefaspecjalisty\\\/dlaczego-nie-jem-ocena-przyczyn-zachowan-anorektycznych-oczami-pacjentki\\\/#primaryimage\",\"url\":\"https:\\\/\\\/centrumzaburzenodzywiania.pl\\\/strefaspecjalisty\\\/wp-content\\\/uploads\\\/2021\\\/02\\\/dlaczego-nie-jem-ocena-przyczyn-zachowan-anorektycznych-oczami-pacjentki.jpg\",\"contentUrl\":\"https:\\\/\\\/centrumzaburzenodzywiania.pl\\\/strefaspecjalisty\\\/wp-content\\\/uploads\\\/2021\\\/02\\\/dlaczego-nie-jem-ocena-przyczyn-zachowan-anorektycznych-oczami-pacjentki.jpg\",\"width\":2048,\"height\":1367},{\"@type\":\"BreadcrumbList\",\"@id\":\"https:\\\/\\\/centrumzaburzenodzywiania.pl\\\/strefaspecjalisty\\\/dlaczego-nie-jem-ocena-przyczyn-zachowan-anorektycznych-oczami-pacjentki\\\/#breadcrumb\",\"itemListElement\":[{\"@type\":\"ListItem\",\"position\":1,\"name\":\"Strona g\u0142\u00f3wna\",\"item\":\"https:\\\/\\\/centrumzaburzenodzywiania.pl\\\/strefaspecjalisty\\\/\"},{\"@type\":\"ListItem\",\"position\":2,\"name\":\"Dlaczego nie jem? Ocena przyczyn zachowa\u0144 anorektycznych oczami pacjentki\"}]},{\"@type\":\"WebSite\",\"@id\":\"https:\\\/\\\/centrumzaburzenodzywiania.pl\\\/strefaspecjalisty\\\/#website\",\"url\":\"https:\\\/\\\/centrumzaburzenodzywiania.pl\\\/strefaspecjalisty\\\/\",\"name\":\"Strefa Specjalisty - Og\u00f3lnopolskie Centrum Zaburze\u0144 Od\u017cywiania\",\"description\":\"Strefa Specjalisty - Og\u00f3lnopolskie Centrum Zaburze\u0144 Od\u017cywiania\",\"publisher\":{\"@id\":\"https:\\\/\\\/centrumzaburzenodzywiania.pl\\\/strefaspecjalisty\\\/#organization\"},\"potentialAction\":[{\"@type\":\"SearchAction\",\"target\":{\"@type\":\"EntryPoint\",\"urlTemplate\":\"https:\\\/\\\/centrumzaburzenodzywiania.pl\\\/strefaspecjalisty\\\/?s={search_term_string}\"},\"query-input\":{\"@type\":\"PropertyValueSpecification\",\"valueRequired\":true,\"valueName\":\"search_term_string\"}}],\"inLanguage\":\"pl-PL\"},{\"@type\":\"Organization\",\"@id\":\"https:\\\/\\\/centrumzaburzenodzywiania.pl\\\/strefaspecjalisty\\\/#organization\",\"name\":\"Strefa Specjalisty - Og\u00f3lnopolskie Centrum Zaburze\u0144 Od\u017cywiania\",\"url\":\"https:\\\/\\\/centrumzaburzenodzywiania.pl\\\/strefaspecjalisty\\\/\",\"logo\":{\"@type\":\"ImageObject\",\"inLanguage\":\"pl-PL\",\"@id\":\"https:\\\/\\\/centrumzaburzenodzywiania.pl\\\/strefaspecjalisty\\\/#\\\/schema\\\/logo\\\/image\\\/\",\"url\":\"https:\\\/\\\/centrumzaburzenodzywiania.pl\\\/strefaspecjalisty\\\/wp-content\\\/uploads\\\/2025\\\/11\\\/logo.png\",\"contentUrl\":\"https:\\\/\\\/centrumzaburzenodzywiania.pl\\\/strefaspecjalisty\\\/wp-content\\\/uploads\\\/2025\\\/11\\\/logo.png\",\"width\":141,\"height\":54,\"caption\":\"Strefa Specjalisty - Og\u00f3lnopolskie Centrum Zaburze\u0144 Od\u017cywiania\"},\"image\":{\"@id\":\"https:\\\/\\\/centrumzaburzenodzywiania.pl\\\/strefaspecjalisty\\\/#\\\/schema\\\/logo\\\/image\\\/\"}},{\"@type\":\"Person\",\"@id\":\"https:\\\/\\\/centrumzaburzenodzywiania.pl\\\/strefaspecjalisty\\\/#\\\/schema\\\/person\\\/4bb57bd5e4bd7d5f41cee36db68e8395\",\"name\":\"Monika Piotrowska\",\"image\":{\"@type\":\"ImageObject\",\"inLanguage\":\"pl-PL\",\"@id\":\"https:\\\/\\\/secure.gravatar.com\\\/avatar\\\/f10ad2822576477d416c760a199900e38d61b307c4b95b8675199d3e39a811b3?s=96&d=mm&r=g\",\"url\":\"https:\\\/\\\/secure.gravatar.com\\\/avatar\\\/f10ad2822576477d416c760a199900e38d61b307c4b95b8675199d3e39a811b3?s=96&d=mm&r=g\",\"contentUrl\":\"https:\\\/\\\/secure.gravatar.com\\\/avatar\\\/f10ad2822576477d416c760a199900e38d61b307c4b95b8675199d3e39a811b3?s=96&d=mm&r=g\",\"caption\":\"Monika Piotrowska\"},\"url\":\"https:\\\/\\\/centrumzaburzenodzywiania.pl\\\/strefaspecjalisty\\\/author\\\/piotrowska1monikagmail-com\\\/\"}]}<\/script>\n<!-- \/ Yoast SEO plugin. -->","yoast_head_json":{"title":"Ocena przyczyn zachowa\u0144 anorektycznych oczami pacjentki - Blog - Strefa Specjalisty - Og\u00f3lnopolskie Centrum Zaburze\u0144 Od\u017cywiania","description":"Dlaczego nie jem? Dowiedz si\u0119, jak pacjentka z anoreksj\u0105 ocenia przyczyny zachowa\u0144 anorektycznych. Syndrom gotowo\u015bci anorektycznej.","robots":{"index":"index","follow":"follow","max-snippet":"max-snippet:-1","max-image-preview":"max-image-preview:large","max-video-preview":"max-video-preview:-1"},"canonical":"https:\/\/centrumzaburzenodzywiania.pl\/strefaspecjalisty\/dlaczego-nie-jem-ocena-przyczyn-zachowan-anorektycznych-oczami-pacjentki\/","og_locale":"pl_PL","og_type":"article","og_title":"Ocena przyczyn zachowa\u0144 anorektycznych oczami pacjentki - Blog - Strefa Specjalisty - Og\u00f3lnopolskie Centrum Zaburze\u0144 Od\u017cywiania","og_description":"Dlaczego nie jem? Dowiedz si\u0119, jak pacjentka z anoreksj\u0105 ocenia przyczyny zachowa\u0144 anorektycznych. Syndrom gotowo\u015bci anorektycznej.","og_url":"https:\/\/centrumzaburzenodzywiania.pl\/strefaspecjalisty\/dlaczego-nie-jem-ocena-przyczyn-zachowan-anorektycznych-oczami-pacjentki\/","og_site_name":"Strefa Specjalisty - Og\u00f3lnopolskie Centrum Zaburze\u0144 Od\u017cywiania","article_published_time":"2021-02-26T14:23:20+00:00","article_modified_time":"2026-01-13T17:25:10+00:00","og_image":[{"width":2048,"height":1367,"url":"https:\/\/centrumzaburzenodzywiania.pl\/strefaspecjalisty\/wp-content\/uploads\/2021\/02\/dlaczego-nie-jem-ocena-przyczyn-zachowan-anorektycznych-oczami-pacjentki.jpg","type":"image\/jpeg"}],"author":"Monika Piotrowska","twitter_card":"summary_large_image","twitter_misc":{"Napisane przez":"Monika Piotrowska","Szacowany czas czytania":"6 minut"},"schema":{"@context":"https:\/\/schema.org","@graph":[{"@type":"Article","@id":"https:\/\/centrumzaburzenodzywiania.pl\/strefaspecjalisty\/dlaczego-nie-jem-ocena-przyczyn-zachowan-anorektycznych-oczami-pacjentki\/#article","isPartOf":{"@id":"https:\/\/centrumzaburzenodzywiania.pl\/strefaspecjalisty\/dlaczego-nie-jem-ocena-przyczyn-zachowan-anorektycznych-oczami-pacjentki\/"},"author":{"name":"Monika Piotrowska","@id":"https:\/\/centrumzaburzenodzywiania.pl\/strefaspecjalisty\/#\/schema\/person\/4bb57bd5e4bd7d5f41cee36db68e8395"},"headline":"Dlaczego nie jem? Ocena przyczyn zachowa\u0144 anorektycznych oczami pacjentki","datePublished":"2021-02-26T14:23:20+00:00","dateModified":"2026-01-13T17:25:10+00:00","mainEntityOfPage":{"@id":"https:\/\/centrumzaburzenodzywiania.pl\/strefaspecjalisty\/dlaczego-nie-jem-ocena-przyczyn-zachowan-anorektycznych-oczami-pacjentki\/"},"wordCount":1033,"publisher":{"@id":"https:\/\/centrumzaburzenodzywiania.pl\/strefaspecjalisty\/#organization"},"image":{"@id":"https:\/\/centrumzaburzenodzywiania.pl\/strefaspecjalisty\/dlaczego-nie-jem-ocena-przyczyn-zachowan-anorektycznych-oczami-pacjentki\/#primaryimage"},"thumbnailUrl":"https:\/\/centrumzaburzenodzywiania.pl\/strefaspecjalisty\/wp-content\/uploads\/2021\/02\/dlaczego-nie-jem-ocena-przyczyn-zachowan-anorektycznych-oczami-pacjentki.jpg","articleSection":["Blog"],"inLanguage":"pl-PL"},{"@type":"WebPage","@id":"https:\/\/centrumzaburzenodzywiania.pl\/strefaspecjalisty\/dlaczego-nie-jem-ocena-przyczyn-zachowan-anorektycznych-oczami-pacjentki\/","url":"https:\/\/centrumzaburzenodzywiania.pl\/strefaspecjalisty\/dlaczego-nie-jem-ocena-przyczyn-zachowan-anorektycznych-oczami-pacjentki\/","name":"Ocena przyczyn zachowa\u0144 anorektycznych oczami pacjentki - Blog - Strefa Specjalisty - Og\u00f3lnopolskie Centrum Zaburze\u0144 Od\u017cywiania","isPartOf":{"@id":"https:\/\/centrumzaburzenodzywiania.pl\/strefaspecjalisty\/#website"},"primaryImageOfPage":{"@id":"https:\/\/centrumzaburzenodzywiania.pl\/strefaspecjalisty\/dlaczego-nie-jem-ocena-przyczyn-zachowan-anorektycznych-oczami-pacjentki\/#primaryimage"},"image":{"@id":"https:\/\/centrumzaburzenodzywiania.pl\/strefaspecjalisty\/dlaczego-nie-jem-ocena-przyczyn-zachowan-anorektycznych-oczami-pacjentki\/#primaryimage"},"thumbnailUrl":"https:\/\/centrumzaburzenodzywiania.pl\/strefaspecjalisty\/wp-content\/uploads\/2021\/02\/dlaczego-nie-jem-ocena-przyczyn-zachowan-anorektycznych-oczami-pacjentki.jpg","datePublished":"2021-02-26T14:23:20+00:00","dateModified":"2026-01-13T17:25:10+00:00","description":"Dlaczego nie jem? Dowiedz si\u0119, jak pacjentka z anoreksj\u0105 ocenia przyczyny zachowa\u0144 anorektycznych. Syndrom gotowo\u015bci anorektycznej.","breadcrumb":{"@id":"https:\/\/centrumzaburzenodzywiania.pl\/strefaspecjalisty\/dlaczego-nie-jem-ocena-przyczyn-zachowan-anorektycznych-oczami-pacjentki\/#breadcrumb"},"inLanguage":"pl-PL","potentialAction":[{"@type":"ReadAction","target":["https:\/\/centrumzaburzenodzywiania.pl\/strefaspecjalisty\/dlaczego-nie-jem-ocena-przyczyn-zachowan-anorektycznych-oczami-pacjentki\/"]}]},{"@type":"ImageObject","inLanguage":"pl-PL","@id":"https:\/\/centrumzaburzenodzywiania.pl\/strefaspecjalisty\/dlaczego-nie-jem-ocena-przyczyn-zachowan-anorektycznych-oczami-pacjentki\/#primaryimage","url":"https:\/\/centrumzaburzenodzywiania.pl\/strefaspecjalisty\/wp-content\/uploads\/2021\/02\/dlaczego-nie-jem-ocena-przyczyn-zachowan-anorektycznych-oczami-pacjentki.jpg","contentUrl":"https:\/\/centrumzaburzenodzywiania.pl\/strefaspecjalisty\/wp-content\/uploads\/2021\/02\/dlaczego-nie-jem-ocena-przyczyn-zachowan-anorektycznych-oczami-pacjentki.jpg","width":2048,"height":1367},{"@type":"BreadcrumbList","@id":"https:\/\/centrumzaburzenodzywiania.pl\/strefaspecjalisty\/dlaczego-nie-jem-ocena-przyczyn-zachowan-anorektycznych-oczami-pacjentki\/#breadcrumb","itemListElement":[{"@type":"ListItem","position":1,"name":"Strona g\u0142\u00f3wna","item":"https:\/\/centrumzaburzenodzywiania.pl\/strefaspecjalisty\/"},{"@type":"ListItem","position":2,"name":"Dlaczego nie jem? Ocena przyczyn zachowa\u0144 anorektycznych oczami pacjentki"}]},{"@type":"WebSite","@id":"https:\/\/centrumzaburzenodzywiania.pl\/strefaspecjalisty\/#website","url":"https:\/\/centrumzaburzenodzywiania.pl\/strefaspecjalisty\/","name":"Strefa Specjalisty - Og\u00f3lnopolskie Centrum Zaburze\u0144 Od\u017cywiania","description":"Strefa Specjalisty - Og\u00f3lnopolskie Centrum Zaburze\u0144 Od\u017cywiania","publisher":{"@id":"https:\/\/centrumzaburzenodzywiania.pl\/strefaspecjalisty\/#organization"},"potentialAction":[{"@type":"SearchAction","target":{"@type":"EntryPoint","urlTemplate":"https:\/\/centrumzaburzenodzywiania.pl\/strefaspecjalisty\/?s={search_term_string}"},"query-input":{"@type":"PropertyValueSpecification","valueRequired":true,"valueName":"search_term_string"}}],"inLanguage":"pl-PL"},{"@type":"Organization","@id":"https:\/\/centrumzaburzenodzywiania.pl\/strefaspecjalisty\/#organization","name":"Strefa Specjalisty - Og\u00f3lnopolskie Centrum Zaburze\u0144 Od\u017cywiania","url":"https:\/\/centrumzaburzenodzywiania.pl\/strefaspecjalisty\/","logo":{"@type":"ImageObject","inLanguage":"pl-PL","@id":"https:\/\/centrumzaburzenodzywiania.pl\/strefaspecjalisty\/#\/schema\/logo\/image\/","url":"https:\/\/centrumzaburzenodzywiania.pl\/strefaspecjalisty\/wp-content\/uploads\/2025\/11\/logo.png","contentUrl":"https:\/\/centrumzaburzenodzywiania.pl\/strefaspecjalisty\/wp-content\/uploads\/2025\/11\/logo.png","width":141,"height":54,"caption":"Strefa Specjalisty - Og\u00f3lnopolskie Centrum Zaburze\u0144 Od\u017cywiania"},"image":{"@id":"https:\/\/centrumzaburzenodzywiania.pl\/strefaspecjalisty\/#\/schema\/logo\/image\/"}},{"@type":"Person","@id":"https:\/\/centrumzaburzenodzywiania.pl\/strefaspecjalisty\/#\/schema\/person\/4bb57bd5e4bd7d5f41cee36db68e8395","name":"Monika Piotrowska","image":{"@type":"ImageObject","inLanguage":"pl-PL","@id":"https:\/\/secure.gravatar.com\/avatar\/f10ad2822576477d416c760a199900e38d61b307c4b95b8675199d3e39a811b3?s=96&d=mm&r=g","url":"https:\/\/secure.gravatar.com\/avatar\/f10ad2822576477d416c760a199900e38d61b307c4b95b8675199d3e39a811b3?s=96&d=mm&r=g","contentUrl":"https:\/\/secure.gravatar.com\/avatar\/f10ad2822576477d416c760a199900e38d61b307c4b95b8675199d3e39a811b3?s=96&d=mm&r=g","caption":"Monika Piotrowska"},"url":"https:\/\/centrumzaburzenodzywiania.pl\/strefaspecjalisty\/author\/piotrowska1monikagmail-com\/"}]}},"_links":{"self":[{"href":"https:\/\/centrumzaburzenodzywiania.pl\/strefaspecjalisty\/wp-json\/wp\/v2\/posts\/116","targetHints":{"allow":["GET"]}}],"collection":[{"href":"https:\/\/centrumzaburzenodzywiania.pl\/strefaspecjalisty\/wp-json\/wp\/v2\/posts"}],"about":[{"href":"https:\/\/centrumzaburzenodzywiania.pl\/strefaspecjalisty\/wp-json\/wp\/v2\/types\/post"}],"author":[{"embeddable":true,"href":"https:\/\/centrumzaburzenodzywiania.pl\/strefaspecjalisty\/wp-json\/wp\/v2\/users\/3"}],"replies":[{"embeddable":true,"href":"https:\/\/centrumzaburzenodzywiania.pl\/strefaspecjalisty\/wp-json\/wp\/v2\/comments?post=116"}],"version-history":[{"count":3,"href":"https:\/\/centrumzaburzenodzywiania.pl\/strefaspecjalisty\/wp-json\/wp\/v2\/posts\/116\/revisions"}],"predecessor-version":[{"id":4078,"href":"https:\/\/centrumzaburzenodzywiania.pl\/strefaspecjalisty\/wp-json\/wp\/v2\/posts\/116\/revisions\/4078"}],"wp:featuredmedia":[{"embeddable":true,"href":"https:\/\/centrumzaburzenodzywiania.pl\/strefaspecjalisty\/wp-json\/wp\/v2\/media\/117"}],"wp:attachment":[{"href":"https:\/\/centrumzaburzenodzywiania.pl\/strefaspecjalisty\/wp-json\/wp\/v2\/media?parent=116"}],"wp:term":[{"taxonomy":"category","embeddable":true,"href":"https:\/\/centrumzaburzenodzywiania.pl\/strefaspecjalisty\/wp-json\/wp\/v2\/categories?post=116"},{"taxonomy":"post_tag","embeddable":true,"href":"https:\/\/centrumzaburzenodzywiania.pl\/strefaspecjalisty\/wp-json\/wp\/v2\/tags?post=116"}],"curies":[{"name":"wp","href":"https:\/\/api.w.org\/{rel}","templated":true}]}}