{"id":110,"date":"2021-02-26T15:19:43","date_gmt":"2021-02-26T14:19:43","guid":{"rendered":"https:\/\/centrumzaburzenodzywiania.pl\/strefaspecjalisty\/?p=110"},"modified":"2026-01-14T05:32:47","modified_gmt":"2026-01-14T04:32:47","slug":"specjalista-potrzebny-od-zaraz","status":"publish","type":"post","link":"https:\/\/centrumzaburzenodzywiania.pl\/strefaspecjalisty\/specjalista-potrzebny-od-zaraz\/","title":{"rendered":"SPECJALISTA potrzebny od zaraz"},"content":{"rendered":"\n<h2 class=\"wp-block-heading\">Izabela , 40lat, lekarz weterynarii, chirurg, m\u0119\u017catka, mama tr\u00f3jki dzieci. Przyje\u017cd\u017ca na pierwsze spotkanie coachingowe lekko sp\u00f3\u017aniona, jedzie z daleka.<br>Pachnie wyrazi\u015bcie. Jej \u0142adnie przystrzy\u017cone w\u0142osy podkre\u015blaj\u0105 smuk\u0142\u0105 szyj\u0119. Zadbana, dobrze ubrana, od progu gabinetu czu\u0107, \u017ce ambitna. Pi\u0119kna kobieta. Tylko oczy smutne, pe\u0142ne b\u00f3lu, strachu, jeszcze nie wiem, pytam\u2026 Mocno \u015bwiadoma, wymiotuje od ponad 10lat, swoje przesz\u0142a, wie, \u017ce wizyta w klasycznym gabinecie niewiele jej da. Przecie\u017c chce tylko by\u0107 szczup\u0142a, przecie\u017c nieraz wertowa\u0142a Internet w poszukiwaniu gabinetu dietetyka czy psychologa. Dobra dieta, schudnij z nami, schudnij m\u0105drze \u2013 wie, \u017ce to nie wystarczy\u2026Kogo szuka? Specjalisty. Wie, czego chce. Doskonale wie, czego chce.<\/h2>\n\n\n\n<p><strong>Tekst:&nbsp;MAGDALENA KRUPA<\/strong><\/p>\n\n\n\n<hr class=\"wp-block-separator has-alpha-channel-opacity\"\/>\n\n\n\n<p>Magda, czy potrzeba specjalist\u00f3w w Polsce?<\/p>\n\n\n\n<p><strong>Fakty s\u0105 takie, \u017ce POTRZEBA<\/strong><\/p>\n\n\n\n<p>Niejednokrotnie pracowali\u015bmy z pacjentami \u201epo przej\u015bciach\u201d, pe\u0142nymi l\u0119ku, negatywnych do\u015bwiadcze\u0144, z pacjentami, kt\u00f3rzy najzwyczajniej w \u015bwiecie zostali \u201e\u017ale obs\u0142u\u017ceni\u201d. Fakty s\u0105 takie, \u017ce r\u00f3wnie cz\u0119sto odbieramy zg\u0142oszenia od os\u00f3b z poza Wroc\u0142awia i trudno jest nam zaproponowa\u0107 alternatywy w innych rejonach Polski, odes\u0142a\u0107 do kogo\u015b, o kim wiemy, \u017ce jest ekspertem lub rozwija si\u0119 w tym kierunku.<\/p>\n\n\n\n<p><strong>Fakty s\u0105 takie, \u017ce potrzeba SPECJALIST\u00d3W<\/strong><\/p>\n\n\n\n<p>Os\u00f3b, kt\u00f3re doskonale zdaj\u0105 sobie spraw\u0119 z konieczno\u015bci systemowego i kompleksowego patrzenia na pacjenta, kt\u00f3rzy widz\u0105 profity ze wsp\u00f3\u0142pracy z innymi specjalistami. Potrzeba psycholog\u00f3w, dietetyk\u00f3w, kt\u00f3rzy s\u0105 \u015bwiadomi, kt\u00f3rzy chc\u0105 patrze\u0107 na klienta wielop\u0142aszczyznowo, \u0142\u0105cz\u0105c zachowanie z pod\u0142o\u017cem psychicznym, emocjonalnym, z histori\u0105 osobist\u0105. Tych, kt\u00f3rzy pytaj\u0105 \u201ejak\u201d zamiast \u201eczy\u201d?<\/p>\n\n\n\n<p>Ale wr\u00f3\u0107my do Izabeli, Krzy\u015bka, Marii, Roberta i Joanny\u2026 Bo to ONI szukaj\u0105 specjalisty i naprawd\u0119 doskonale wiedz\u0105, czego chc\u0105.<\/p>\n\n\n\n<p>Chc\u0105 traktowania bez stereotyp\u00f3w, bo ju\u017c wiele razy zostali w\u0142o\u017ceni w szufladki.<br>Chc\u0105 wiedzie\u0107, co zrobi\u0107 z \u201enie wiem\u201d brz\u0119cz\u0105cym w ich g\u0142owach, bo odkrycie cho\u0107 odrobiny pewno\u015bci jest na wag\u0119 z\u0142ota.<br>Chc\u0105 uspokojenia niezno\u015bnego m\u0119tliku my\u015bli, bo nie pozwala im on ruszy\u0107 z miejsca.<br>Chc\u0105 ujarzmienia emocji, bo przyt\u0142aczaj\u0105, krzycz\u0105 i strasz\u0105.<br>Chc\u0105 mo\u017cliwo\u015bci otwartej rozmowy, bo zbyt d\u0142ugo p\u0142acili za milczenie pe\u0142ne niezr\u0119czno\u015bci.<br>Chc\u0105 inspiracji do dzia\u0142ania, przyk\u0142adu, bo nieskuteczn\u0105 osob\u0119 widz\u0105 p\u00f3ki co w swoim lustrze.<br>Chc\u0105 inwestycji w efekty, bo nawet lokaty d\u0142ugoterminowe maj\u0105 jaki\u015b realny cel.<br>Chc\u0105 do\u015bwiadczenia, bo my\u015blenie i m\u00f3wienie jest ju\u017c wystarczaj\u0105co d\u0142ugo ci\u0119\u017carem.<br>Chc\u0105 nauki praktycznych umiej\u0119tno\u015bci, bo posiadane cz\u0119sto w ma\u0142ym paluszku informacje nie zdaj\u0105 egzaminu w rzeczywisto\u015bci.<br>Chc\u0105 dowiedzie\u0107 si\u0119, \u017ce strach te\u017c jest OK., bo boj\u0105 si\u0119.<br>Chc\u0105 dawki humoru, bo ile\u017c mo\u017cna si\u0119 smuci\u0107.<br>Chc\u0105 pog\u0142askania i przytulenia, bo ich krytyk posiada wysmakowane sposoby autodestrukcji.<br>Chc\u0105 szycia na miar\u0119, bo uniwersalne porady mog\u0105 znale\u017a\u0107 na Facebooku,<br>Chc\u0105 zaufania, w ko\u0144cu na co dzie\u0144 do\u015bwiadczaj\u0105 g\u0142\u00f3wnie testowania i kontroli.<br>Chc\u0105 przestrzeni na w\u0105tpliwo\u015bci i konflikt wewn\u0119trzny, bo jak d\u0142ugo mo\u017cna nosi\u0107 maski.<br>Chc\u0105 dawki prowokacji i potrz\u0105\u015bni\u0119cia skostnia\u0142ym cia\u0142em, bo wystarczaj\u0105co d\u0142ugo tkwili w mrocznym \u015bnie.<br>Chc\u0105 namiastki bezpiecze\u0144stwa, by poczu\u0107, \u017ce ono istnieje.<br>Chc\u0105 ciekawo\u015bci i r\u00f3\u017cnorodno\u015bci, bo s\u0105 zm\u0119czeni.<br>Chc\u0105 miejsca do us\u0142yszenia siebie, bo czcza gadanina niczego nie daje.<br>Chc\u0105 chcie\u0107, bo dosy\u0107 ju\u017c musieli musie\u0107.<br>Chc\u0105 by\u0107 Iz\u0105, Mari\u0105 i Staszkiem, bo kolejne bezduszne \u201enast\u0119pny prosz\u0119\u201d przekracza ich granice wytrzyma\u0142o\u015bci.<br>Chc\u0105 mo\u017cliwo\u015bci wyboru z kim si\u0119 spotkaj\u0105.<br>Chc\u0105 SPECJALISTY.<\/p>\n\n\n\n<p><strong>Fakty s\u0105 takie, \u017ce POTRZEBA SPECJALIST\u00d3W<\/strong><br>Fakty s\u0105 takie, \u017ce Ty te\u017c masz wyb\u00f3r.<br>Co zrobisz teraz?<\/p>\n","protected":false},"excerpt":{"rendered":"<p>Izabela , 40lat, lekarz weterynarii, chirurg, m\u0119\u017catka, mama tr\u00f3jki dzieci. Przyje\u017cd\u017ca na pierwsze spotkanie coachingowe lekko sp\u00f3\u017aniona, jedzie z daleka.Pachnie wyrazi\u015bcie. Jej \u0142adnie przystrzy\u017cone w\u0142osy podkre\u015blaj\u0105 smuk\u0142\u0105 szyj\u0119. Zadbana, dobrze ubrana, od progu gabinetu czu\u0107, \u017ce ambitna. Pi\u0119kna kobieta. Tylko oczy smutne, pe\u0142ne b\u00f3lu, strachu, jeszcze nie wiem, pytam\u2026 Mocno \u015bwiadoma, wymiotuje od ponad 10lat, [&hellip;]<\/p>\n","protected":false},"author":3,"featured_media":111,"comment_status":"closed","ping_status":"closed","sticky":false,"template":"","format":"standard","meta":{"_acf_changed":false,"inline_featured_image":false,"footnotes":""},"categories":[2],"tags":[],"class_list":["post-110","post","type-post","status-publish","format-standard","has-post-thumbnail","hentry","category-blog"],"acf":[],"yoast_head":"<!-- This site is optimized with the Yoast SEO plugin v27.4 - https:\/\/yoast.com\/product\/yoast-seo-wordpress\/ -->\n<title>SPECJALISTA potrzebny od zaraz - Strefa Specjalisty - Og\u00f3lnopolskie Centrum Zaburze\u0144 Od\u017cywiania<\/title>\n<meta name=\"description\" content=\"Kim jest specjalista? W czym mo\u017ce pom\u00f3c? Czy w Polsce potrzebujemy specjalist\u00f3w? Przeczytaj rozmow\u0119 z Magdalen\u0105 Krup\u0105.\" \/>\n<meta name=\"robots\" content=\"index, follow, max-snippet:-1, max-image-preview:large, max-video-preview:-1\" \/>\n<link rel=\"canonical\" href=\"https:\/\/centrumzaburzenodzywiania.pl\/strefaspecjalisty\/specjalista-potrzebny-od-zaraz\/\" \/>\n<meta property=\"og:locale\" content=\"pl_PL\" \/>\n<meta property=\"og:type\" content=\"article\" \/>\n<meta property=\"og:title\" content=\"SPECJALISTA potrzebny od zaraz - Strefa Specjalisty - Og\u00f3lnopolskie Centrum Zaburze\u0144 Od\u017cywiania\" \/>\n<meta property=\"og:description\" content=\"Kim jest specjalista? W czym mo\u017ce pom\u00f3c? Czy w Polsce potrzebujemy specjalist\u00f3w? Przeczytaj rozmow\u0119 z Magdalen\u0105 Krup\u0105.\" \/>\n<meta property=\"og:url\" content=\"https:\/\/centrumzaburzenodzywiania.pl\/strefaspecjalisty\/specjalista-potrzebny-od-zaraz\/\" \/>\n<meta property=\"og:site_name\" content=\"Strefa Specjalisty - Og\u00f3lnopolskie Centrum Zaburze\u0144 Od\u017cywiania\" \/>\n<meta property=\"article:published_time\" content=\"2021-02-26T14:19:43+00:00\" \/>\n<meta property=\"article:modified_time\" content=\"2026-01-14T04:32:47+00:00\" \/>\n<meta property=\"og:image\" content=\"https:\/\/centrumzaburzenodzywiania.pl\/strefaspecjalisty\/wp-content\/uploads\/2021\/02\/specjalista-potrzebny-od-zaraz.jpg\" \/>\n\t<meta property=\"og:image:width\" content=\"2048\" \/>\n\t<meta property=\"og:image:height\" content=\"1365\" \/>\n\t<meta property=\"og:image:type\" content=\"image\/jpeg\" \/>\n<meta name=\"author\" content=\"Monika Piotrowska\" \/>\n<meta name=\"twitter:card\" content=\"summary_large_image\" \/>\n<meta name=\"twitter:label1\" content=\"Napisane przez\" \/>\n\t<meta name=\"twitter:data1\" content=\"Monika Piotrowska\" \/>\n\t<meta name=\"twitter:label2\" content=\"Szacowany czas czytania\" \/>\n\t<meta name=\"twitter:data2\" content=\"4 minuty\" \/>\n<script type=\"application\/ld+json\" class=\"yoast-schema-graph\">{\"@context\":\"https:\\\/\\\/schema.org\",\"@graph\":[{\"@type\":\"Article\",\"@id\":\"https:\\\/\\\/centrumzaburzenodzywiania.pl\\\/strefaspecjalisty\\\/specjalista-potrzebny-od-zaraz\\\/#article\",\"isPartOf\":{\"@id\":\"https:\\\/\\\/centrumzaburzenodzywiania.pl\\\/strefaspecjalisty\\\/specjalista-potrzebny-od-zaraz\\\/\"},\"author\":{\"name\":\"Monika Piotrowska\",\"@id\":\"https:\\\/\\\/centrumzaburzenodzywiania.pl\\\/strefaspecjalisty\\\/#\\\/schema\\\/person\\\/4bb57bd5e4bd7d5f41cee36db68e8395\"},\"headline\":\"SPECJALISTA potrzebny od zaraz\",\"datePublished\":\"2021-02-26T14:19:43+00:00\",\"dateModified\":\"2026-01-14T04:32:47+00:00\",\"mainEntityOfPage\":{\"@id\":\"https:\\\/\\\/centrumzaburzenodzywiania.pl\\\/strefaspecjalisty\\\/specjalista-potrzebny-od-zaraz\\\/\"},\"wordCount\":637,\"publisher\":{\"@id\":\"https:\\\/\\\/centrumzaburzenodzywiania.pl\\\/strefaspecjalisty\\\/#organization\"},\"image\":{\"@id\":\"https:\\\/\\\/centrumzaburzenodzywiania.pl\\\/strefaspecjalisty\\\/specjalista-potrzebny-od-zaraz\\\/#primaryimage\"},\"thumbnailUrl\":\"https:\\\/\\\/centrumzaburzenodzywiania.pl\\\/strefaspecjalisty\\\/wp-content\\\/uploads\\\/2021\\\/02\\\/specjalista-potrzebny-od-zaraz.jpg\",\"articleSection\":[\"Blog\"],\"inLanguage\":\"pl-PL\"},{\"@type\":\"WebPage\",\"@id\":\"https:\\\/\\\/centrumzaburzenodzywiania.pl\\\/strefaspecjalisty\\\/specjalista-potrzebny-od-zaraz\\\/\",\"url\":\"https:\\\/\\\/centrumzaburzenodzywiania.pl\\\/strefaspecjalisty\\\/specjalista-potrzebny-od-zaraz\\\/\",\"name\":\"SPECJALISTA potrzebny od zaraz - Strefa Specjalisty - Og\u00f3lnopolskie Centrum Zaburze\u0144 Od\u017cywiania\",\"isPartOf\":{\"@id\":\"https:\\\/\\\/centrumzaburzenodzywiania.pl\\\/strefaspecjalisty\\\/#website\"},\"primaryImageOfPage\":{\"@id\":\"https:\\\/\\\/centrumzaburzenodzywiania.pl\\\/strefaspecjalisty\\\/specjalista-potrzebny-od-zaraz\\\/#primaryimage\"},\"image\":{\"@id\":\"https:\\\/\\\/centrumzaburzenodzywiania.pl\\\/strefaspecjalisty\\\/specjalista-potrzebny-od-zaraz\\\/#primaryimage\"},\"thumbnailUrl\":\"https:\\\/\\\/centrumzaburzenodzywiania.pl\\\/strefaspecjalisty\\\/wp-content\\\/uploads\\\/2021\\\/02\\\/specjalista-potrzebny-od-zaraz.jpg\",\"datePublished\":\"2021-02-26T14:19:43+00:00\",\"dateModified\":\"2026-01-14T04:32:47+00:00\",\"description\":\"Kim jest specjalista? W czym mo\u017ce pom\u00f3c? Czy w Polsce potrzebujemy specjalist\u00f3w? Przeczytaj rozmow\u0119 z Magdalen\u0105 Krup\u0105.\",\"breadcrumb\":{\"@id\":\"https:\\\/\\\/centrumzaburzenodzywiania.pl\\\/strefaspecjalisty\\\/specjalista-potrzebny-od-zaraz\\\/#breadcrumb\"},\"inLanguage\":\"pl-PL\",\"potentialAction\":[{\"@type\":\"ReadAction\",\"target\":[\"https:\\\/\\\/centrumzaburzenodzywiania.pl\\\/strefaspecjalisty\\\/specjalista-potrzebny-od-zaraz\\\/\"]}]},{\"@type\":\"ImageObject\",\"inLanguage\":\"pl-PL\",\"@id\":\"https:\\\/\\\/centrumzaburzenodzywiania.pl\\\/strefaspecjalisty\\\/specjalista-potrzebny-od-zaraz\\\/#primaryimage\",\"url\":\"https:\\\/\\\/centrumzaburzenodzywiania.pl\\\/strefaspecjalisty\\\/wp-content\\\/uploads\\\/2021\\\/02\\\/specjalista-potrzebny-od-zaraz.jpg\",\"contentUrl\":\"https:\\\/\\\/centrumzaburzenodzywiania.pl\\\/strefaspecjalisty\\\/wp-content\\\/uploads\\\/2021\\\/02\\\/specjalista-potrzebny-od-zaraz.jpg\",\"width\":2048,\"height\":1365},{\"@type\":\"BreadcrumbList\",\"@id\":\"https:\\\/\\\/centrumzaburzenodzywiania.pl\\\/strefaspecjalisty\\\/specjalista-potrzebny-od-zaraz\\\/#breadcrumb\",\"itemListElement\":[{\"@type\":\"ListItem\",\"position\":1,\"name\":\"Strona g\u0142\u00f3wna\",\"item\":\"https:\\\/\\\/centrumzaburzenodzywiania.pl\\\/strefaspecjalisty\\\/\"},{\"@type\":\"ListItem\",\"position\":2,\"name\":\"SPECJALISTA potrzebny od zaraz\"}]},{\"@type\":\"WebSite\",\"@id\":\"https:\\\/\\\/centrumzaburzenodzywiania.pl\\\/strefaspecjalisty\\\/#website\",\"url\":\"https:\\\/\\\/centrumzaburzenodzywiania.pl\\\/strefaspecjalisty\\\/\",\"name\":\"Strefa Specjalisty - Og\u00f3lnopolskie Centrum Zaburze\u0144 Od\u017cywiania\",\"description\":\"Strefa Specjalisty - Og\u00f3lnopolskie Centrum Zaburze\u0144 Od\u017cywiania\",\"publisher\":{\"@id\":\"https:\\\/\\\/centrumzaburzenodzywiania.pl\\\/strefaspecjalisty\\\/#organization\"},\"potentialAction\":[{\"@type\":\"SearchAction\",\"target\":{\"@type\":\"EntryPoint\",\"urlTemplate\":\"https:\\\/\\\/centrumzaburzenodzywiania.pl\\\/strefaspecjalisty\\\/?s={search_term_string}\"},\"query-input\":{\"@type\":\"PropertyValueSpecification\",\"valueRequired\":true,\"valueName\":\"search_term_string\"}}],\"inLanguage\":\"pl-PL\"},{\"@type\":\"Organization\",\"@id\":\"https:\\\/\\\/centrumzaburzenodzywiania.pl\\\/strefaspecjalisty\\\/#organization\",\"name\":\"Strefa Specjalisty - Og\u00f3lnopolskie Centrum Zaburze\u0144 Od\u017cywiania\",\"url\":\"https:\\\/\\\/centrumzaburzenodzywiania.pl\\\/strefaspecjalisty\\\/\",\"logo\":{\"@type\":\"ImageObject\",\"inLanguage\":\"pl-PL\",\"@id\":\"https:\\\/\\\/centrumzaburzenodzywiania.pl\\\/strefaspecjalisty\\\/#\\\/schema\\\/logo\\\/image\\\/\",\"url\":\"https:\\\/\\\/centrumzaburzenodzywiania.pl\\\/strefaspecjalisty\\\/wp-content\\\/uploads\\\/2025\\\/11\\\/logo.png\",\"contentUrl\":\"https:\\\/\\\/centrumzaburzenodzywiania.pl\\\/strefaspecjalisty\\\/wp-content\\\/uploads\\\/2025\\\/11\\\/logo.png\",\"width\":141,\"height\":54,\"caption\":\"Strefa Specjalisty - Og\u00f3lnopolskie Centrum Zaburze\u0144 Od\u017cywiania\"},\"image\":{\"@id\":\"https:\\\/\\\/centrumzaburzenodzywiania.pl\\\/strefaspecjalisty\\\/#\\\/schema\\\/logo\\\/image\\\/\"}},{\"@type\":\"Person\",\"@id\":\"https:\\\/\\\/centrumzaburzenodzywiania.pl\\\/strefaspecjalisty\\\/#\\\/schema\\\/person\\\/4bb57bd5e4bd7d5f41cee36db68e8395\",\"name\":\"Monika Piotrowska\",\"image\":{\"@type\":\"ImageObject\",\"inLanguage\":\"pl-PL\",\"@id\":\"https:\\\/\\\/secure.gravatar.com\\\/avatar\\\/f10ad2822576477d416c760a199900e38d61b307c4b95b8675199d3e39a811b3?s=96&d=mm&r=g\",\"url\":\"https:\\\/\\\/secure.gravatar.com\\\/avatar\\\/f10ad2822576477d416c760a199900e38d61b307c4b95b8675199d3e39a811b3?s=96&d=mm&r=g\",\"contentUrl\":\"https:\\\/\\\/secure.gravatar.com\\\/avatar\\\/f10ad2822576477d416c760a199900e38d61b307c4b95b8675199d3e39a811b3?s=96&d=mm&r=g\",\"caption\":\"Monika Piotrowska\"},\"url\":\"https:\\\/\\\/centrumzaburzenodzywiania.pl\\\/strefaspecjalisty\\\/author\\\/piotrowska1monikagmail-com\\\/\"}]}<\/script>\n<!-- \/ Yoast SEO plugin. -->","yoast_head_json":{"title":"SPECJALISTA potrzebny od zaraz - Strefa Specjalisty - Og\u00f3lnopolskie Centrum Zaburze\u0144 Od\u017cywiania","description":"Kim jest specjalista? W czym mo\u017ce pom\u00f3c? Czy w Polsce potrzebujemy specjalist\u00f3w? Przeczytaj rozmow\u0119 z Magdalen\u0105 Krup\u0105.","robots":{"index":"index","follow":"follow","max-snippet":"max-snippet:-1","max-image-preview":"max-image-preview:large","max-video-preview":"max-video-preview:-1"},"canonical":"https:\/\/centrumzaburzenodzywiania.pl\/strefaspecjalisty\/specjalista-potrzebny-od-zaraz\/","og_locale":"pl_PL","og_type":"article","og_title":"SPECJALISTA potrzebny od zaraz - Strefa Specjalisty - Og\u00f3lnopolskie Centrum Zaburze\u0144 Od\u017cywiania","og_description":"Kim jest specjalista? W czym mo\u017ce pom\u00f3c? Czy w Polsce potrzebujemy specjalist\u00f3w? Przeczytaj rozmow\u0119 z Magdalen\u0105 Krup\u0105.","og_url":"https:\/\/centrumzaburzenodzywiania.pl\/strefaspecjalisty\/specjalista-potrzebny-od-zaraz\/","og_site_name":"Strefa Specjalisty - Og\u00f3lnopolskie Centrum Zaburze\u0144 Od\u017cywiania","article_published_time":"2021-02-26T14:19:43+00:00","article_modified_time":"2026-01-14T04:32:47+00:00","og_image":[{"width":2048,"height":1365,"url":"https:\/\/centrumzaburzenodzywiania.pl\/strefaspecjalisty\/wp-content\/uploads\/2021\/02\/specjalista-potrzebny-od-zaraz.jpg","type":"image\/jpeg"}],"author":"Monika Piotrowska","twitter_card":"summary_large_image","twitter_misc":{"Napisane przez":"Monika Piotrowska","Szacowany czas czytania":"4 minuty"},"schema":{"@context":"https:\/\/schema.org","@graph":[{"@type":"Article","@id":"https:\/\/centrumzaburzenodzywiania.pl\/strefaspecjalisty\/specjalista-potrzebny-od-zaraz\/#article","isPartOf":{"@id":"https:\/\/centrumzaburzenodzywiania.pl\/strefaspecjalisty\/specjalista-potrzebny-od-zaraz\/"},"author":{"name":"Monika Piotrowska","@id":"https:\/\/centrumzaburzenodzywiania.pl\/strefaspecjalisty\/#\/schema\/person\/4bb57bd5e4bd7d5f41cee36db68e8395"},"headline":"SPECJALISTA potrzebny od zaraz","datePublished":"2021-02-26T14:19:43+00:00","dateModified":"2026-01-14T04:32:47+00:00","mainEntityOfPage":{"@id":"https:\/\/centrumzaburzenodzywiania.pl\/strefaspecjalisty\/specjalista-potrzebny-od-zaraz\/"},"wordCount":637,"publisher":{"@id":"https:\/\/centrumzaburzenodzywiania.pl\/strefaspecjalisty\/#organization"},"image":{"@id":"https:\/\/centrumzaburzenodzywiania.pl\/strefaspecjalisty\/specjalista-potrzebny-od-zaraz\/#primaryimage"},"thumbnailUrl":"https:\/\/centrumzaburzenodzywiania.pl\/strefaspecjalisty\/wp-content\/uploads\/2021\/02\/specjalista-potrzebny-od-zaraz.jpg","articleSection":["Blog"],"inLanguage":"pl-PL"},{"@type":"WebPage","@id":"https:\/\/centrumzaburzenodzywiania.pl\/strefaspecjalisty\/specjalista-potrzebny-od-zaraz\/","url":"https:\/\/centrumzaburzenodzywiania.pl\/strefaspecjalisty\/specjalista-potrzebny-od-zaraz\/","name":"SPECJALISTA potrzebny od zaraz - Strefa Specjalisty - Og\u00f3lnopolskie Centrum Zaburze\u0144 Od\u017cywiania","isPartOf":{"@id":"https:\/\/centrumzaburzenodzywiania.pl\/strefaspecjalisty\/#website"},"primaryImageOfPage":{"@id":"https:\/\/centrumzaburzenodzywiania.pl\/strefaspecjalisty\/specjalista-potrzebny-od-zaraz\/#primaryimage"},"image":{"@id":"https:\/\/centrumzaburzenodzywiania.pl\/strefaspecjalisty\/specjalista-potrzebny-od-zaraz\/#primaryimage"},"thumbnailUrl":"https:\/\/centrumzaburzenodzywiania.pl\/strefaspecjalisty\/wp-content\/uploads\/2021\/02\/specjalista-potrzebny-od-zaraz.jpg","datePublished":"2021-02-26T14:19:43+00:00","dateModified":"2026-01-14T04:32:47+00:00","description":"Kim jest specjalista? W czym mo\u017ce pom\u00f3c? Czy w Polsce potrzebujemy specjalist\u00f3w? Przeczytaj rozmow\u0119 z Magdalen\u0105 Krup\u0105.","breadcrumb":{"@id":"https:\/\/centrumzaburzenodzywiania.pl\/strefaspecjalisty\/specjalista-potrzebny-od-zaraz\/#breadcrumb"},"inLanguage":"pl-PL","potentialAction":[{"@type":"ReadAction","target":["https:\/\/centrumzaburzenodzywiania.pl\/strefaspecjalisty\/specjalista-potrzebny-od-zaraz\/"]}]},{"@type":"ImageObject","inLanguage":"pl-PL","@id":"https:\/\/centrumzaburzenodzywiania.pl\/strefaspecjalisty\/specjalista-potrzebny-od-zaraz\/#primaryimage","url":"https:\/\/centrumzaburzenodzywiania.pl\/strefaspecjalisty\/wp-content\/uploads\/2021\/02\/specjalista-potrzebny-od-zaraz.jpg","contentUrl":"https:\/\/centrumzaburzenodzywiania.pl\/strefaspecjalisty\/wp-content\/uploads\/2021\/02\/specjalista-potrzebny-od-zaraz.jpg","width":2048,"height":1365},{"@type":"BreadcrumbList","@id":"https:\/\/centrumzaburzenodzywiania.pl\/strefaspecjalisty\/specjalista-potrzebny-od-zaraz\/#breadcrumb","itemListElement":[{"@type":"ListItem","position":1,"name":"Strona g\u0142\u00f3wna","item":"https:\/\/centrumzaburzenodzywiania.pl\/strefaspecjalisty\/"},{"@type":"ListItem","position":2,"name":"SPECJALISTA potrzebny od zaraz"}]},{"@type":"WebSite","@id":"https:\/\/centrumzaburzenodzywiania.pl\/strefaspecjalisty\/#website","url":"https:\/\/centrumzaburzenodzywiania.pl\/strefaspecjalisty\/","name":"Strefa Specjalisty - Og\u00f3lnopolskie Centrum Zaburze\u0144 Od\u017cywiania","description":"Strefa Specjalisty - Og\u00f3lnopolskie Centrum Zaburze\u0144 Od\u017cywiania","publisher":{"@id":"https:\/\/centrumzaburzenodzywiania.pl\/strefaspecjalisty\/#organization"},"potentialAction":[{"@type":"SearchAction","target":{"@type":"EntryPoint","urlTemplate":"https:\/\/centrumzaburzenodzywiania.pl\/strefaspecjalisty\/?s={search_term_string}"},"query-input":{"@type":"PropertyValueSpecification","valueRequired":true,"valueName":"search_term_string"}}],"inLanguage":"pl-PL"},{"@type":"Organization","@id":"https:\/\/centrumzaburzenodzywiania.pl\/strefaspecjalisty\/#organization","name":"Strefa Specjalisty - Og\u00f3lnopolskie Centrum Zaburze\u0144 Od\u017cywiania","url":"https:\/\/centrumzaburzenodzywiania.pl\/strefaspecjalisty\/","logo":{"@type":"ImageObject","inLanguage":"pl-PL","@id":"https:\/\/centrumzaburzenodzywiania.pl\/strefaspecjalisty\/#\/schema\/logo\/image\/","url":"https:\/\/centrumzaburzenodzywiania.pl\/strefaspecjalisty\/wp-content\/uploads\/2025\/11\/logo.png","contentUrl":"https:\/\/centrumzaburzenodzywiania.pl\/strefaspecjalisty\/wp-content\/uploads\/2025\/11\/logo.png","width":141,"height":54,"caption":"Strefa Specjalisty - Og\u00f3lnopolskie Centrum Zaburze\u0144 Od\u017cywiania"},"image":{"@id":"https:\/\/centrumzaburzenodzywiania.pl\/strefaspecjalisty\/#\/schema\/logo\/image\/"}},{"@type":"Person","@id":"https:\/\/centrumzaburzenodzywiania.pl\/strefaspecjalisty\/#\/schema\/person\/4bb57bd5e4bd7d5f41cee36db68e8395","name":"Monika Piotrowska","image":{"@type":"ImageObject","inLanguage":"pl-PL","@id":"https:\/\/secure.gravatar.com\/avatar\/f10ad2822576477d416c760a199900e38d61b307c4b95b8675199d3e39a811b3?s=96&d=mm&r=g","url":"https:\/\/secure.gravatar.com\/avatar\/f10ad2822576477d416c760a199900e38d61b307c4b95b8675199d3e39a811b3?s=96&d=mm&r=g","contentUrl":"https:\/\/secure.gravatar.com\/avatar\/f10ad2822576477d416c760a199900e38d61b307c4b95b8675199d3e39a811b3?s=96&d=mm&r=g","caption":"Monika Piotrowska"},"url":"https:\/\/centrumzaburzenodzywiania.pl\/strefaspecjalisty\/author\/piotrowska1monikagmail-com\/"}]}},"_links":{"self":[{"href":"https:\/\/centrumzaburzenodzywiania.pl\/strefaspecjalisty\/wp-json\/wp\/v2\/posts\/110","targetHints":{"allow":["GET"]}}],"collection":[{"href":"https:\/\/centrumzaburzenodzywiania.pl\/strefaspecjalisty\/wp-json\/wp\/v2\/posts"}],"about":[{"href":"https:\/\/centrumzaburzenodzywiania.pl\/strefaspecjalisty\/wp-json\/wp\/v2\/types\/post"}],"author":[{"embeddable":true,"href":"https:\/\/centrumzaburzenodzywiania.pl\/strefaspecjalisty\/wp-json\/wp\/v2\/users\/3"}],"replies":[{"embeddable":true,"href":"https:\/\/centrumzaburzenodzywiania.pl\/strefaspecjalisty\/wp-json\/wp\/v2\/comments?post=110"}],"version-history":[{"count":2,"href":"https:\/\/centrumzaburzenodzywiania.pl\/strefaspecjalisty\/wp-json\/wp\/v2\/posts\/110\/revisions"}],"predecessor-version":[{"id":3733,"href":"https:\/\/centrumzaburzenodzywiania.pl\/strefaspecjalisty\/wp-json\/wp\/v2\/posts\/110\/revisions\/3733"}],"wp:featuredmedia":[{"embeddable":true,"href":"https:\/\/centrumzaburzenodzywiania.pl\/strefaspecjalisty\/wp-json\/wp\/v2\/media\/111"}],"wp:attachment":[{"href":"https:\/\/centrumzaburzenodzywiania.pl\/strefaspecjalisty\/wp-json\/wp\/v2\/media?parent=110"}],"wp:term":[{"taxonomy":"category","embeddable":true,"href":"https:\/\/centrumzaburzenodzywiania.pl\/strefaspecjalisty\/wp-json\/wp\/v2\/categories?post=110"},{"taxonomy":"post_tag","embeddable":true,"href":"https:\/\/centrumzaburzenodzywiania.pl\/strefaspecjalisty\/wp-json\/wp\/v2\/tags?post=110"}],"curies":[{"name":"wp","href":"https:\/\/api.w.org\/{rel}","templated":true}]}}