{"id":100,"date":"2021-02-26T15:01:33","date_gmt":"2021-02-26T14:01:33","guid":{"rendered":"https:\/\/centrumzaburzenodzywiania.pl\/strefaspecjalisty\/?p=100"},"modified":"2026-01-14T05:36:46","modified_gmt":"2026-01-14T04:36:46","slug":"praca-z-cialem-w-zaburzeniach-odzywiania","status":"publish","type":"post","link":"https:\/\/centrumzaburzenodzywiania.pl\/strefaspecjalisty\/praca-z-cialem-w-zaburzeniach-odzywiania\/","title":{"rendered":"Praca z cia\u0142em w zaburzeniach od\u017cywiania."},"content":{"rendered":"\n<h2 class=\"wp-block-heading\">Zaburzony obraz cia\u0142a stanowi jeden z kluczowych element\u00f3w, maj\u0105cych sw\u00f3j wk\u0142ad w rozpoznaniu zaburze\u0144 od\u017cywiania, zw\u0142aszcza w anoreksji psychicznej. Cia\u0142o, kt\u00f3re traci pierwsze kilogramy pocz\u0105tkowo staje si\u0119 \u017ar\u00f3d\u0142em satysfakcji, rado\u015bci oraz dumy. Jednak gdy granica odchudzania lub objadania si\u0119 zostanie przekroczona, cia\u0142o staje si\u0119 \u017ar\u00f3d\u0142em niezadowolenia, wrogo\u015bci i nienawi\u015bci. Cia\u0142o, nieod\u0142\u0105czny element cz\u0142owieka. Jaki ma ono wp\u0142yw na samoakceptacj\u0119 oraz na stopniowy powr\u00f3t do&nbsp;zdrowia?<\/h2>\n\n\n\n<p><strong>Tekst:&nbsp;AGNIESZKA GUT<\/strong><\/p>\n\n\n\n<hr class=\"wp-block-separator has-alpha-channel-opacity\"\/>\n\n\n\n<p><strong>Technika Alexandra w leczeniu anoreksji<\/strong><\/p>\n\n\n\n<p>Matthias Alexander stwierdzi\u0142, \u017ce poprawa sposobu pos\u0142ugiwania si\u0119 w\u0142asnym cia\u0142em mo\u017ce doprowadzi\u0107 do lepszego jego funkcjonowania, a tak\u017ce wyeliminowa\u0107 wiele dolegliwo\u015bci. Cia\u0142o jest narz\u0119dziem pracy aktor\u00f3w, tancerzy, akrobat\u00f3w. Cia\u0142o wymaga od nich szczeg\u00f3lnej sprawno\u015bci. Dlatego pocz\u0105tkowo technika ta by\u0142a wykorzystywana w\u0142a\u015bnie w\u015br\u00f3d ludzi na co dzie\u0144 pracuj\u0105cych cia\u0142em, aby byli oni zdolni o niego w pe\u0142ni zadba\u0107. Obecnie, coraz cz\u0119\u015bciej korzystaj\u0105 z niej osoby, kt\u00f3re chc\u0105 poczu\u0107 lepsz\u0105 wewn\u0119trzn\u0105 integracj\u0119 pomi\u0119dzy swoim cia\u0142em, emocjami oraz my\u015blami. Dzi\u0119ki tej technice cia\u0142o powraca do lekko\u015bci, tworzy nowy punkt odniesienia dla organizmu. Metoda Alexandra sprawdza si\u0119 r\u00f3wnie\u017c w pracy z osobami cierpi\u0105cymi na anoreksj\u0119.<\/p>\n\n\n\n<p><strong>Dlaczego to dzia\u0142a?<\/strong><\/p>\n\n\n\n<p>Metoda ta pozwala zmniejszy\u0107 reakcj\u0119 napi\u0119cia i strachu, kt\u00f3r\u0105 odczuwa si\u0119 ka\u017cdego dnia. Reakcja ta przejawia si\u0119 w napi\u0119ciu mi\u0119\u015bniowym szyi, karku, skuleniem karku czy napi\u0119ciem innych cz\u0119\u015bci cia\u0142a. R\u00f3wnie\u017c pod wp\u0142ywem stresu, kt\u00f3rego na co dzie\u0144 jest trudno unikn\u0105\u0107 dochodzi do zaburze\u0144 przewodu pokarmowego. U wielu ludzi stres powoduje r\u00f3\u017cne dolegliwo\u015bci. Niekt\u00f3re osoby \u201ezajadaj\u0105\u201d emocje, inne nie s\u0105 w stanie nic wzi\u0105\u0107 do ust. Bardzo cz\u0119sto problemy te s\u0105 spowodowane usztywnieniem lub \u015bci\u015bni\u0119ciem tu\u0142owia, co utrudnia prawid\u0142ow\u0105 prac\u0119 wielu narz\u0105dom, w tym \u017co\u0142\u0105dka. Zw\u0142aszcza u os\u00f3b niedo\u017cywionych, kt\u00f3rych \u017co\u0142\u0105dek jest znacznie skurczony, nawet niewielka ilo\u015b\u0107 po\u017cywienia mo\u017ce powodowa\u0107 uczucie pe\u0142no\u015bci lub silne dolegliwo\u015bci b\u00f3lowe. Cz\u0119sto sama my\u015bl o najbli\u017cszym posi\u0142ku uruchamia reakcj\u0119 strachu powoduj\u0105c b\u00f3l i napi\u0119cie. Praca metod\u0105 Alexandra sprawia, \u017ce osoba chora uczy si\u0119 \u015bwiadomie kontrolowa\u0107 i zmniejsza\u0107 napi\u0119cia, uczy si\u0119 prawid\u0142owego oddechu oraz korzystania z cia\u0142a. W rezultacie jest w stanie po pewnym czasie zmniejszy\u0107 napi\u0119cia zwi\u0105zane z jedzeniem. Sprzyja to r\u00f3wnocze\u015bnie w lepszym funkcjonowaniu narz\u0105d\u00f3w, redukuje b\u00f3l wynikaj\u0105cy z napi\u0119cia \u017co\u0142\u0105dka oraz stopniowo zmniejsza poczucie winy. Dodatkowo mniejsze napi\u0119cie w ciele przek\u0142ada si\u0119 na lepsze funkcjonowanie w codziennym \u017cyciu.<\/p>\n\n\n\n<p><strong>Zmiany nast\u0119puj\u0105 powoli<\/strong><\/p>\n\n\n\n<p>Bardzo cz\u0119sto osoby cierpi\u0105ce na zaburzenia od\u017cywiania stosuj\u0105 zasad\u0119 \u201ewszystko albo nic\u201d. Nie ma kompromis\u00f3w. Osoba cierpi\u0105ca na anoreksj\u0119 czuj\u0119 si\u0119 gruba po zjedzeniu kilku k\u0119s\u00f3w, bezwarto\u015bciowa gdy przez jeden dzie\u0144 odst\u0105pi od ustalonej diety. Dlatego wa\u017cne jest aby technik\u0119 Alexandra wprowadza\u0107 stopniowo i ma\u0142ymi krokami oczekiwa\u0107 rezultat\u00f3w, poniewa\u017c w tym wypadku zasada \u201ewszystko albo nic\u201d nie zadzia\u0142a. Stopniowa \u015bwiadomo\u015b\u0107 w\u0142asnego cia\u0142a oraz jego reakcji wp\u0142ywa r\u00f3wnie\u017c na emocje oraz lepsze radzenie sobie z nimi. Dzi\u0119ki temu ucieczka w jedzenie lub niejedzenie, kt\u00f3ra przynosi w zaburzeniach od\u017cywiania chwilow\u0105 ulg\u0119 stopniowo zostaje zamieniana w inne sposoby radzenia sobie z emocjami. Osoba jest w stanie rozpozna\u0107 swoje emocje oraz je kontrolowa\u0107 lub odreagowywa\u0107 w adekwatny i mniej destruktywny spos\u00f3b.<\/p>\n\n\n\n<p><strong>Przebieg pracy skoncentrowanej na ciele<\/strong><\/p>\n\n\n\n<p>Przede wszystkim wa\u017cna jest pomoc w uzyskaniu w nale\u017cnej wagi cia\u0142a oraz do\u015bwiadczenie cia\u0142a jako obszaru samokontroli i autonomii. Dodatkowo bardzo istotne w pracy z cia\u0142em jest skonfrontowanie&nbsp;<em>\u201eJa\u201d<\/em>&nbsp;idealnego osoby chorej z jej&nbsp;<em>\u201eJa\u201d<\/em>&nbsp;realnym oraz rozszerzenie bod\u017ac\u00f3w kinestetycznych, kt\u00f3re s\u0105 odczuwalne w ciele. Niew\u0105tpliwie praca z cia\u0142em opiera si\u0119 na pomocy osobie chorej w zaakceptowaniu budowy i kszta\u0142tu cia\u0142a typowego dla wieku oraz p\u0142ci, a tak\u017ce urealnienie zaburzonego spostrzegania schematu swojego cia\u0142a.<br>Praca z cia\u0142em w klinikach sk\u0142ada si\u0119 z dw\u00f3ch cz\u0119\u015bci. Pierwsza z nich nast\u0119puje na pocz\u0105tku pobytu i skupia si\u0119 przede wszystkim na zaj\u0119ciach psychomotorycznych pod okiem rehabilitanta. Wykorzystywane s\u0105 tu mi\u0119dzy innymi \u0107wiczenia oddechowe, rozci\u0105gaj\u0105ce, masa\u017ce relaksacyjne. Druga cz\u0119\u015b\u0107 dotyczy projekcji nagra\u0144 z \u0107wicze\u0144 oraz rozmowa w grupie pacjentek bior\u0105cych udzia\u0142 w terapii. Pacjentki dziel\u0105 si\u0119 swoimi refleksjami i prze\u017cyciami zwi\u0105zanymi ze spostrzeganiem siebie i innych. Cz\u0119sto jest to dobr\u0105 okazj\u0105 do konfrontacji w\u0142asnych wyobra\u017ce\u0144 o wygl\u0105dzie z rzeczywisto\u015bci\u0105. Patrz\u0105c jako z perspektywy obserwatora osoba chora mo\u017ce dostrzec adekwatnie swoje cia\u0142o, zauwa\u017caj\u0105c sw\u00f3j znaczny niedob\u00f3r masy cia\u0142a, cho\u0107 zdecydowanie cz\u0119\u015bciej chora adekwatnie spostrzega rozmiar cia\u0142a innych pacjentek, a sw\u00f3j nadal uwa\u017ca za \u201ezbyt gruby\u201d.<\/p>\n\n\n\n<h6 class=\"wp-block-heading\">\u0179r\u00f3d\u0142a:<br>1.&nbsp;<a href=\"http:\/\/www.technika-alexandra.pl\/2012\/01\/23\/technika-alexandra-w-zaburzeniach-odzywiania-sie\/\">http:\/\/www.technika-alexandra.pl\/2012\/01\/23\/technika-alexandra-w-zaburzeniach-odzywiania-sie\/<\/a><br>2.&nbsp;Talarczyk M., Nowakowska I.,&nbsp;<em>Praca skoncentrowana na ciele jako jedna z metod terapii pacjentek z rozpoznaniem jad\u0142owstr\u0119tu psychicznego \u2013 do\u015bwiadczenia kliniczne<\/em>, \u201ePsychoterapia 1\u201d (164) 2013<\/h6>\n","protected":false},"excerpt":{"rendered":"<p>Zaburzony obraz cia\u0142a stanowi jeden z kluczowych element\u00f3w, maj\u0105cych sw\u00f3j wk\u0142ad w rozpoznaniu zaburze\u0144 od\u017cywiania, zw\u0142aszcza w anoreksji psychicznej. Cia\u0142o, kt\u00f3re traci pierwsze kilogramy pocz\u0105tkowo staje si\u0119 \u017ar\u00f3d\u0142em satysfakcji, rado\u015bci oraz dumy. Jednak gdy granica odchudzania lub objadania si\u0119 zostanie przekroczona, cia\u0142o staje si\u0119 \u017ar\u00f3d\u0142em niezadowolenia, wrogo\u015bci i nienawi\u015bci. Cia\u0142o, nieod\u0142\u0105czny element cz\u0142owieka. Jaki ma [&hellip;]<\/p>\n","protected":false},"author":3,"featured_media":101,"comment_status":"closed","ping_status":"closed","sticky":false,"template":"","format":"standard","meta":{"_acf_changed":false,"inline_featured_image":false,"footnotes":""},"categories":[2],"tags":[],"class_list":["post-100","post","type-post","status-publish","format-standard","has-post-thumbnail","hentry","category-blog"],"acf":[],"yoast_head":"<!-- This site is optimized with the Yoast SEO plugin v27.4 - https:\/\/yoast.com\/product\/yoast-seo-wordpress\/ -->\n<title>Praca z cia\u0142em w zaburzeniach od\u017cywiania. - Strefa Specjalisty - Og\u00f3lnopolskie Centrum Zaburze\u0144 Od\u017cywiania<\/title>\n<meta name=\"description\" content=\"Jak praca z cia\u0142em wp\u0142ywa na leczenie zaburze\u0144 od\u017cywiania? Jak wygl\u0105da i jak stosowa\u0107 j\u0105 w gabinecie? Przeczytaj artyku\u0142.\" \/>\n<meta name=\"robots\" content=\"index, follow, max-snippet:-1, max-image-preview:large, max-video-preview:-1\" \/>\n<link rel=\"canonical\" href=\"https:\/\/centrumzaburzenodzywiania.pl\/strefaspecjalisty\/praca-z-cialem-w-zaburzeniach-odzywiania\/\" \/>\n<meta property=\"og:locale\" content=\"pl_PL\" \/>\n<meta property=\"og:type\" content=\"article\" \/>\n<meta property=\"og:title\" content=\"Praca z cia\u0142em w zaburzeniach od\u017cywiania. - Strefa Specjalisty - Og\u00f3lnopolskie Centrum Zaburze\u0144 Od\u017cywiania\" \/>\n<meta property=\"og:description\" content=\"Jak praca z cia\u0142em wp\u0142ywa na leczenie zaburze\u0144 od\u017cywiania? Jak wygl\u0105da i jak stosowa\u0107 j\u0105 w gabinecie? Przeczytaj artyku\u0142.\" \/>\n<meta property=\"og:url\" content=\"https:\/\/centrumzaburzenodzywiania.pl\/strefaspecjalisty\/praca-z-cialem-w-zaburzeniach-odzywiania\/\" \/>\n<meta property=\"og:site_name\" content=\"Strefa Specjalisty - Og\u00f3lnopolskie Centrum Zaburze\u0144 Od\u017cywiania\" \/>\n<meta property=\"article:published_time\" content=\"2021-02-26T14:01:33+00:00\" \/>\n<meta property=\"article:modified_time\" content=\"2026-01-14T04:36:46+00:00\" \/>\n<meta property=\"og:image\" content=\"https:\/\/centrumzaburzenodzywiania.pl\/strefaspecjalisty\/wp-content\/uploads\/2021\/02\/wpis10.jpg\" \/>\n\t<meta property=\"og:image:width\" content=\"2048\" \/>\n\t<meta property=\"og:image:height\" content=\"1367\" \/>\n\t<meta property=\"og:image:type\" content=\"image\/jpeg\" \/>\n<meta name=\"author\" content=\"Monika Piotrowska\" \/>\n<meta name=\"twitter:card\" content=\"summary_large_image\" \/>\n<meta name=\"twitter:label1\" content=\"Napisane przez\" \/>\n\t<meta name=\"twitter:data1\" content=\"Monika Piotrowska\" \/>\n\t<meta name=\"twitter:label2\" content=\"Szacowany czas czytania\" \/>\n\t<meta name=\"twitter:data2\" content=\"5 minut\" \/>\n<script type=\"application\/ld+json\" class=\"yoast-schema-graph\">{\"@context\":\"https:\\\/\\\/schema.org\",\"@graph\":[{\"@type\":\"Article\",\"@id\":\"https:\\\/\\\/centrumzaburzenodzywiania.pl\\\/strefaspecjalisty\\\/praca-z-cialem-w-zaburzeniach-odzywiania\\\/#article\",\"isPartOf\":{\"@id\":\"https:\\\/\\\/centrumzaburzenodzywiania.pl\\\/strefaspecjalisty\\\/praca-z-cialem-w-zaburzeniach-odzywiania\\\/\"},\"author\":{\"name\":\"Monika Piotrowska\",\"@id\":\"https:\\\/\\\/centrumzaburzenodzywiania.pl\\\/strefaspecjalisty\\\/#\\\/schema\\\/person\\\/4bb57bd5e4bd7d5f41cee36db68e8395\"},\"headline\":\"Praca z cia\u0142em w zaburzeniach od\u017cywiania.\",\"datePublished\":\"2021-02-26T14:01:33+00:00\",\"dateModified\":\"2026-01-14T04:36:46+00:00\",\"mainEntityOfPage\":{\"@id\":\"https:\\\/\\\/centrumzaburzenodzywiania.pl\\\/strefaspecjalisty\\\/praca-z-cialem-w-zaburzeniach-odzywiania\\\/\"},\"wordCount\":904,\"publisher\":{\"@id\":\"https:\\\/\\\/centrumzaburzenodzywiania.pl\\\/strefaspecjalisty\\\/#organization\"},\"image\":{\"@id\":\"https:\\\/\\\/centrumzaburzenodzywiania.pl\\\/strefaspecjalisty\\\/praca-z-cialem-w-zaburzeniach-odzywiania\\\/#primaryimage\"},\"thumbnailUrl\":\"https:\\\/\\\/centrumzaburzenodzywiania.pl\\\/strefaspecjalisty\\\/wp-content\\\/uploads\\\/2021\\\/02\\\/wpis10.jpg\",\"articleSection\":[\"Blog\"],\"inLanguage\":\"pl-PL\"},{\"@type\":\"WebPage\",\"@id\":\"https:\\\/\\\/centrumzaburzenodzywiania.pl\\\/strefaspecjalisty\\\/praca-z-cialem-w-zaburzeniach-odzywiania\\\/\",\"url\":\"https:\\\/\\\/centrumzaburzenodzywiania.pl\\\/strefaspecjalisty\\\/praca-z-cialem-w-zaburzeniach-odzywiania\\\/\",\"name\":\"Praca z cia\u0142em w zaburzeniach od\u017cywiania. - Strefa Specjalisty - Og\u00f3lnopolskie Centrum Zaburze\u0144 Od\u017cywiania\",\"isPartOf\":{\"@id\":\"https:\\\/\\\/centrumzaburzenodzywiania.pl\\\/strefaspecjalisty\\\/#website\"},\"primaryImageOfPage\":{\"@id\":\"https:\\\/\\\/centrumzaburzenodzywiania.pl\\\/strefaspecjalisty\\\/praca-z-cialem-w-zaburzeniach-odzywiania\\\/#primaryimage\"},\"image\":{\"@id\":\"https:\\\/\\\/centrumzaburzenodzywiania.pl\\\/strefaspecjalisty\\\/praca-z-cialem-w-zaburzeniach-odzywiania\\\/#primaryimage\"},\"thumbnailUrl\":\"https:\\\/\\\/centrumzaburzenodzywiania.pl\\\/strefaspecjalisty\\\/wp-content\\\/uploads\\\/2021\\\/02\\\/wpis10.jpg\",\"datePublished\":\"2021-02-26T14:01:33+00:00\",\"dateModified\":\"2026-01-14T04:36:46+00:00\",\"description\":\"Jak praca z cia\u0142em wp\u0142ywa na leczenie zaburze\u0144 od\u017cywiania? Jak wygl\u0105da i jak stosowa\u0107 j\u0105 w gabinecie? Przeczytaj artyku\u0142.\",\"breadcrumb\":{\"@id\":\"https:\\\/\\\/centrumzaburzenodzywiania.pl\\\/strefaspecjalisty\\\/praca-z-cialem-w-zaburzeniach-odzywiania\\\/#breadcrumb\"},\"inLanguage\":\"pl-PL\",\"potentialAction\":[{\"@type\":\"ReadAction\",\"target\":[\"https:\\\/\\\/centrumzaburzenodzywiania.pl\\\/strefaspecjalisty\\\/praca-z-cialem-w-zaburzeniach-odzywiania\\\/\"]}]},{\"@type\":\"ImageObject\",\"inLanguage\":\"pl-PL\",\"@id\":\"https:\\\/\\\/centrumzaburzenodzywiania.pl\\\/strefaspecjalisty\\\/praca-z-cialem-w-zaburzeniach-odzywiania\\\/#primaryimage\",\"url\":\"https:\\\/\\\/centrumzaburzenodzywiania.pl\\\/strefaspecjalisty\\\/wp-content\\\/uploads\\\/2021\\\/02\\\/wpis10.jpg\",\"contentUrl\":\"https:\\\/\\\/centrumzaburzenodzywiania.pl\\\/strefaspecjalisty\\\/wp-content\\\/uploads\\\/2021\\\/02\\\/wpis10.jpg\",\"width\":2048,\"height\":1367},{\"@type\":\"BreadcrumbList\",\"@id\":\"https:\\\/\\\/centrumzaburzenodzywiania.pl\\\/strefaspecjalisty\\\/praca-z-cialem-w-zaburzeniach-odzywiania\\\/#breadcrumb\",\"itemListElement\":[{\"@type\":\"ListItem\",\"position\":1,\"name\":\"Strona g\u0142\u00f3wna\",\"item\":\"https:\\\/\\\/centrumzaburzenodzywiania.pl\\\/strefaspecjalisty\\\/\"},{\"@type\":\"ListItem\",\"position\":2,\"name\":\"Praca z cia\u0142em w zaburzeniach od\u017cywiania.\"}]},{\"@type\":\"WebSite\",\"@id\":\"https:\\\/\\\/centrumzaburzenodzywiania.pl\\\/strefaspecjalisty\\\/#website\",\"url\":\"https:\\\/\\\/centrumzaburzenodzywiania.pl\\\/strefaspecjalisty\\\/\",\"name\":\"Strefa Specjalisty - Og\u00f3lnopolskie Centrum Zaburze\u0144 Od\u017cywiania\",\"description\":\"Strefa Specjalisty - Og\u00f3lnopolskie Centrum Zaburze\u0144 Od\u017cywiania\",\"publisher\":{\"@id\":\"https:\\\/\\\/centrumzaburzenodzywiania.pl\\\/strefaspecjalisty\\\/#organization\"},\"potentialAction\":[{\"@type\":\"SearchAction\",\"target\":{\"@type\":\"EntryPoint\",\"urlTemplate\":\"https:\\\/\\\/centrumzaburzenodzywiania.pl\\\/strefaspecjalisty\\\/?s={search_term_string}\"},\"query-input\":{\"@type\":\"PropertyValueSpecification\",\"valueRequired\":true,\"valueName\":\"search_term_string\"}}],\"inLanguage\":\"pl-PL\"},{\"@type\":\"Organization\",\"@id\":\"https:\\\/\\\/centrumzaburzenodzywiania.pl\\\/strefaspecjalisty\\\/#organization\",\"name\":\"Strefa Specjalisty - Og\u00f3lnopolskie Centrum Zaburze\u0144 Od\u017cywiania\",\"url\":\"https:\\\/\\\/centrumzaburzenodzywiania.pl\\\/strefaspecjalisty\\\/\",\"logo\":{\"@type\":\"ImageObject\",\"inLanguage\":\"pl-PL\",\"@id\":\"https:\\\/\\\/centrumzaburzenodzywiania.pl\\\/strefaspecjalisty\\\/#\\\/schema\\\/logo\\\/image\\\/\",\"url\":\"https:\\\/\\\/centrumzaburzenodzywiania.pl\\\/strefaspecjalisty\\\/wp-content\\\/uploads\\\/2025\\\/11\\\/logo.png\",\"contentUrl\":\"https:\\\/\\\/centrumzaburzenodzywiania.pl\\\/strefaspecjalisty\\\/wp-content\\\/uploads\\\/2025\\\/11\\\/logo.png\",\"width\":141,\"height\":54,\"caption\":\"Strefa Specjalisty - Og\u00f3lnopolskie Centrum Zaburze\u0144 Od\u017cywiania\"},\"image\":{\"@id\":\"https:\\\/\\\/centrumzaburzenodzywiania.pl\\\/strefaspecjalisty\\\/#\\\/schema\\\/logo\\\/image\\\/\"}},{\"@type\":\"Person\",\"@id\":\"https:\\\/\\\/centrumzaburzenodzywiania.pl\\\/strefaspecjalisty\\\/#\\\/schema\\\/person\\\/4bb57bd5e4bd7d5f41cee36db68e8395\",\"name\":\"Monika Piotrowska\",\"image\":{\"@type\":\"ImageObject\",\"inLanguage\":\"pl-PL\",\"@id\":\"https:\\\/\\\/secure.gravatar.com\\\/avatar\\\/f10ad2822576477d416c760a199900e38d61b307c4b95b8675199d3e39a811b3?s=96&d=mm&r=g\",\"url\":\"https:\\\/\\\/secure.gravatar.com\\\/avatar\\\/f10ad2822576477d416c760a199900e38d61b307c4b95b8675199d3e39a811b3?s=96&d=mm&r=g\",\"contentUrl\":\"https:\\\/\\\/secure.gravatar.com\\\/avatar\\\/f10ad2822576477d416c760a199900e38d61b307c4b95b8675199d3e39a811b3?s=96&d=mm&r=g\",\"caption\":\"Monika Piotrowska\"},\"url\":\"https:\\\/\\\/centrumzaburzenodzywiania.pl\\\/strefaspecjalisty\\\/author\\\/piotrowska1monikagmail-com\\\/\"}]}<\/script>\n<!-- \/ Yoast SEO plugin. -->","yoast_head_json":{"title":"Praca z cia\u0142em w zaburzeniach od\u017cywiania. - Strefa Specjalisty - Og\u00f3lnopolskie Centrum Zaburze\u0144 Od\u017cywiania","description":"Jak praca z cia\u0142em wp\u0142ywa na leczenie zaburze\u0144 od\u017cywiania? Jak wygl\u0105da i jak stosowa\u0107 j\u0105 w gabinecie? Przeczytaj artyku\u0142.","robots":{"index":"index","follow":"follow","max-snippet":"max-snippet:-1","max-image-preview":"max-image-preview:large","max-video-preview":"max-video-preview:-1"},"canonical":"https:\/\/centrumzaburzenodzywiania.pl\/strefaspecjalisty\/praca-z-cialem-w-zaburzeniach-odzywiania\/","og_locale":"pl_PL","og_type":"article","og_title":"Praca z cia\u0142em w zaburzeniach od\u017cywiania. - Strefa Specjalisty - Og\u00f3lnopolskie Centrum Zaburze\u0144 Od\u017cywiania","og_description":"Jak praca z cia\u0142em wp\u0142ywa na leczenie zaburze\u0144 od\u017cywiania? Jak wygl\u0105da i jak stosowa\u0107 j\u0105 w gabinecie? Przeczytaj artyku\u0142.","og_url":"https:\/\/centrumzaburzenodzywiania.pl\/strefaspecjalisty\/praca-z-cialem-w-zaburzeniach-odzywiania\/","og_site_name":"Strefa Specjalisty - Og\u00f3lnopolskie Centrum Zaburze\u0144 Od\u017cywiania","article_published_time":"2021-02-26T14:01:33+00:00","article_modified_time":"2026-01-14T04:36:46+00:00","og_image":[{"width":2048,"height":1367,"url":"https:\/\/centrumzaburzenodzywiania.pl\/strefaspecjalisty\/wp-content\/uploads\/2021\/02\/wpis10.jpg","type":"image\/jpeg"}],"author":"Monika Piotrowska","twitter_card":"summary_large_image","twitter_misc":{"Napisane przez":"Monika Piotrowska","Szacowany czas czytania":"5 minut"},"schema":{"@context":"https:\/\/schema.org","@graph":[{"@type":"Article","@id":"https:\/\/centrumzaburzenodzywiania.pl\/strefaspecjalisty\/praca-z-cialem-w-zaburzeniach-odzywiania\/#article","isPartOf":{"@id":"https:\/\/centrumzaburzenodzywiania.pl\/strefaspecjalisty\/praca-z-cialem-w-zaburzeniach-odzywiania\/"},"author":{"name":"Monika Piotrowska","@id":"https:\/\/centrumzaburzenodzywiania.pl\/strefaspecjalisty\/#\/schema\/person\/4bb57bd5e4bd7d5f41cee36db68e8395"},"headline":"Praca z cia\u0142em w zaburzeniach od\u017cywiania.","datePublished":"2021-02-26T14:01:33+00:00","dateModified":"2026-01-14T04:36:46+00:00","mainEntityOfPage":{"@id":"https:\/\/centrumzaburzenodzywiania.pl\/strefaspecjalisty\/praca-z-cialem-w-zaburzeniach-odzywiania\/"},"wordCount":904,"publisher":{"@id":"https:\/\/centrumzaburzenodzywiania.pl\/strefaspecjalisty\/#organization"},"image":{"@id":"https:\/\/centrumzaburzenodzywiania.pl\/strefaspecjalisty\/praca-z-cialem-w-zaburzeniach-odzywiania\/#primaryimage"},"thumbnailUrl":"https:\/\/centrumzaburzenodzywiania.pl\/strefaspecjalisty\/wp-content\/uploads\/2021\/02\/wpis10.jpg","articleSection":["Blog"],"inLanguage":"pl-PL"},{"@type":"WebPage","@id":"https:\/\/centrumzaburzenodzywiania.pl\/strefaspecjalisty\/praca-z-cialem-w-zaburzeniach-odzywiania\/","url":"https:\/\/centrumzaburzenodzywiania.pl\/strefaspecjalisty\/praca-z-cialem-w-zaburzeniach-odzywiania\/","name":"Praca z cia\u0142em w zaburzeniach od\u017cywiania. - Strefa Specjalisty - Og\u00f3lnopolskie Centrum Zaburze\u0144 Od\u017cywiania","isPartOf":{"@id":"https:\/\/centrumzaburzenodzywiania.pl\/strefaspecjalisty\/#website"},"primaryImageOfPage":{"@id":"https:\/\/centrumzaburzenodzywiania.pl\/strefaspecjalisty\/praca-z-cialem-w-zaburzeniach-odzywiania\/#primaryimage"},"image":{"@id":"https:\/\/centrumzaburzenodzywiania.pl\/strefaspecjalisty\/praca-z-cialem-w-zaburzeniach-odzywiania\/#primaryimage"},"thumbnailUrl":"https:\/\/centrumzaburzenodzywiania.pl\/strefaspecjalisty\/wp-content\/uploads\/2021\/02\/wpis10.jpg","datePublished":"2021-02-26T14:01:33+00:00","dateModified":"2026-01-14T04:36:46+00:00","description":"Jak praca z cia\u0142em wp\u0142ywa na leczenie zaburze\u0144 od\u017cywiania? Jak wygl\u0105da i jak stosowa\u0107 j\u0105 w gabinecie? Przeczytaj artyku\u0142.","breadcrumb":{"@id":"https:\/\/centrumzaburzenodzywiania.pl\/strefaspecjalisty\/praca-z-cialem-w-zaburzeniach-odzywiania\/#breadcrumb"},"inLanguage":"pl-PL","potentialAction":[{"@type":"ReadAction","target":["https:\/\/centrumzaburzenodzywiania.pl\/strefaspecjalisty\/praca-z-cialem-w-zaburzeniach-odzywiania\/"]}]},{"@type":"ImageObject","inLanguage":"pl-PL","@id":"https:\/\/centrumzaburzenodzywiania.pl\/strefaspecjalisty\/praca-z-cialem-w-zaburzeniach-odzywiania\/#primaryimage","url":"https:\/\/centrumzaburzenodzywiania.pl\/strefaspecjalisty\/wp-content\/uploads\/2021\/02\/wpis10.jpg","contentUrl":"https:\/\/centrumzaburzenodzywiania.pl\/strefaspecjalisty\/wp-content\/uploads\/2021\/02\/wpis10.jpg","width":2048,"height":1367},{"@type":"BreadcrumbList","@id":"https:\/\/centrumzaburzenodzywiania.pl\/strefaspecjalisty\/praca-z-cialem-w-zaburzeniach-odzywiania\/#breadcrumb","itemListElement":[{"@type":"ListItem","position":1,"name":"Strona g\u0142\u00f3wna","item":"https:\/\/centrumzaburzenodzywiania.pl\/strefaspecjalisty\/"},{"@type":"ListItem","position":2,"name":"Praca z cia\u0142em w zaburzeniach od\u017cywiania."}]},{"@type":"WebSite","@id":"https:\/\/centrumzaburzenodzywiania.pl\/strefaspecjalisty\/#website","url":"https:\/\/centrumzaburzenodzywiania.pl\/strefaspecjalisty\/","name":"Strefa Specjalisty - Og\u00f3lnopolskie Centrum Zaburze\u0144 Od\u017cywiania","description":"Strefa Specjalisty - Og\u00f3lnopolskie Centrum Zaburze\u0144 Od\u017cywiania","publisher":{"@id":"https:\/\/centrumzaburzenodzywiania.pl\/strefaspecjalisty\/#organization"},"potentialAction":[{"@type":"SearchAction","target":{"@type":"EntryPoint","urlTemplate":"https:\/\/centrumzaburzenodzywiania.pl\/strefaspecjalisty\/?s={search_term_string}"},"query-input":{"@type":"PropertyValueSpecification","valueRequired":true,"valueName":"search_term_string"}}],"inLanguage":"pl-PL"},{"@type":"Organization","@id":"https:\/\/centrumzaburzenodzywiania.pl\/strefaspecjalisty\/#organization","name":"Strefa Specjalisty - Og\u00f3lnopolskie Centrum Zaburze\u0144 Od\u017cywiania","url":"https:\/\/centrumzaburzenodzywiania.pl\/strefaspecjalisty\/","logo":{"@type":"ImageObject","inLanguage":"pl-PL","@id":"https:\/\/centrumzaburzenodzywiania.pl\/strefaspecjalisty\/#\/schema\/logo\/image\/","url":"https:\/\/centrumzaburzenodzywiania.pl\/strefaspecjalisty\/wp-content\/uploads\/2025\/11\/logo.png","contentUrl":"https:\/\/centrumzaburzenodzywiania.pl\/strefaspecjalisty\/wp-content\/uploads\/2025\/11\/logo.png","width":141,"height":54,"caption":"Strefa Specjalisty - Og\u00f3lnopolskie Centrum Zaburze\u0144 Od\u017cywiania"},"image":{"@id":"https:\/\/centrumzaburzenodzywiania.pl\/strefaspecjalisty\/#\/schema\/logo\/image\/"}},{"@type":"Person","@id":"https:\/\/centrumzaburzenodzywiania.pl\/strefaspecjalisty\/#\/schema\/person\/4bb57bd5e4bd7d5f41cee36db68e8395","name":"Monika Piotrowska","image":{"@type":"ImageObject","inLanguage":"pl-PL","@id":"https:\/\/secure.gravatar.com\/avatar\/f10ad2822576477d416c760a199900e38d61b307c4b95b8675199d3e39a811b3?s=96&d=mm&r=g","url":"https:\/\/secure.gravatar.com\/avatar\/f10ad2822576477d416c760a199900e38d61b307c4b95b8675199d3e39a811b3?s=96&d=mm&r=g","contentUrl":"https:\/\/secure.gravatar.com\/avatar\/f10ad2822576477d416c760a199900e38d61b307c4b95b8675199d3e39a811b3?s=96&d=mm&r=g","caption":"Monika Piotrowska"},"url":"https:\/\/centrumzaburzenodzywiania.pl\/strefaspecjalisty\/author\/piotrowska1monikagmail-com\/"}]}},"_links":{"self":[{"href":"https:\/\/centrumzaburzenodzywiania.pl\/strefaspecjalisty\/wp-json\/wp\/v2\/posts\/100","targetHints":{"allow":["GET"]}}],"collection":[{"href":"https:\/\/centrumzaburzenodzywiania.pl\/strefaspecjalisty\/wp-json\/wp\/v2\/posts"}],"about":[{"href":"https:\/\/centrumzaburzenodzywiania.pl\/strefaspecjalisty\/wp-json\/wp\/v2\/types\/post"}],"author":[{"embeddable":true,"href":"https:\/\/centrumzaburzenodzywiania.pl\/strefaspecjalisty\/wp-json\/wp\/v2\/users\/3"}],"replies":[{"embeddable":true,"href":"https:\/\/centrumzaburzenodzywiania.pl\/strefaspecjalisty\/wp-json\/wp\/v2\/comments?post=100"}],"version-history":[{"count":2,"href":"https:\/\/centrumzaburzenodzywiania.pl\/strefaspecjalisty\/wp-json\/wp\/v2\/posts\/100\/revisions"}],"predecessor-version":[{"id":3736,"href":"https:\/\/centrumzaburzenodzywiania.pl\/strefaspecjalisty\/wp-json\/wp\/v2\/posts\/100\/revisions\/3736"}],"wp:featuredmedia":[{"embeddable":true,"href":"https:\/\/centrumzaburzenodzywiania.pl\/strefaspecjalisty\/wp-json\/wp\/v2\/media\/101"}],"wp:attachment":[{"href":"https:\/\/centrumzaburzenodzywiania.pl\/strefaspecjalisty\/wp-json\/wp\/v2\/media?parent=100"}],"wp:term":[{"taxonomy":"category","embeddable":true,"href":"https:\/\/centrumzaburzenodzywiania.pl\/strefaspecjalisty\/wp-json\/wp\/v2\/categories?post=100"},{"taxonomy":"post_tag","embeddable":true,"href":"https:\/\/centrumzaburzenodzywiania.pl\/strefaspecjalisty\/wp-json\/wp\/v2\/tags?post=100"}],"curies":[{"name":"wp","href":"https:\/\/api.w.org\/{rel}","templated":true}]}}